{"id":61913,"date":"2015-09-11T09:29:11","date_gmt":"2015-09-11T12:29:11","guid":{"rendered":"http:\/\/www.eltrabajo.cl\/portal\/?p=61913"},"modified":"2015-09-11T09:29:11","modified_gmt":"2015-09-11T12:29:11","slug":"culmina-programa-centro-diurno-de-rehabilitacion-en-hospital-dr-philippe-pinel","status":"publish","type":"post","link":"https:\/\/eltrabajo.cl\/portal\/culmina-programa-centro-diurno-de-rehabilitacion-en-hospital-dr-philippe-pinel\/","title":{"rendered":"Culmina programa \u2018Centro Diurno de Rehabilitaci\u00f3n\u2019 en Hospital Dr. Philippe Pinel"},"content":{"rendered":"<figure id=\"attachment_61914\" aria-describedby=\"caption-attachment-61914\" style=\"width: 300px\" class=\"wp-caption alignleft\"><a href=\"https:\/\/i0.wp.com\/www.eltrabajo.cl\/portal\/wp-content\/uploads\/2015\/09\/Ceremonia-Cierre-Centro-Diurno-1.jpg\"><img data-recalc-dims=\"1\" loading=\"lazy\" decoding=\"async\" class=\"wp-image-61914 size-medium\" src=\"https:\/\/i0.wp.com\/www.eltrabajo.cl\/portal\/wp-content\/uploads\/2015\/09\/Ceremonia-Cierre-Centro-Diurno-1-300x197.jpg?resize=300%2C197\" alt=\"La ceremonia de cierre cont\u00f3 con la presencia de la directora Regional de Senadis, Marisol Torres, la Directora del Servicio de Salud Aconcagua, Dra. Vilma Olave, el Dr. Jaime Retamal, Director del Hospital Psiqui\u00e1trico de Putaendo.\" width=\"300\" height=\"197\" srcset=\"https:\/\/i0.wp.com\/eltrabajo.cl\/portal\/wp-content\/uploads\/2015\/09\/Ceremonia-Cierre-Centro-Diurno-1.jpg?resize=300%2C197&amp;ssl=1 300w, https:\/\/i0.wp.com\/eltrabajo.cl\/portal\/wp-content\/uploads\/2015\/09\/Ceremonia-Cierre-Centro-Diurno-1.jpg?resize=200%2C131&amp;ssl=1 200w, https:\/\/i0.wp.com\/eltrabajo.cl\/portal\/wp-content\/uploads\/2015\/09\/Ceremonia-Cierre-Centro-Diurno-1.jpg?resize=228%2C150&amp;ssl=1 228w, https:\/\/i0.wp.com\/eltrabajo.cl\/portal\/wp-content\/uploads\/2015\/09\/Ceremonia-Cierre-Centro-Diurno-1.jpg?resize=400%2C263&amp;ssl=1 400w, https:\/\/i0.wp.com\/eltrabajo.cl\/portal\/wp-content\/uploads\/2015\/09\/Ceremonia-Cierre-Centro-Diurno-1.jpg?w=530&amp;ssl=1 530w\" sizes=\"auto, (max-width: 300px) 100vw, 300px\" \/><\/a><figcaption id=\"caption-attachment-61914\" class=\"wp-caption-text\">La ceremonia de cierre cont\u00f3 con la presencia de la directora Regional de Senadis, Marisol Torres, la Directora del Servicio de Salud Aconcagua, Dra. Vilma Olave, el Dr. Jaime Retamal, Director del Hospital Psiqui\u00e1trico de Putaendo.<\/figcaption><\/figure>\n<ul>\n<li><strong>A iniciativa que se desarroll\u00f3 por segundo a\u00f1o consecutivo fortaleci\u00f3 la vinculaci\u00f3n de usuarios en la comunidad mediante la implementaci\u00f3n de diferentes talleres.<\/strong><\/li>\n<\/ul>\n<p>Felicidad es la palabra para describir el ambiente con el cual se dio por finalizado el programa \u2018Centro Diurno de Rehabilitaci\u00f3n\u2019 en una ceremonia efectuada en dependencias del Hospital Psiqui\u00e1trico Dr. Philippe Pinel de Putaendo, donde destacaron los importantes logros alcanzados por los m\u00e1s de 20 usuarios pertenecientes a esta iniciativa.<br \/>\nEl CDR es un programa financiado por el Servicio Nacional de la Discapacidad (Senadis) y ejecutado por el Hospital Psiqui\u00e1trico Dr. Philippe Pinel de Putaendo a trav\u00e9s de un equipo multidisciplinario de profesionales encabezados por el Psic\u00f3logo Andr\u00e9s Gatill\u00f3n Villalobos, con el objetivo de generar una instancia de rehabilitaci\u00f3n para usuarios en fase de compensaci\u00f3n de enfermedad mental severa o con problemas de salud mental residentes en la comuna de Putaendo, adem\u00e1s de favorecer la inclusi\u00f3n de usuarios por medio de actividades terap\u00e9uticas, desarrollar habilidades sociales, art\u00edsticas y laborales y promover su autonom\u00eda y empoderamiento.<br \/>\nPara poner t\u00e9rmino a este hermoso proceso iniciado en marzo de este a\u00f1o en dependencias de la Corporaci, se realiz\u00f3 un acto que cont\u00f3 con la presencia de la Directora Regional de Senadis, Marisol Torres, la Directora del Servicio de Salud Aconcagua, Dra. Vilma Olave, el Dr. Jaime Retamal, Director del Hospital Psiqui\u00e1trico de Putaendo, los concejales Sergio Zamora y Luis Sandoval, representantes del Codelo, jefes de servicio del Hospital y usuarios participantes del Centro Diurno acompa\u00f1ados del equipo de trabajo.<br \/>\nAndr\u00e9s Gatill\u00f3n, psic\u00f3logo encargado del CDR, expuso un detallado informe sobre los \u00e9xitos obtenidos por los usuarios, donde destacan la adquisici\u00f3n de habilidades art\u00edsticas, comunicacionales, de empoderamiento, reintegraci\u00f3n y vinculaci\u00f3n con la comunidad, relevando la realizaci\u00f3n del primer Festival de la Amistad y la Inclusi\u00f3n Social efectuado en la Plaza de Putaendo, el hermoso mural que los usuarios del Hospital pintaron en el Cuerpo de Bomberos de Putaendo y la creaci\u00f3n de la \u2018Radio Liberaci\u00f3n: La Voz de los sin Voz\u2019, medio de comunicaci\u00f3n de car\u00e1cter comunitario formado y conducido por los usuarios del Philippe Pinel y que fue transmitido por diferentes emisoras de Putaendo y la regi\u00f3n. El profesional adem\u00e1s agradeci\u00f3 el apoyo brindado por la Corporaci\u00f3n Cultural de Putaendo, a trav\u00e9s de su Presidente Sr. Patrick Vyvyan, quien facilit\u00f3 las dependencias de la instituci\u00f3n para el desarrollo del Centro Diurno.<br \/>\nDentro de esta exposici\u00f3n, sobresali\u00f3 el testimonio de una usuaria participante de Radio Liberaci\u00f3n, quien en emocionadas palabras dio a conocer su experiencia en este medio de comunicaci\u00f3n y lo que significa para el desarrollo de sus compa\u00f1eros, logrando encantar a todos los presentes.<br \/>\nMarisol Torres, Directora Regional de Senadis, asegur\u00f3 estar sorprendida por el rendimiento del Centro Diurno de Rehabilitaci\u00f3n de Putaendo, agregando que como instituci\u00f3n se sienten agradecidos al contribuir en el desarrollo de este proyecto \u201cporque sus resultados han sido de muy buena calidad y lo principal ha sido la participaci\u00f3n activa de los usuarios que se atienden en el Hospital Psiqui\u00e1trico de Putaendo que han conseguido emprender intervenciones en la comunidad, lo que es un factor sumamente relevante\u201d.<br \/>\nEn tanto, la Directora del Servicio de Salud Aconcagua, Dra. Vilma Olave, quien durante el desarrollo de la ceremonia se mostr\u00f3 conmovida por los resultados conseguidos por usuarios del CDR, declar\u00f3 que esta fue una experiencia bastante especial por el detalle con que se mostraron los avances del proyecto e hizo \u00e9nfasis en que instancias como el Centro Diurno de Rehabilitaci\u00f3n promueven a los usuarios como sujetos de derecho:\u201cla verdad es que cuando nos embarcamos en este tipo de proyectos que tienen que ver con el derecho de las personas en situaci\u00f3n de discapacidad mental, es muy distinto proyectarlo a ver que efectivamente en un corto tiempo se logran productos tan potentes\u201d sostuvo la profesional.<br \/>\nQuien tambi\u00e9n se mostr\u00f3 contento con los frutos del Centro Diurno de Rehabilitaci\u00f3n fue el Dr. Jaime Retamal, Director del Hospital Psiqui\u00e1trico Dr. Philippe Pinel de Putaendo, quien precis\u00f3 que es emocionante ver como el \u00e9xito de los usuarios ha cobrado vida y provocado un impacto importante en la comunidad \u201cy eso se logra a trav\u00e9s de la participaci\u00f3n, hoy nuestros usuarios han dado un gran ejemplo de reintegraci\u00f3n, inclusi\u00f3n social y una gran experiencia en salud mental\u201d concluy\u00f3 el m\u00e9dico psiquiatra.<br \/>\nRetamal agreg\u00f3 que la instituci\u00f3n de salud mental de la comuna de Putaendo ya se encuentra trabajando en la elaboraci\u00f3n de la propuesta para dar continuidad al Centro Diurno de Rehabilitaci\u00f3n, motivo por el cual valor\u00f3 el compromiso de los profesionales del Hospital que llevan adelante esta instancia de vinculaci\u00f3n y reintegraci\u00f3n con la comunidad.<br \/>\nAl finalizar, usuarias y usuarios del CDR entregaron a las autoridades presentes una copia de los programas de Radio Liberaci\u00f3n y un obsequio elaborado por ellos mismos durante los talleres art\u00edsticos, en un acto donde se complet\u00f3 este programa de rehabilitaci\u00f3n, mediante el cualdieron muestras claras de la cita \u201clas personas son diferentes en su vuelo, pero iguales en su derecho a volar\u201d.<\/p>\n","protected":false},"excerpt":{"rendered":"<p>A iniciativa que se desarroll\u00f3 por segundo a\u00f1o consecutivo fortaleci\u00f3 la vinculaci\u00f3n de usuarios en la comunidad mediante la implementaci\u00f3n de diferentes talleres. Felicidad es la palabra para describir el ambiente con&#8230;<\/p>\n","protected":false},"author":482,"featured_media":61914,"comment_status":"open","ping_status":"open","sticky":false,"template":"","format":"standard","meta":{"advanced_seo_description":"","jetpack_seo_html_title":"","jetpack_seo_noindex":false,"_jetpack_memberships_contains_paid_content":false,"footnotes":""},"categories":[1],"tags":[],"class_list":["post-61913","post","type-post","status-publish","format-standard","has-post-thumbnail","hentry","category-cronica"],"jetpack_featured_media_url":"https:\/\/i0.wp.com\/eltrabajo.cl\/portal\/wp-content\/uploads\/2015\/09\/Ceremonia-Cierre-Centro-Diurno-1.jpg?fit=530%2C348&ssl=1","jetpack_sharing_enabled":true,"jetpack_likes_enabled":true,"jetpack-related-posts":[],"_links":{"self":[{"href":"https:\/\/eltrabajo.cl\/portal\/wp-json\/wp\/v2\/posts\/61913","targetHints":{"allow":["GET"]}}],"collection":[{"href":"https:\/\/eltrabajo.cl\/portal\/wp-json\/wp\/v2\/posts"}],"about":[{"href":"https:\/\/eltrabajo.cl\/portal\/wp-json\/wp\/v2\/types\/post"}],"author":[{"embeddable":true,"href":"https:\/\/eltrabajo.cl\/portal\/wp-json\/wp\/v2\/users\/482"}],"replies":[{"embeddable":true,"href":"https:\/\/eltrabajo.cl\/portal\/wp-json\/wp\/v2\/comments?post=61913"}],"version-history":[{"count":0,"href":"https:\/\/eltrabajo.cl\/portal\/wp-json\/wp\/v2\/posts\/61913\/revisions"}],"wp:featuredmedia":[{"embeddable":true,"href":"https:\/\/eltrabajo.cl\/portal\/wp-json\/wp\/v2\/media\/61914"}],"wp:attachment":[{"href":"https:\/\/eltrabajo.cl\/portal\/wp-json\/wp\/v2\/media?parent=61913"}],"wp:term":[{"taxonomy":"category","embeddable":true,"href":"https:\/\/eltrabajo.cl\/portal\/wp-json\/wp\/v2\/categories?post=61913"},{"taxonomy":"post_tag","embeddable":true,"href":"https:\/\/eltrabajo.cl\/portal\/wp-json\/wp\/v2\/tags?post=61913"}],"curies":[{"name":"wp","href":"https:\/\/api.w.org\/{rel}","templated":true}]}}