{"id":61916,"date":"2015-09-11T09:38:06","date_gmt":"2015-09-11T12:38:06","guid":{"rendered":"http:\/\/www.eltrabajo.cl\/portal\/?p=61916"},"modified":"2015-09-11T09:38:06","modified_gmt":"2015-09-11T12:38:06","slug":"inician-campana-preventiva-sobre-consumo-de-alcohol-y-conduccion-vehicular","status":"publish","type":"post","link":"https:\/\/eltrabajo.cl\/portal\/inician-campana-preventiva-sobre-consumo-de-alcohol-y-conduccion-vehicular\/","title":{"rendered":"Inician campa\u00f1a preventiva sobre consumo de alcohol y conducci\u00f3n vehicular"},"content":{"rendered":"<figure id=\"attachment_61917\" aria-describedby=\"caption-attachment-61917\" style=\"width: 300px\" class=\"wp-caption alignleft\"><a href=\"https:\/\/i0.wp.com\/www.eltrabajo.cl\/portal\/wp-content\/uploads\/2015\/09\/ley-Emilia.jpg\"><img data-recalc-dims=\"1\" loading=\"lazy\" decoding=\"async\" class=\"wp-image-61917 size-medium\" src=\"https:\/\/i0.wp.com\/www.eltrabajo.cl\/portal\/wp-content\/uploads\/2015\/09\/ley-Emilia-300x197.jpg?resize=300%2C197\" alt=\"Benjam\u00edn Silva, Vicepresidente Ejecutivo de Fundaci\u00f3n Emilia y el gobernador Eduardo Le\u00f3n.\" width=\"300\" height=\"197\" srcset=\"https:\/\/i0.wp.com\/eltrabajo.cl\/portal\/wp-content\/uploads\/2015\/09\/ley-Emilia.jpg?resize=300%2C197&amp;ssl=1 300w, https:\/\/i0.wp.com\/eltrabajo.cl\/portal\/wp-content\/uploads\/2015\/09\/ley-Emilia.jpg?resize=200%2C131&amp;ssl=1 200w, https:\/\/i0.wp.com\/eltrabajo.cl\/portal\/wp-content\/uploads\/2015\/09\/ley-Emilia.jpg?resize=228%2C150&amp;ssl=1 228w, https:\/\/i0.wp.com\/eltrabajo.cl\/portal\/wp-content\/uploads\/2015\/09\/ley-Emilia.jpg?resize=400%2C263&amp;ssl=1 400w, https:\/\/i0.wp.com\/eltrabajo.cl\/portal\/wp-content\/uploads\/2015\/09\/ley-Emilia.jpg?w=530&amp;ssl=1 530w\" sizes=\"auto, (max-width: 300px) 100vw, 300px\" \/><\/a><figcaption id=\"caption-attachment-61917\" class=\"wp-caption-text\">Benjam\u00edn Silva, Vicepresidente Ejecutivo de Fundaci\u00f3n Emilia y el gobernador Eduardo Le\u00f3n.<\/figcaption><\/figure>\n<ul>\n<li><strong>Gobernaci\u00f3n, Fundaci\u00f3n Emilia y Carabineros invitan a la comunidad a unirse a esta campa\u00f1a para concientizar sobre los riesgos de la conducci\u00f3n en estado de ebriedad.<\/strong><\/li>\n<\/ul>\n<p>Con el objetivo de generar conciencia en la comunidad sobre los riesgos asociados a la conducci\u00f3n en estado de ebriedad, sobre todo cuando la celebraci\u00f3n de las fiestas patrias est\u00e1n a la vuelta de la esquina, es que la Gobernaci\u00f3n de San Felipe junto a Fundaci\u00f3n Emilia y Carabineros iniciaron una campa\u00f1a informativa que apunta a la responsabilidad de no utilizar el autom\u00f3vil al momento de consumir alcohol.<br \/>\nFue durante la ma\u00f1ana de este jueves, que la m\u00e1xima autoridad provincial recibi\u00f3 en dependencias de la Gobernaci\u00f3n a Benjam\u00edn Silva, Vicepresidente Ejecutivo de la instituci\u00f3n y el Coronel Carabineros Marcelo Dur\u00e1n.<br \/>\nEl llamado consiste en que la gente descargue desde la p\u00e1gina de la fundaci\u00f3n (http:\/\/ www.fundacionemilia.cl) un cartel con la frase \u201calcohol y conducci\u00f3n no combinan para este 18. #Noteencierres\u201d, y fotografiarse con \u00e9l, para posteriormente compartir en las redes sociales. La intenci\u00f3n es que m\u00e1s personas lo repliquen y as\u00ed lograr tomar conciencia sobre esta situaci\u00f3n.<br \/>\nEn este sentido, el Gobernador Eduardo Le\u00f3n se\u00f1al\u00f3 que \u201chacemos un llamado a ser responsables, a pasarlo bien pero va a ficalizaci\u00f3n fuerte de Carabineros. Por lo tanto, lo que esperamos que todos nos cuidemos y cuidemos al resto. Yo creo que si entre todos nos cuidamos, esto puede mejorar\u201d, finaliz\u00f3.<br \/>\nEn tanto, Benjam\u00edn Silva, Vicepresidente de la Fundaci\u00f3n Emilia y padre de la menor, destac\u00f3 que buscan promover el consumo responsable de alcohol. \u201cSi usted va a beber, no maneje. Evitemos dolor y tragedias, evitemos situaciones terribles. Por lo que queremos que este cartel lo viralicen en las redes sociales y que despu\u00e9s lo comenten con los amigos. Salvemos vidas\u201d.<br \/>\nEn tanto, desde Carabineros aseguraron que habr\u00e1 mayores fiscalizaciones durante esta celebraci\u00f3n. \u201cNosotros incrementaremos las fiscalizaciones a partir de la pr\u00f3xima semana tanto de noche como de d\u00eda, de manera itinerante y no s\u00f3lo en las comunas de San Felipe y Los Andes, sino que en todas las comunas. Por lo que llamamos a la comunidad a tener paciencia, que esto es por el bien de todos\u201d, se\u00f1al\u00f3 el Coronel Marcelo Dur\u00e1n.<br \/>\nFinalmente, las autoridades recordaron al comunicador aconcag\u00fcino, Javier Mu\u00f1oz, que lamentablemente perdi\u00f3 la vida tras ser colisionado por un conductor en estado de ebriedad.<\/p>\n","protected":false},"excerpt":{"rendered":"<p>Gobernaci\u00f3n, Fundaci\u00f3n Emilia y Carabineros invitan a la comunidad a unirse a esta campa\u00f1a para concientizar sobre los riesgos de la conducci\u00f3n en estado de ebriedad. Con el objetivo de generar conciencia&#8230;<\/p>\n","protected":false},"author":482,"featured_media":61917,"comment_status":"open","ping_status":"open","sticky":false,"template":"","format":"standard","meta":{"advanced_seo_description":"","jetpack_seo_html_title":"","jetpack_seo_noindex":false,"_jetpack_memberships_contains_paid_content":false,"footnotes":""},"categories":[1],"tags":[],"class_list":["post-61916","post","type-post","status-publish","format-standard","has-post-thumbnail","hentry","category-cronica"],"jetpack_featured_media_url":"https:\/\/i0.wp.com\/eltrabajo.cl\/portal\/wp-content\/uploads\/2015\/09\/ley-Emilia.jpg?fit=530%2C348&ssl=1","jetpack_sharing_enabled":true,"jetpack_likes_enabled":true,"jetpack-related-posts":[],"_links":{"self":[{"href":"https:\/\/eltrabajo.cl\/portal\/wp-json\/wp\/v2\/posts\/61916","targetHints":{"allow":["GET"]}}],"collection":[{"href":"https:\/\/eltrabajo.cl\/portal\/wp-json\/wp\/v2\/posts"}],"about":[{"href":"https:\/\/eltrabajo.cl\/portal\/wp-json\/wp\/v2\/types\/post"}],"author":[{"embeddable":true,"href":"https:\/\/eltrabajo.cl\/portal\/wp-json\/wp\/v2\/users\/482"}],"replies":[{"embeddable":true,"href":"https:\/\/eltrabajo.cl\/portal\/wp-json\/wp\/v2\/comments?post=61916"}],"version-history":[{"count":0,"href":"https:\/\/eltrabajo.cl\/portal\/wp-json\/wp\/v2\/posts\/61916\/revisions"}],"wp:featuredmedia":[{"embeddable":true,"href":"https:\/\/eltrabajo.cl\/portal\/wp-json\/wp\/v2\/media\/61917"}],"wp:attachment":[{"href":"https:\/\/eltrabajo.cl\/portal\/wp-json\/wp\/v2\/media?parent=61916"}],"wp:term":[{"taxonomy":"category","embeddable":true,"href":"https:\/\/eltrabajo.cl\/portal\/wp-json\/wp\/v2\/categories?post=61916"},{"taxonomy":"post_tag","embeddable":true,"href":"https:\/\/eltrabajo.cl\/portal\/wp-json\/wp\/v2\/tags?post=61916"}],"curies":[{"name":"wp","href":"https:\/\/api.w.org\/{rel}","templated":true}]}}