{"id":61920,"date":"2015-09-11T09:41:17","date_gmt":"2015-09-11T12:41:17","guid":{"rendered":"http:\/\/www.eltrabajo.cl\/portal\/?p=61920"},"modified":"2015-09-11T09:41:17","modified_gmt":"2015-09-11T12:41:17","slug":"gendarmeria-efectuo-allanamientos-preventivos-ante-celebraciones-de-fiestas-patrias","status":"publish","type":"post","link":"https:\/\/eltrabajo.cl\/portal\/gendarmeria-efectuo-allanamientos-preventivos-ante-celebraciones-de-fiestas-patrias\/","title":{"rendered":"Gendarmer\u00eda efectu\u00f3 allanamientos preventivos ante celebraciones de Fiestas Patrias"},"content":{"rendered":"<figure id=\"attachment_61921\" aria-describedby=\"caption-attachment-61921\" style=\"width: 300px\" class=\"wp-caption alignleft\"><a href=\"https:\/\/i0.wp.com\/www.eltrabajo.cl\/portal\/wp-content\/uploads\/2015\/09\/ALLANAMIENTO-SAN-FELIPE-2.jpg\"><img data-recalc-dims=\"1\" loading=\"lazy\" decoding=\"async\" class=\"wp-image-61921 size-medium\" src=\"https:\/\/i0.wp.com\/www.eltrabajo.cl\/portal\/wp-content\/uploads\/2015\/09\/ALLANAMIENTO-SAN-FELIPE-2-300x197.jpg?resize=300%2C197\" alt=\"En los operativos efectuados se decomis\u00f3 m\u00e1s de tres decenas de tel\u00e9fonos celulares, marihuana, licor y armas cortopunzantes de fabricaci\u00f3n artesanal y cargadores de celulares. \" width=\"300\" height=\"197\" srcset=\"https:\/\/i0.wp.com\/eltrabajo.cl\/portal\/wp-content\/uploads\/2015\/09\/ALLANAMIENTO-SAN-FELIPE-2.jpg?resize=300%2C197&amp;ssl=1 300w, https:\/\/i0.wp.com\/eltrabajo.cl\/portal\/wp-content\/uploads\/2015\/09\/ALLANAMIENTO-SAN-FELIPE-2.jpg?resize=200%2C131&amp;ssl=1 200w, https:\/\/i0.wp.com\/eltrabajo.cl\/portal\/wp-content\/uploads\/2015\/09\/ALLANAMIENTO-SAN-FELIPE-2.jpg?resize=228%2C150&amp;ssl=1 228w, https:\/\/i0.wp.com\/eltrabajo.cl\/portal\/wp-content\/uploads\/2015\/09\/ALLANAMIENTO-SAN-FELIPE-2.jpg?resize=400%2C263&amp;ssl=1 400w, https:\/\/i0.wp.com\/eltrabajo.cl\/portal\/wp-content\/uploads\/2015\/09\/ALLANAMIENTO-SAN-FELIPE-2.jpg?w=530&amp;ssl=1 530w\" sizes=\"auto, (max-width: 300px) 100vw, 300px\" \/><\/a><figcaption id=\"caption-attachment-61921\" class=\"wp-caption-text\">En los operativos efectuados se decomis\u00f3 m\u00e1s de tres decenas de tel\u00e9fonos celulares, marihuana, licor y armas cortopunzantes de fabricaci\u00f3n artesanal y cargadores de celulares.<\/figcaption><\/figure>\n<ul>\n<li><strong>En c\u00e1rceles de Aconcagua se decomisaron tel\u00e9fonos celulares, droga, licor artesanal y cargadores.<\/strong><\/li>\n<\/ul>\n<p>En las unidades de San Felipe y Los andes comenzaron, este mi\u00e9rcoles, los registros de allanamiento que efect\u00faa Gendarmer\u00eda previo a las celebraciones de Fiestas Patrias. Pasadas las 19:00 horas, unidades especiales y efectivos del Centro de Cumplimiento Penitenciario de Los Andes, ingresaron a la unidad para proceder a revisar las dependencias de la poblaci\u00f3n penal.<br \/>\nEn el recinto andino se allanaron tanto dependencias de imputados como condenados, espec\u00edficamente los dormitorios dos y cinco, los que albergaban en ese momento a 69 y 51 personas respectivamente.<br \/>\nEn cuanto al resultado del procedimiento el jefe de la unidad andina, comandante Walter Mu\u00f1oz, sostuvo que: \u201cEra el esperado. Fue efectivo, ya que se encontraron bastantes elementos prohibidos. Son registros preventivos antes de las Fiestas Patrias para mantener el orden dentro de la poblaci\u00f3n\u201d.<br \/>\nUna vez culminada la labor en Los Andes, el personal de las unidades especiales se traslad\u00f3 hasta el centro penitenciario de San Felipe, donde se repiti\u00f3 la labor, esta vez en los dormitorios siete y diez.<\/p>\n<figure id=\"attachment_61922\" aria-describedby=\"caption-attachment-61922\" style=\"width: 300px\" class=\"wp-caption alignright\"><a href=\"https:\/\/i0.wp.com\/www.eltrabajo.cl\/portal\/wp-content\/uploads\/2015\/09\/ALLANAMIENTO-LOS-ANDES-2.jpg\"><img data-recalc-dims=\"1\" loading=\"lazy\" decoding=\"async\" class=\"wp-image-61922 size-medium\" src=\"https:\/\/i0.wp.com\/www.eltrabajo.cl\/portal\/wp-content\/uploads\/2015\/09\/ALLANAMIENTO-LOS-ANDES-2-300x198.jpg?resize=300%2C198\" alt=\"En la c\u00e1rcel de Los Andes, los allanamientos se centraron espec\u00edficamente los dormitorios dos y cinco, los que albergaban a 120 personas.\" width=\"300\" height=\"198\" srcset=\"https:\/\/i0.wp.com\/eltrabajo.cl\/portal\/wp-content\/uploads\/2015\/09\/ALLANAMIENTO-LOS-ANDES-2.jpg?resize=300%2C198&amp;ssl=1 300w, https:\/\/i0.wp.com\/eltrabajo.cl\/portal\/wp-content\/uploads\/2015\/09\/ALLANAMIENTO-LOS-ANDES-2.jpg?resize=200%2C132&amp;ssl=1 200w, https:\/\/i0.wp.com\/eltrabajo.cl\/portal\/wp-content\/uploads\/2015\/09\/ALLANAMIENTO-LOS-ANDES-2.jpg?resize=227%2C150&amp;ssl=1 227w, https:\/\/i0.wp.com\/eltrabajo.cl\/portal\/wp-content\/uploads\/2015\/09\/ALLANAMIENTO-LOS-ANDES-2.jpg?resize=400%2C264&amp;ssl=1 400w, https:\/\/i0.wp.com\/eltrabajo.cl\/portal\/wp-content\/uploads\/2015\/09\/ALLANAMIENTO-LOS-ANDES-2.jpg?w=530&amp;ssl=1 530w\" sizes=\"auto, (max-width: 300px) 100vw, 300px\" \/><\/a><figcaption id=\"caption-attachment-61922\" class=\"wp-caption-text\">En la c\u00e1rcel de Los Andes, los allanamientos se centraron espec\u00edficamente los dormitorios dos y cinco, los que albergaban a 120 personas.<\/figcaption><\/figure>\n<p>El jefe de la unidad, capit\u00e1n Cristian Valdez, expres\u00f3 que: \u201cFrente a estas Fiestas Patrias todos buscan celebrar de alguna u otra manera y la poblaci\u00f3n penal no es ajena a aquello. Por lo tanto, buscan aumentar el consumo de alcohol y algunos psicotr\u00f3picos y este tipo de eventos, principalmente, va focalizado a disminuir aquellas variables que afectan el normal funcionamiento del penal\u201d.<br \/>\nAmbas autoridades de Gendarmer\u00eda coincidieron en destacar el correcto actuar de los funcionarios involucrados y el respeto irrestricto de los derechos humanos.<br \/>\nEn total se lograron decomisar m\u00e1s de tres decenas de tel\u00e9fonos celulares, marihuana, licor y armas cortopunzantes de fabricaci\u00f3n artesanal, cargadores de celulares, entre otros implementos prohibidos.<br \/>\nEn los pr\u00f3ximos d\u00edas estos procedimientos se repetir\u00e1n en los restantes centros penales de la regi\u00f3n.<\/p>\n","protected":false},"excerpt":{"rendered":"<p>En c\u00e1rceles de Aconcagua se decomisaron tel\u00e9fonos celulares, droga, licor artesanal y cargadores. En las unidades de San Felipe y Los andes comenzaron, este mi\u00e9rcoles, los registros de allanamiento que efect\u00faa Gendarmer\u00eda&#8230;<\/p>\n","protected":false},"author":482,"featured_media":61921,"comment_status":"open","ping_status":"open","sticky":false,"template":"","format":"standard","meta":{"advanced_seo_description":"","jetpack_seo_html_title":"","jetpack_seo_noindex":false,"_jetpack_memberships_contains_paid_content":false,"footnotes":""},"categories":[21],"tags":[],"class_list":["post-61920","post","type-post","status-publish","format-standard","has-post-thumbnail","hentry","category-policial"],"jetpack_featured_media_url":"https:\/\/i0.wp.com\/eltrabajo.cl\/portal\/wp-content\/uploads\/2015\/09\/ALLANAMIENTO-SAN-FELIPE-2.jpg?fit=530%2C348&ssl=1","jetpack_sharing_enabled":true,"jetpack_likes_enabled":true,"jetpack-related-posts":[],"_links":{"self":[{"href":"https:\/\/eltrabajo.cl\/portal\/wp-json\/wp\/v2\/posts\/61920","targetHints":{"allow":["GET"]}}],"collection":[{"href":"https:\/\/eltrabajo.cl\/portal\/wp-json\/wp\/v2\/posts"}],"about":[{"href":"https:\/\/eltrabajo.cl\/portal\/wp-json\/wp\/v2\/types\/post"}],"author":[{"embeddable":true,"href":"https:\/\/eltrabajo.cl\/portal\/wp-json\/wp\/v2\/users\/482"}],"replies":[{"embeddable":true,"href":"https:\/\/eltrabajo.cl\/portal\/wp-json\/wp\/v2\/comments?post=61920"}],"version-history":[{"count":0,"href":"https:\/\/eltrabajo.cl\/portal\/wp-json\/wp\/v2\/posts\/61920\/revisions"}],"wp:featuredmedia":[{"embeddable":true,"href":"https:\/\/eltrabajo.cl\/portal\/wp-json\/wp\/v2\/media\/61921"}],"wp:attachment":[{"href":"https:\/\/eltrabajo.cl\/portal\/wp-json\/wp\/v2\/media?parent=61920"}],"wp:term":[{"taxonomy":"category","embeddable":true,"href":"https:\/\/eltrabajo.cl\/portal\/wp-json\/wp\/v2\/categories?post=61920"},{"taxonomy":"post_tag","embeddable":true,"href":"https:\/\/eltrabajo.cl\/portal\/wp-json\/wp\/v2\/tags?post=61920"}],"curies":[{"name":"wp","href":"https:\/\/api.w.org\/{rel}","templated":true}]}}