{"id":61928,"date":"2015-09-11T09:44:42","date_gmt":"2015-09-11T12:44:42","guid":{"rendered":"http:\/\/www.eltrabajo.cl\/portal\/?p=61928"},"modified":"2015-09-11T09:44:42","modified_gmt":"2015-09-11T12:44:42","slug":"carabineros-redobla-servicios-policiales-para-aumentar-sensacion-de-seguridad","status":"publish","type":"post","link":"https:\/\/eltrabajo.cl\/portal\/carabineros-redobla-servicios-policiales-para-aumentar-sensacion-de-seguridad\/","title":{"rendered":"Carabineros redobla servicios policiales para aumentar sensaci\u00f3n de seguridad"},"content":{"rendered":"<figure id=\"attachment_61929\" aria-describedby=\"caption-attachment-61929\" style=\"width: 300px\" class=\"wp-caption alignleft\"><a href=\"https:\/\/i0.wp.com\/www.eltrabajo.cl\/portal\/wp-content\/uploads\/2015\/09\/RONDA-POLICIAL.jpg\"><img data-recalc-dims=\"1\" loading=\"lazy\" decoding=\"async\" class=\"wp-image-61929 size-medium\" src=\"https:\/\/i0.wp.com\/www.eltrabajo.cl\/portal\/wp-content\/uploads\/2015\/09\/RONDA-POLICIAL-300x198.jpg?resize=300%2C198\" alt=\" Los servicios extraordinarios de Carabineros se desplegaron durante la tarde y noche del pasado mi\u00e9rcoles en toda la provincia de San Felipe al mando de la Comisario Maureen Espinoza.\" width=\"300\" height=\"198\" srcset=\"https:\/\/i0.wp.com\/eltrabajo.cl\/portal\/wp-content\/uploads\/2015\/09\/RONDA-POLICIAL.jpg?resize=300%2C198&amp;ssl=1 300w, https:\/\/i0.wp.com\/eltrabajo.cl\/portal\/wp-content\/uploads\/2015\/09\/RONDA-POLICIAL.jpg?resize=200%2C132&amp;ssl=1 200w, https:\/\/i0.wp.com\/eltrabajo.cl\/portal\/wp-content\/uploads\/2015\/09\/RONDA-POLICIAL.jpg?resize=228%2C150&amp;ssl=1 228w, https:\/\/i0.wp.com\/eltrabajo.cl\/portal\/wp-content\/uploads\/2015\/09\/RONDA-POLICIAL.jpg?resize=400%2C263&amp;ssl=1 400w, https:\/\/i0.wp.com\/eltrabajo.cl\/portal\/wp-content\/uploads\/2015\/09\/RONDA-POLICIAL.jpg?w=530&amp;ssl=1 530w\" sizes=\"auto, (max-width: 300px) 100vw, 300px\" \/><\/a><figcaption id=\"caption-attachment-61929\" class=\"wp-caption-text\">Los servicios extraordinarios de Carabineros se desplegaron durante la tarde y noche del pasado mi\u00e9rcoles en toda la provincia de San Felipe al mando de la Comisario Maureen Espinoza.<\/figcaption><\/figure>\n<ul>\n<li><strong>Se cursaron infracciones a la Ley de Tr\u00e1nsito, controles de identidad y vehiculares durante la noche del pasado mi\u00e9rcoles al mando de la Comisario de Carabineros, Mayor Maureen Espinoza.<\/strong><\/li>\n<\/ul>\n<p>En servicios extraordinarios desplegados por Carabineros durante el d\u00eda mi\u00e9rcoles, con el objetivo de aumentar la sensaci\u00f3n de seguridad en toda la provincia de San Felipe, efectivos policiales realizaron controles de tr\u00e1nsito y de identidad, cursando infracciones a la Ley de Tr\u00e1nsito, adem\u00e1s de dos personas detenidas, entre ellos un adolescente, por mantener vigente una orden de detenci\u00f3n pendiente.<br \/>\nEstos servicios encabezados por la Comisario de Carabineros, Mayor Maureen Espinoza, en su compromiso adquirido por el resguardo de los ciudadanos, redobl\u00f3 los patrullajes para mantener mayor presencia policial en las calles de las cinco comunas de la provincia de San Felipe.<\/p>\n<figure id=\"attachment_61930\" aria-describedby=\"caption-attachment-61930\" style=\"width: 300px\" class=\"wp-caption alignright\"><a href=\"https:\/\/i0.wp.com\/www.eltrabajo.cl\/portal\/wp-content\/uploads\/2015\/09\/Cristian-Lopez-Caneo.jpg\"><img data-recalc-dims=\"1\" loading=\"lazy\" decoding=\"async\" class=\"wp-image-61930 size-medium\" src=\"https:\/\/i0.wp.com\/www.eltrabajo.cl\/portal\/wp-content\/uploads\/2015\/09\/Cristian-Lopez-Caneo-300x198.jpg?resize=300%2C198\" alt=\" El imputado Cristi\u00e1n L\u00f3pez Caneo fue detenido por Carabineros. Permanec\u00eda pr\u00f3fugo de la justicia por el delito de robo en bienes nacionales y de uso p\u00fablico cometido en San Felipe. \" width=\"300\" height=\"198\" srcset=\"https:\/\/i0.wp.com\/eltrabajo.cl\/portal\/wp-content\/uploads\/2015\/09\/Cristian-Lopez-Caneo.jpg?resize=300%2C198&amp;ssl=1 300w, https:\/\/i0.wp.com\/eltrabajo.cl\/portal\/wp-content\/uploads\/2015\/09\/Cristian-Lopez-Caneo.jpg?resize=200%2C132&amp;ssl=1 200w, https:\/\/i0.wp.com\/eltrabajo.cl\/portal\/wp-content\/uploads\/2015\/09\/Cristian-Lopez-Caneo.jpg?resize=228%2C150&amp;ssl=1 228w, https:\/\/i0.wp.com\/eltrabajo.cl\/portal\/wp-content\/uploads\/2015\/09\/Cristian-Lopez-Caneo.jpg?resize=400%2C263&amp;ssl=1 400w, https:\/\/i0.wp.com\/eltrabajo.cl\/portal\/wp-content\/uploads\/2015\/09\/Cristian-Lopez-Caneo.jpg?w=530&amp;ssl=1 530w\" sizes=\"auto, (max-width: 300px) 100vw, 300px\" \/><\/a><figcaption id=\"caption-attachment-61930\" class=\"wp-caption-text\">El imputado Cristi\u00e1n L\u00f3pez Caneo fue detenido por Carabineros. Permanec\u00eda pr\u00f3fugo de la justicia por el delito de robo en bienes nacionales y de uso p\u00fablico cometido en San Felipe.<\/figcaption><\/figure>\n<p>En estos procedimientos participaron adem\u00e1s cinco oficiales policiales a cargo de 22 funcionarios de Carabineros en nueve patrullas adicionales al plan cuadrante, cubriendo diversos puntos de las comunas, a partir de un an\u00e1lisis georeferenciado en las comunas de Llay Llay, Panquehue, San Felipe y en sectores espec\u00edficos de Curim\u00f3n.<br \/>\nEn el detalle de los resultados policiales, se cursaron 7 infracciones a la Ley de Tr\u00e1nsito, 154 controles de identidad, 105 controles vehiculares, 31 controles con intoxilyzer y 4 infracciones a locales que expenden bebidas alcoh\u00f3licas.<br \/>\nA ra\u00edz de estos controles extraordinarios se detuvo dos personas que consum\u00edan alcohol en la v\u00eda p\u00fablica, uno en estado de ebriedad, uno detenido por porte de arma blanca, uno por microtr\u00e1fico y dos por mantener orden de aprehensi\u00f3n vigente, uno de ellos un menor de edad y el segundo identificado como Cristian Michael L\u00f3pez Caneo, a quien se le acusa del delito de robo en bienes nacionales y de uso p\u00fablico, quedando a disposici\u00f3n de la Fiscal\u00eda.<br \/>\nPor su parte la Mayor de Carabineros, Maureen Espinoza, destac\u00f3 estos procedimientos extraordinarios policiales a\u00f1adiendo que \u00abcon la finalidad de otorgar tranquilidad y renovar la confianza de la comunidad en Carabineros de Chile, se realiz\u00f3 un importante esfuerzo para redoblar nuestra presencia en las calles de la provincia de San Felipe\u00bb.<br \/>\n<strong>Pablo Salinas Sald\u00edas<\/strong><\/p>\n","protected":false},"excerpt":{"rendered":"<p>Se cursaron infracciones a la Ley de Tr\u00e1nsito, controles de identidad y vehiculares durante la noche del pasado mi\u00e9rcoles al mando de la Comisario de Carabineros, Mayor Maureen Espinoza. En servicios extraordinarios&#8230;<\/p>\n","protected":false},"author":482,"featured_media":61929,"comment_status":"open","ping_status":"open","sticky":false,"template":"","format":"standard","meta":{"advanced_seo_description":"","jetpack_seo_html_title":"","jetpack_seo_noindex":false,"_jetpack_memberships_contains_paid_content":false,"footnotes":""},"categories":[21],"tags":[],"class_list":["post-61928","post","type-post","status-publish","format-standard","has-post-thumbnail","hentry","category-policial"],"jetpack_featured_media_url":"https:\/\/i0.wp.com\/eltrabajo.cl\/portal\/wp-content\/uploads\/2015\/09\/RONDA-POLICIAL.jpg?fit=530%2C349&ssl=1","jetpack_sharing_enabled":true,"jetpack_likes_enabled":true,"jetpack-related-posts":[],"_links":{"self":[{"href":"https:\/\/eltrabajo.cl\/portal\/wp-json\/wp\/v2\/posts\/61928","targetHints":{"allow":["GET"]}}],"collection":[{"href":"https:\/\/eltrabajo.cl\/portal\/wp-json\/wp\/v2\/posts"}],"about":[{"href":"https:\/\/eltrabajo.cl\/portal\/wp-json\/wp\/v2\/types\/post"}],"author":[{"embeddable":true,"href":"https:\/\/eltrabajo.cl\/portal\/wp-json\/wp\/v2\/users\/482"}],"replies":[{"embeddable":true,"href":"https:\/\/eltrabajo.cl\/portal\/wp-json\/wp\/v2\/comments?post=61928"}],"version-history":[{"count":0,"href":"https:\/\/eltrabajo.cl\/portal\/wp-json\/wp\/v2\/posts\/61928\/revisions"}],"wp:featuredmedia":[{"embeddable":true,"href":"https:\/\/eltrabajo.cl\/portal\/wp-json\/wp\/v2\/media\/61929"}],"wp:attachment":[{"href":"https:\/\/eltrabajo.cl\/portal\/wp-json\/wp\/v2\/media?parent=61928"}],"wp:term":[{"taxonomy":"category","embeddable":true,"href":"https:\/\/eltrabajo.cl\/portal\/wp-json\/wp\/v2\/categories?post=61928"},{"taxonomy":"post_tag","embeddable":true,"href":"https:\/\/eltrabajo.cl\/portal\/wp-json\/wp\/v2\/tags?post=61928"}],"curies":[{"name":"wp","href":"https:\/\/api.w.org\/{rel}","templated":true}]}}