{"id":61935,"date":"2015-09-11T09:49:55","date_gmt":"2015-09-11T12:49:55","guid":{"rendered":"http:\/\/www.eltrabajo.cl\/portal\/?p=61935"},"modified":"2015-09-11T09:49:55","modified_gmt":"2015-09-11T12:49:55","slug":"por-una-decada-en-la-carcel-permanecera-delincuente-que-asalto-a-cuatro-victimas-a-mano-armada","status":"publish","type":"post","link":"https:\/\/eltrabajo.cl\/portal\/por-una-decada-en-la-carcel-permanecera-delincuente-que-asalto-a-cuatro-victimas-a-mano-armada\/","title":{"rendered":"Por una d\u00e9cada en la c\u00e1rcel permanecer\u00e1 delincuente que asalt\u00f3 a cuatro v\u00edctimas a mano armada"},"content":{"rendered":"<figure id=\"attachment_61936\" aria-describedby=\"caption-attachment-61936\" style=\"width: 300px\" class=\"wp-caption alignleft\"><a href=\"https:\/\/i0.wp.com\/www.eltrabajo.cl\/portal\/wp-content\/uploads\/2015\/09\/Manuel-Cataldo-Varas.jpg\"><img data-recalc-dims=\"1\" loading=\"lazy\" decoding=\"async\" class=\"wp-image-61936 size-medium\" src=\"https:\/\/i0.wp.com\/www.eltrabajo.cl\/portal\/wp-content\/uploads\/2015\/09\/Manuel-Cataldo-Varas-300x198.jpg?resize=300%2C198\" alt=\"El delincuente de 52 a\u00f1os de edad deber\u00e1 pagar con c\u00e1rcel por un plazo de 10 a\u00f1os y un d\u00eda por dos delitos de robo con intimidaci\u00f3n perpetrados en la comuna de San Felipe.\" width=\"300\" height=\"198\" srcset=\"https:\/\/i0.wp.com\/eltrabajo.cl\/portal\/wp-content\/uploads\/2015\/09\/Manuel-Cataldo-Varas.jpg?resize=300%2C198&amp;ssl=1 300w, https:\/\/i0.wp.com\/eltrabajo.cl\/portal\/wp-content\/uploads\/2015\/09\/Manuel-Cataldo-Varas.jpg?resize=200%2C132&amp;ssl=1 200w, https:\/\/i0.wp.com\/eltrabajo.cl\/portal\/wp-content\/uploads\/2015\/09\/Manuel-Cataldo-Varas.jpg?resize=228%2C150&amp;ssl=1 228w, https:\/\/i0.wp.com\/eltrabajo.cl\/portal\/wp-content\/uploads\/2015\/09\/Manuel-Cataldo-Varas.jpg?resize=400%2C263&amp;ssl=1 400w, https:\/\/i0.wp.com\/eltrabajo.cl\/portal\/wp-content\/uploads\/2015\/09\/Manuel-Cataldo-Varas.jpg?w=530&amp;ssl=1 530w\" sizes=\"auto, (max-width: 300px) 100vw, 300px\" \/><\/a><figcaption id=\"caption-attachment-61936\" class=\"wp-caption-text\">El delincuente de 52 a\u00f1os de edad deber\u00e1 pagar con c\u00e1rcel por un plazo de 10 a\u00f1os y un d\u00eda por dos delitos de robo con intimidaci\u00f3n perpetrados en la comuna de San Felipe.<\/figcaption><\/figure>\n<ul>\n<li><strong>El Tribunal Oral en Lo Penal de San Felipe conden\u00f3 a Manuel Jes\u00fas Cataldo Varas por dos delitos de robo con intimidaci\u00f3n, siendo v\u00edctima tres mujeres y un hombre a quienes a punta de pistola les fueron arrebatados sus tel\u00e9fonos celulares en octubre del a\u00f1os 2014.<\/strong><\/li>\n<\/ul>\n<p>Fueron segundos de terror y espanto para las v\u00edctimas que sufrieron en carne propia robos con intimidaci\u00f3n de parte de un peligroso antisocial, quien a punta de pistola amenaz\u00f3 a tres mujeres y un hombre para infundir miedo y con violencia arrebatarles sus tel\u00e9fonos celulares, llegando a cometer dos delitos de estas caracter\u00edsticas en una noche en la comuna de San Felipe.<br \/>\nEste sujeto identificado como Manuel Jes\u00fas Cataldo Varas, de 52 a\u00f1os, disfrutaba de su libertad cuando en horas de la madrugada del pasado 26 de octubre de 2014, intercept\u00f3 a una mujer a quien tom\u00f3 por el pelo y le apunt\u00f3 con un rev\u00f3lver a fogueo, oblig\u00e1ndola con extrema violencia a que hiciera entrega de su tel\u00e9fono celular junto con el de un hombre, tambi\u00e9n v\u00edctima. Ambos afectados quedaron inmovilizadas tras el asalto con el arma de fuego, temiendo por sus vidas ante el brutal ataque perpetrado en la v\u00eda p\u00fablica en la poblaci\u00f3n Chorrillos en San Felipe.<br \/>\nCometido este robo el antisocial escap\u00f3 en direcci\u00f3n al centro de la ciudad, dirigi\u00e9ndose hasta calle Traslavi\u00f1a donde intercept\u00f3 a dos mujeres, a quienes de la misma manera apunt\u00f3 con su pistola oblig\u00e1ndolas a viva fuerza que no miraran su rostro bajo amenaza de disparar el arma, exigiendo que hicieran entrega de sus tel\u00e9fonos celulares que portaban en esos momentos.<br \/>\nAmbos cr\u00edmenes fueron denunciados ante Carabineros, quienes comenzaron en forma inmediata la b\u00fasqueda del delincuente a eso de las 02:00 de la madrugada del 26 de octubre de 2014.<br \/>\nMientras se realizaban las diligencias policiales, un nuevo llamado alert\u00f3 a los efectivos de la instituci\u00f3n uniformada para que se trasladaran hasta calle Carlos Condell, lugar donde un individuo intentaba desvalijar un veh\u00edculo estacionado en la v\u00eda p\u00fablica.<br \/>\nEn esos instantes cuando Carabineros se dirigi\u00f3 al lugar especificado por el testigo, se pudo comprobar por la descripci\u00f3n de las v\u00edctimas, que se tratar\u00eda del mismo sujeto que minutos antes las hab\u00eda asaltado, circunstancia por la cual Cataldo Varas fue detenido, encontrando en su poder cuatro tel\u00e9fonos celulares de propiedad de las denunciantes.<br \/>\nAdem\u00e1s la polic\u00eda encontr\u00f3 en poder del delincuente una pistola a fogueo marca Valtro calibre 9 mm. junto con una munici\u00f3n, un destornillador de punta y un martillo marca Stanley, elementos destinados para cometer delitos de robo.<br \/>\nEste avezado antisocial, que representa un serio peligro para la sociedad por mantener adem\u00e1s antecedentes delictuales por receptaci\u00f3n, robo con intimidaci\u00f3n, lesiones menos graves y porte ilegal de arma de fuego; tras su detenci\u00f3n por Carabineros fue formalizado por la Fiscal\u00eda en el Tribunal de Garant\u00eda por dos cr\u00edmenes de robo con intimidaci\u00f3n, quedando desde esa fecha en prisi\u00f3n preventiva.<br \/>\nLuego del proceso investigativo, el Ministerio P\u00fablico llev\u00f3 a juicio a este sujeto al Tribunal Oral en Lo Penal de San Felipe, donde los jueces, tras escuchar el relato de todas las v\u00edctimas y las contundentes pruebas de la Fiscal\u00eda, lo declar\u00f3 culpable de los delitos, imponiendo una ejemplar condena de 10 a\u00f1os y un d\u00eda.<br \/>\nEl Fiscal Jefe del Ministerio P\u00fablico de San Felipe, Eduardo Fajardo, inform\u00f3 a Diario El Trabajo que el Tribunal Oral aplic\u00f3 una pena \u00fanica para los delitos de robo con intimidaci\u00f3n y \u00abest\u00e1n dentro del rango que se ajusta a derecho\u00bb.<br \/>\nEn tanto la Defensa del condenado posee diez d\u00edas para elevar ante la Corte de Apelaciones un eventual recurso de nulidad sobre este juicio que concluy\u00f3 el pasado mi\u00e9rcoles.<br \/>\n<strong>Pablo Salinas Sald\u00edas<\/strong><\/p>\n","protected":false},"excerpt":{"rendered":"<p>El Tribunal Oral en Lo Penal de San Felipe conden\u00f3 a Manuel Jes\u00fas Cataldo Varas por dos delitos de robo con intimidaci\u00f3n, siendo v\u00edctima tres mujeres y un hombre a quienes a&#8230;<\/p>\n","protected":false},"author":482,"featured_media":61936,"comment_status":"open","ping_status":"open","sticky":false,"template":"","format":"standard","meta":{"advanced_seo_description":"","jetpack_seo_html_title":"","jetpack_seo_noindex":false,"_jetpack_memberships_contains_paid_content":false,"footnotes":""},"categories":[21],"tags":[],"class_list":["post-61935","post","type-post","status-publish","format-standard","has-post-thumbnail","hentry","category-policial"],"jetpack_featured_media_url":"https:\/\/i0.wp.com\/eltrabajo.cl\/portal\/wp-content\/uploads\/2015\/09\/Manuel-Cataldo-Varas.jpg?fit=530%2C349&ssl=1","jetpack_sharing_enabled":true,"jetpack_likes_enabled":true,"jetpack-related-posts":[],"_links":{"self":[{"href":"https:\/\/eltrabajo.cl\/portal\/wp-json\/wp\/v2\/posts\/61935","targetHints":{"allow":["GET"]}}],"collection":[{"href":"https:\/\/eltrabajo.cl\/portal\/wp-json\/wp\/v2\/posts"}],"about":[{"href":"https:\/\/eltrabajo.cl\/portal\/wp-json\/wp\/v2\/types\/post"}],"author":[{"embeddable":true,"href":"https:\/\/eltrabajo.cl\/portal\/wp-json\/wp\/v2\/users\/482"}],"replies":[{"embeddable":true,"href":"https:\/\/eltrabajo.cl\/portal\/wp-json\/wp\/v2\/comments?post=61935"}],"version-history":[{"count":0,"href":"https:\/\/eltrabajo.cl\/portal\/wp-json\/wp\/v2\/posts\/61935\/revisions"}],"wp:featuredmedia":[{"embeddable":true,"href":"https:\/\/eltrabajo.cl\/portal\/wp-json\/wp\/v2\/media\/61936"}],"wp:attachment":[{"href":"https:\/\/eltrabajo.cl\/portal\/wp-json\/wp\/v2\/media?parent=61935"}],"wp:term":[{"taxonomy":"category","embeddable":true,"href":"https:\/\/eltrabajo.cl\/portal\/wp-json\/wp\/v2\/categories?post=61935"},{"taxonomy":"post_tag","embeddable":true,"href":"https:\/\/eltrabajo.cl\/portal\/wp-json\/wp\/v2\/tags?post=61935"}],"curies":[{"name":"wp","href":"https:\/\/api.w.org\/{rel}","templated":true}]}}