{"id":61947,"date":"2015-09-14T09:26:35","date_gmt":"2015-09-14T12:26:35","guid":{"rendered":"http:\/\/www.eltrabajo.cl\/portal\/?p=61947"},"modified":"2015-09-14T09:26:35","modified_gmt":"2015-09-14T12:26:35","slug":"ascensos-carabineros-calle-larga-los-andes-san-esteban-y-rinconada","status":"publish","type":"post","link":"https:\/\/eltrabajo.cl\/portal\/ascensos-carabineros-calle-larga-los-andes-san-esteban-y-rinconada\/","title":{"rendered":"Ascensos Carabineros Calle Larga, Los Andes, San Esteban y Rinconada"},"content":{"rendered":"<figure id=\"attachment_61948\" aria-describedby=\"caption-attachment-61948\" style=\"width: 300px\" class=\"wp-caption alignleft\"><a href=\"https:\/\/i0.wp.com\/www.eltrabajo.cl\/portal\/wp-content\/uploads\/2015\/09\/CEREMONIA-DE-ASCENSO-1.jpg\"><img data-recalc-dims=\"1\" loading=\"lazy\" decoding=\"async\" class=\"wp-image-61948 size-medium\" src=\"https:\/\/i0.wp.com\/www.eltrabajo.cl\/portal\/wp-content\/uploads\/2015\/09\/CEREMONIA-DE-ASCENSO-1-300x198.jpg?resize=300%2C198\" alt=\"Durante este jueves se realiz\u00f3 en la Tercera Comisaria de Los Andes la ceremonia de ascenso de Carabineros de Calle Larga, Los Andes, San Esteban y Rinconada.\" width=\"300\" height=\"198\" srcset=\"https:\/\/i0.wp.com\/eltrabajo.cl\/portal\/wp-content\/uploads\/2015\/09\/CEREMONIA-DE-ASCENSO-1.jpg?resize=300%2C198&amp;ssl=1 300w, https:\/\/i0.wp.com\/eltrabajo.cl\/portal\/wp-content\/uploads\/2015\/09\/CEREMONIA-DE-ASCENSO-1.jpg?resize=200%2C132&amp;ssl=1 200w, https:\/\/i0.wp.com\/eltrabajo.cl\/portal\/wp-content\/uploads\/2015\/09\/CEREMONIA-DE-ASCENSO-1.jpg?resize=228%2C150&amp;ssl=1 228w, https:\/\/i0.wp.com\/eltrabajo.cl\/portal\/wp-content\/uploads\/2015\/09\/CEREMONIA-DE-ASCENSO-1.jpg?resize=400%2C263&amp;ssl=1 400w, https:\/\/i0.wp.com\/eltrabajo.cl\/portal\/wp-content\/uploads\/2015\/09\/CEREMONIA-DE-ASCENSO-1.jpg?w=530&amp;ssl=1 530w\" sizes=\"auto, (max-width: 300px) 100vw, 300px\" \/><\/a><figcaption id=\"caption-attachment-61948\" class=\"wp-caption-text\">Durante este jueves se realiz\u00f3 en la Tercera Comisaria de Los Andes la ceremonia de ascenso de Carabineros de Calle Larga, Los Andes, San Esteban y Rinconada.<\/figcaption><\/figure>\n<p><strong>RINCONADA.<\/strong>&#8211; En una acto solemne realizado en la Tercera Comisaria de Los Andes, este jueves se llev\u00f3 a cabo la ceremonia de ascenso de uniformados de las comunas de Calle Larga, Los Andes, San Esteban y Rinconada. En la comuna fueron dos los destacados, uno de ellos vive en Rinconada, pero trabaja en Los Andes, mientras que el segundo ha prestado servicios en la Tenencia hace seis a\u00f1os.<br \/>\nEl Mayor Edgardo Egly, de la comisaria de Los Andes, explic\u00f3 que en esta oportunidad ascendieron Oficiales y dos Sargento Segundo, uno de Rinconada y otro de San Esteban. \u201cEl ascender en un nuevo grado aparte de la responsabilidad y nuevos desaf\u00edos que nos importan, tambi\u00e9n hay un reconocimiento a la trayectoria, a su perfeccionamiento como se hac\u00eda presente en el discurso. Para ascender al grado siguiente hay que rendir ex\u00e1menes, tanto de conocimientos como de capacidades f\u00edsicas y de cultura general, lo que les permitir\u00e1 ascender a un nuevo eslab\u00f3n, cada grado tiene su distinto nivel de exigencia\u201d.<br \/>\nPor su parte el Sub Oficial Remigio Aguayo, Jefe Tenencia Rinconada, se refiri\u00f3 al logro de uno de sus trabajadores: \u201cbueno es un logro importante de un funcionario de nuestra instituci\u00f3n que trabaja en la Tenencia donde yo resido. A \u00e9l lo destaca su cooperaci\u00f3n, lealtad y su disposici\u00f3n de siempre salir a brindar apoyo y seguridad a la poblaci\u00f3n. Esto es de orgullo para todos los que estamos en nuestra Tenencia y esperar que sigan ascendiendo el resto de los camaradas\u201d.<br \/>\nLuis Antonio Calder\u00f3n, Sargento Primero que ascendi\u00f3 a Sub Oficial lleva ya 25 a\u00f1os de servicio entreg\u00e1ndose a esta gran instituci\u00f3n que es Carabineros de Chile, en donde seis a\u00f1os los ha desempe\u00f1ado en la Tenencia de Rinconada \u201cBueno esto para m\u00ed es un m\u00e9rito personal y de mi familia que siempre ha estado al lado m\u00edo. En nuestra carrera pasamos por diferentes lugares y ellos deben andar junto a nosotros. Esto lo miro desde el punto profesional como algo muy positivo porque es para lo que yo me he preparado y para lo que yo me perfeccion\u00e9. Estoy contento de este grado que hoy ostento\u201d.<br \/>\nLuis Calder\u00f3n nos contaba adem\u00e1s que dentro de un plazo de dos a\u00f1os podr\u00eda alcanzar el grado de Sub Oficial Mayor.<br \/>\nLa ceremonia termin\u00f3 con un c\u00f3ctel de camarader\u00eda para todos los presentes.<\/p>\n","protected":false},"excerpt":{"rendered":"<p>RINCONADA.&#8211; En una acto solemne realizado en la Tercera Comisaria de Los Andes, este jueves se llev\u00f3 a cabo la ceremonia de ascenso de uniformados de las comunas de Calle Larga, Los&#8230;<\/p>\n","protected":false},"author":482,"featured_media":61948,"comment_status":"open","ping_status":"open","sticky":false,"template":"","format":"standard","meta":{"advanced_seo_description":"","jetpack_seo_html_title":"","jetpack_seo_noindex":false,"_jetpack_memberships_contains_paid_content":false,"footnotes":""},"categories":[15],"tags":[],"class_list":["post-61947","post","type-post","status-publish","format-standard","has-post-thumbnail","hentry","category-comunidad"],"jetpack_featured_media_url":"https:\/\/i0.wp.com\/eltrabajo.cl\/portal\/wp-content\/uploads\/2015\/09\/CEREMONIA-DE-ASCENSO-1.jpg?fit=530%2C349&ssl=1","jetpack_sharing_enabled":true,"jetpack_likes_enabled":true,"jetpack-related-posts":[],"_links":{"self":[{"href":"https:\/\/eltrabajo.cl\/portal\/wp-json\/wp\/v2\/posts\/61947","targetHints":{"allow":["GET"]}}],"collection":[{"href":"https:\/\/eltrabajo.cl\/portal\/wp-json\/wp\/v2\/posts"}],"about":[{"href":"https:\/\/eltrabajo.cl\/portal\/wp-json\/wp\/v2\/types\/post"}],"author":[{"embeddable":true,"href":"https:\/\/eltrabajo.cl\/portal\/wp-json\/wp\/v2\/users\/482"}],"replies":[{"embeddable":true,"href":"https:\/\/eltrabajo.cl\/portal\/wp-json\/wp\/v2\/comments?post=61947"}],"version-history":[{"count":0,"href":"https:\/\/eltrabajo.cl\/portal\/wp-json\/wp\/v2\/posts\/61947\/revisions"}],"wp:featuredmedia":[{"embeddable":true,"href":"https:\/\/eltrabajo.cl\/portal\/wp-json\/wp\/v2\/media\/61948"}],"wp:attachment":[{"href":"https:\/\/eltrabajo.cl\/portal\/wp-json\/wp\/v2\/media?parent=61947"}],"wp:term":[{"taxonomy":"category","embeddable":true,"href":"https:\/\/eltrabajo.cl\/portal\/wp-json\/wp\/v2\/categories?post=61947"},{"taxonomy":"post_tag","embeddable":true,"href":"https:\/\/eltrabajo.cl\/portal\/wp-json\/wp\/v2\/tags?post=61947"}],"curies":[{"name":"wp","href":"https:\/\/api.w.org\/{rel}","templated":true}]}}