{"id":61950,"date":"2015-09-14T09:28:29","date_gmt":"2015-09-14T12:28:29","guid":{"rendered":"http:\/\/www.eltrabajo.cl\/portal\/?p=61950"},"modified":"2015-09-14T09:28:29","modified_gmt":"2015-09-14T12:28:29","slug":"sanfelipenas-ganan-campeonato-regional-de-futbol-femenino","status":"publish","type":"post","link":"https:\/\/eltrabajo.cl\/portal\/sanfelipenas-ganan-campeonato-regional-de-futbol-femenino\/","title":{"rendered":"Sanfelipe\u00f1as ganan campeonato regional de f\u00fatbol femenino"},"content":{"rendered":"<figure id=\"attachment_61951\" aria-describedby=\"caption-attachment-61951\" style=\"width: 300px\" class=\"wp-caption alignleft\"><a href=\"https:\/\/i0.wp.com\/www.eltrabajo.cl\/portal\/wp-content\/uploads\/2015\/09\/Copa11.jpg\"><img data-recalc-dims=\"1\" loading=\"lazy\" decoding=\"async\" class=\"wp-image-61951 size-medium\" src=\"https:\/\/i0.wp.com\/www.eltrabajo.cl\/portal\/wp-content\/uploads\/2015\/09\/Copa11-300x198.jpg?resize=300%2C198\" alt=\"LAS MEJORES.- Ellas son nuestras bellas y aguerridas campeonas del f\u00fatbol femenino de la V Regi\u00f3n, chicas que tienen que estudiar y trabajar al mismo tiempo, pero que a\u00fan as\u00ed logran descollar en el mundo del deporte a nivel amateur.\" width=\"300\" height=\"198\" srcset=\"https:\/\/i0.wp.com\/eltrabajo.cl\/portal\/wp-content\/uploads\/2015\/09\/Copa11.jpg?resize=300%2C198&amp;ssl=1 300w, https:\/\/i0.wp.com\/eltrabajo.cl\/portal\/wp-content\/uploads\/2015\/09\/Copa11.jpg?resize=200%2C132&amp;ssl=1 200w, https:\/\/i0.wp.com\/eltrabajo.cl\/portal\/wp-content\/uploads\/2015\/09\/Copa11.jpg?resize=228%2C150&amp;ssl=1 228w, https:\/\/i0.wp.com\/eltrabajo.cl\/portal\/wp-content\/uploads\/2015\/09\/Copa11.jpg?resize=400%2C263&amp;ssl=1 400w, https:\/\/i0.wp.com\/eltrabajo.cl\/portal\/wp-content\/uploads\/2015\/09\/Copa11.jpg?w=530&amp;ssl=1 530w\" sizes=\"auto, (max-width: 300px) 100vw, 300px\" \/><\/a><figcaption id=\"caption-attachment-61951\" class=\"wp-caption-text\">LAS MEJORES.- Ellas son nuestras bellas y aguerridas campeonas del f\u00fatbol femenino de la V Regi\u00f3n, chicas que tienen que estudiar y trabajar al mismo tiempo, pero que a\u00fan as\u00ed logran descollar en el mundo del deporte a nivel amateur.<\/figcaption><\/figure>\n<p>Tal como lo anunciamos hace una semana, la tarde del s\u00e1bado anterior se jugar\u00eda la Final de un torneo de f\u00fatbol femenino en la cancha de El Algarrobal, en esa jornada el Club Femenino San Felipe debi\u00f3 enfrentar ya por la Copa, a La Ligua, guerreras que tambi\u00e9n pelearon duro en el torneo, pero que finalmente cayeron ante nuestras chicas sanfelipe\u00f1as abatidas a un gol.<\/p>\n<figure id=\"attachment_61952\" aria-describedby=\"caption-attachment-61952\" style=\"width: 250px\" class=\"wp-caption alignright\"><a href=\"https:\/\/i0.wp.com\/www.eltrabajo.cl\/portal\/wp-content\/uploads\/2015\/09\/Macarena1.jpg\"><img data-recalc-dims=\"1\" loading=\"lazy\" decoding=\"async\" class=\"wp-image-61952\" src=\"https:\/\/i0.wp.com\/www.eltrabajo.cl\/portal\/wp-content\/uploads\/2015\/09\/Macarena1-300x198.jpg?resize=250%2C165\" alt=\"Capitana del equipo Mackarenna Ascencio.\" width=\"250\" height=\"165\" srcset=\"https:\/\/i0.wp.com\/eltrabajo.cl\/portal\/wp-content\/uploads\/2015\/09\/Macarena1.jpg?resize=300%2C198&amp;ssl=1 300w, https:\/\/i0.wp.com\/eltrabajo.cl\/portal\/wp-content\/uploads\/2015\/09\/Macarena1.jpg?resize=200%2C132&amp;ssl=1 200w, https:\/\/i0.wp.com\/eltrabajo.cl\/portal\/wp-content\/uploads\/2015\/09\/Macarena1.jpg?resize=227%2C150&amp;ssl=1 227w, https:\/\/i0.wp.com\/eltrabajo.cl\/portal\/wp-content\/uploads\/2015\/09\/Macarena1.jpg?resize=400%2C264&amp;ssl=1 400w, https:\/\/i0.wp.com\/eltrabajo.cl\/portal\/wp-content\/uploads\/2015\/09\/Macarena1.jpg?w=530&amp;ssl=1 530w\" sizes=\"auto, (max-width: 250px) 100vw, 250px\" \/><\/a><figcaption id=\"caption-attachment-61952\" class=\"wp-caption-text\">Capitana del equipo Mackarenna Ascencio.<\/figcaption><\/figure>\n<p>\u00abFue un partido muy duro, ellas no dejar\u00edan ir tan f\u00e1cil esta Copa, sin embargo nosotras llev\u00e1bamos puntos de ventaja y aunque eso nos favorec\u00eda, siempre quisimos y pudimos sellar nuestro triunfo a base del gol, mismo que lo obtuvimos cuando Yeimi Navarrete lo anot\u00f3 en el primer tiempo\u00bb, explic\u00f3 a Diario El Trabajo la capitana de Club Femenino San Felipe, Mackarenna Ascencio.<br \/>\nEstas damas se autofinancian a s\u00ed mismas, algunas trabajan y otras estudian, s\u00f3lo durante los fines de semana pueden entrenar, algunas de ellas vienen de ligas menores de otros clubes y no solamente participan en este club, tambi\u00e9n lo hacen en otros equipos. Este club est\u00e1 en proceso de obtener su personer\u00eda jur\u00eddica por dos a\u00f1os, tr\u00e1mite en el que les apoyaba el fallecido periodista deportivo, Javier Mu\u00f1oz.<br \/>\nNuestras j\u00f3venes campeonas, chicas que tienen entre trece y 25 a\u00f1os, enloquecieron como nunca y disfrutaron con su Copa de Campeonas 2015, luego de vencer a once equipos de toda la V Regi\u00f3n.<br \/>\nHay que recordar amigos lectores, que estas deportistas aceptan desaf\u00edos en cualquier terreno del pa\u00eds, y para demostrarlo ofrecieron un n\u00famero celular para que quienes quieran retarlas en su categor\u00eda, las llamen. El 8758 6521 es el que est\u00e1 habilitado para este prop\u00f3sito.<br \/>\n<strong>Roberto Gonz\u00e1lez Short<\/strong><br \/>\n<strong>rgonzalez@eltrabajo.cl<\/strong><\/p>\n","protected":false},"excerpt":{"rendered":"<p>Tal como lo anunciamos hace una semana, la tarde del s\u00e1bado anterior se jugar\u00eda la Final de un torneo de f\u00fatbol femenino en la cancha de El Algarrobal, en esa jornada el&#8230;<\/p>\n","protected":false},"author":482,"featured_media":61951,"comment_status":"open","ping_status":"open","sticky":false,"template":"","format":"standard","meta":{"advanced_seo_description":"","jetpack_seo_html_title":"","jetpack_seo_noindex":false,"_jetpack_memberships_contains_paid_content":false,"footnotes":""},"categories":[15],"tags":[],"class_list":["post-61950","post","type-post","status-publish","format-standard","has-post-thumbnail","hentry","category-comunidad"],"jetpack_featured_media_url":"https:\/\/i0.wp.com\/eltrabajo.cl\/portal\/wp-content\/uploads\/2015\/09\/Copa11.jpg?fit=530%2C349&ssl=1","jetpack_sharing_enabled":true,"jetpack_likes_enabled":true,"jetpack-related-posts":[],"_links":{"self":[{"href":"https:\/\/eltrabajo.cl\/portal\/wp-json\/wp\/v2\/posts\/61950","targetHints":{"allow":["GET"]}}],"collection":[{"href":"https:\/\/eltrabajo.cl\/portal\/wp-json\/wp\/v2\/posts"}],"about":[{"href":"https:\/\/eltrabajo.cl\/portal\/wp-json\/wp\/v2\/types\/post"}],"author":[{"embeddable":true,"href":"https:\/\/eltrabajo.cl\/portal\/wp-json\/wp\/v2\/users\/482"}],"replies":[{"embeddable":true,"href":"https:\/\/eltrabajo.cl\/portal\/wp-json\/wp\/v2\/comments?post=61950"}],"version-history":[{"count":0,"href":"https:\/\/eltrabajo.cl\/portal\/wp-json\/wp\/v2\/posts\/61950\/revisions"}],"wp:featuredmedia":[{"embeddable":true,"href":"https:\/\/eltrabajo.cl\/portal\/wp-json\/wp\/v2\/media\/61951"}],"wp:attachment":[{"href":"https:\/\/eltrabajo.cl\/portal\/wp-json\/wp\/v2\/media?parent=61950"}],"wp:term":[{"taxonomy":"category","embeddable":true,"href":"https:\/\/eltrabajo.cl\/portal\/wp-json\/wp\/v2\/categories?post=61950"},{"taxonomy":"post_tag","embeddable":true,"href":"https:\/\/eltrabajo.cl\/portal\/wp-json\/wp\/v2\/tags?post=61950"}],"curies":[{"name":"wp","href":"https:\/\/api.w.org\/{rel}","templated":true}]}}