{"id":61954,"date":"2015-09-14T09:30:30","date_gmt":"2015-09-14T12:30:30","guid":{"rendered":"http:\/\/www.eltrabajo.cl\/portal\/?p=61954"},"modified":"2015-09-14T09:30:30","modified_gmt":"2015-09-14T12:30:30","slug":"dona-hilda-ramirez-a-sus-104-anos-tiene-14-hijos-70-nietos-y-50-biznietos","status":"publish","type":"post","link":"https:\/\/eltrabajo.cl\/portal\/dona-hilda-ramirez-a-sus-104-anos-tiene-14-hijos-70-nietos-y-50-biznietos\/","title":{"rendered":"Do\u00f1a Hilda Ram\u00edrez\u00a0\u00a0a\u00a0sus 104 a\u00f1os tiene 14 hijos, 70 nietos y 50 biznietos"},"content":{"rendered":"<figure id=\"attachment_61955\" aria-describedby=\"caption-attachment-61955\" style=\"width: 300px\" class=\"wp-caption alignleft\"><a href=\"https:\/\/i0.wp.com\/www.eltrabajo.cl\/portal\/wp-content\/uploads\/2015\/09\/Hilda-Ramirez.jpg\"><img data-recalc-dims=\"1\" loading=\"lazy\" decoding=\"async\" class=\"wp-image-61955 size-medium\" src=\"https:\/\/i0.wp.com\/www.eltrabajo.cl\/portal\/wp-content\/uploads\/2015\/09\/Hilda-Ramirez-300x198.jpg?resize=300%2C198\" alt=\"Hilda Mercedes Ram\u00edrez, de El Algarrobal, tiene 104 a\u00f1os.\" width=\"300\" height=\"198\" srcset=\"https:\/\/i0.wp.com\/eltrabajo.cl\/portal\/wp-content\/uploads\/2015\/09\/Hilda-Ramirez.jpg?resize=300%2C198&amp;ssl=1 300w, https:\/\/i0.wp.com\/eltrabajo.cl\/portal\/wp-content\/uploads\/2015\/09\/Hilda-Ramirez.jpg?resize=200%2C132&amp;ssl=1 200w, https:\/\/i0.wp.com\/eltrabajo.cl\/portal\/wp-content\/uploads\/2015\/09\/Hilda-Ramirez.jpg?resize=227%2C150&amp;ssl=1 227w, https:\/\/i0.wp.com\/eltrabajo.cl\/portal\/wp-content\/uploads\/2015\/09\/Hilda-Ramirez.jpg?resize=400%2C264&amp;ssl=1 400w, https:\/\/i0.wp.com\/eltrabajo.cl\/portal\/wp-content\/uploads\/2015\/09\/Hilda-Ramirez.jpg?w=530&amp;ssl=1 530w\" sizes=\"auto, (max-width: 300px) 100vw, 300px\" \/><\/a><figcaption id=\"caption-attachment-61955\" class=\"wp-caption-text\">Hilda Mercedes Ram\u00edrez, de El Algarrobal, tiene 104 a\u00f1os.<\/figcaption><\/figure>\n<p>\u00bfSe imagina usted las carreras que las madres tienen que dar todos los d\u00edas para poder enviar desayunaditos y bien limpiecitos a sus dos o tres ni\u00f1os a la escuela? Ahora trate de comprender c\u00f3mo se las tuvo que ingeniar do\u00f1a Hilda Mercedes Ram\u00edrez para hacer esas labores de madre, pero con catorce peque\u00f1os.<br \/>\nEsta vecina de Algarrobal cumpli\u00f3 el s\u00e1bado nada m\u00e1s y nada menos que 104 a\u00f1os, raz\u00f3n por lo cual decenas de familiares le celebraron en una alegre fiesta su cumplea\u00f1os.<\/p>\n<figure id=\"attachment_61956\" aria-describedby=\"caption-attachment-61956\" style=\"width: 300px\" class=\"wp-caption alignright\"><a href=\"https:\/\/i0.wp.com\/www.eltrabajo.cl\/portal\/wp-content\/uploads\/2015\/09\/Familion1.jpg\"><img data-recalc-dims=\"1\" loading=\"lazy\" decoding=\"async\" class=\"wp-image-61956 size-medium\" src=\"https:\/\/i0.wp.com\/www.eltrabajo.cl\/portal\/wp-content\/uploads\/2015\/09\/Familion1-300x198.jpg?resize=300%2C198\" alt=\"GRAN FAMILIA.- Diario El Trabajo tom\u00f3 esta foto en la que parte de su gran descendencia posa para nuestras c\u00e1maras.\" width=\"300\" height=\"198\" srcset=\"https:\/\/i0.wp.com\/eltrabajo.cl\/portal\/wp-content\/uploads\/2015\/09\/Familion1.jpg?resize=300%2C198&amp;ssl=1 300w, https:\/\/i0.wp.com\/eltrabajo.cl\/portal\/wp-content\/uploads\/2015\/09\/Familion1.jpg?resize=200%2C132&amp;ssl=1 200w, https:\/\/i0.wp.com\/eltrabajo.cl\/portal\/wp-content\/uploads\/2015\/09\/Familion1.jpg?resize=228%2C150&amp;ssl=1 228w, https:\/\/i0.wp.com\/eltrabajo.cl\/portal\/wp-content\/uploads\/2015\/09\/Familion1.jpg?resize=400%2C263&amp;ssl=1 400w, https:\/\/i0.wp.com\/eltrabajo.cl\/portal\/wp-content\/uploads\/2015\/09\/Familion1.jpg?w=530&amp;ssl=1 530w\" sizes=\"auto, (max-width: 300px) 100vw, 300px\" \/><\/a><figcaption id=\"caption-attachment-61956\" class=\"wp-caption-text\">GRAN FAMILIA.- Diario El Trabajo tom\u00f3 esta foto en la que parte de su gran descendencia posa para nuestras c\u00e1maras.<\/figcaption><\/figure>\n<p>\u00abYo tengo vivos, doce hijos de los catorce que traje al mundo; 70 nietos; 50 biznietos y una tataranieta, toda mi vida fui ama de casa, nac\u00ed el 12 de septiembre de 1911, aunque me registraron en el Registro Civil varios a\u00f1os despu\u00e9s\u00bb, coment\u00f3 a nuestro medio la regalona abuela.<\/p>\n","protected":false},"excerpt":{"rendered":"<p>\u00bfSe imagina usted las carreras que las madres tienen que dar todos los d\u00edas para poder enviar desayunaditos y bien limpiecitos a sus dos o tres ni\u00f1os a la escuela? Ahora trate&#8230;<\/p>\n","protected":false},"author":482,"featured_media":61955,"comment_status":"open","ping_status":"open","sticky":false,"template":"","format":"standard","meta":{"advanced_seo_description":"","jetpack_seo_html_title":"","jetpack_seo_noindex":false,"_jetpack_memberships_contains_paid_content":false,"footnotes":""},"categories":[15],"tags":[],"class_list":["post-61954","post","type-post","status-publish","format-standard","has-post-thumbnail","hentry","category-comunidad"],"jetpack_featured_media_url":"https:\/\/i0.wp.com\/eltrabajo.cl\/portal\/wp-content\/uploads\/2015\/09\/Hilda-Ramirez.jpg?fit=530%2C350&ssl=1","jetpack_sharing_enabled":true,"jetpack_likes_enabled":true,"jetpack-related-posts":[],"_links":{"self":[{"href":"https:\/\/eltrabajo.cl\/portal\/wp-json\/wp\/v2\/posts\/61954","targetHints":{"allow":["GET"]}}],"collection":[{"href":"https:\/\/eltrabajo.cl\/portal\/wp-json\/wp\/v2\/posts"}],"about":[{"href":"https:\/\/eltrabajo.cl\/portal\/wp-json\/wp\/v2\/types\/post"}],"author":[{"embeddable":true,"href":"https:\/\/eltrabajo.cl\/portal\/wp-json\/wp\/v2\/users\/482"}],"replies":[{"embeddable":true,"href":"https:\/\/eltrabajo.cl\/portal\/wp-json\/wp\/v2\/comments?post=61954"}],"version-history":[{"count":0,"href":"https:\/\/eltrabajo.cl\/portal\/wp-json\/wp\/v2\/posts\/61954\/revisions"}],"wp:featuredmedia":[{"embeddable":true,"href":"https:\/\/eltrabajo.cl\/portal\/wp-json\/wp\/v2\/media\/61955"}],"wp:attachment":[{"href":"https:\/\/eltrabajo.cl\/portal\/wp-json\/wp\/v2\/media?parent=61954"}],"wp:term":[{"taxonomy":"category","embeddable":true,"href":"https:\/\/eltrabajo.cl\/portal\/wp-json\/wp\/v2\/categories?post=61954"},{"taxonomy":"post_tag","embeddable":true,"href":"https:\/\/eltrabajo.cl\/portal\/wp-json\/wp\/v2\/tags?post=61954"}],"curies":[{"name":"wp","href":"https:\/\/api.w.org\/{rel}","templated":true}]}}