{"id":61958,"date":"2015-09-14T09:33:55","date_gmt":"2015-09-14T12:33:55","guid":{"rendered":"http:\/\/www.eltrabajo.cl\/portal\/?p=61958"},"modified":"2015-09-14T09:33:55","modified_gmt":"2015-09-14T12:33:55","slug":"multitudinario-inicio-de-festejos-de-fiestas-patrias-en-santa-maria","status":"publish","type":"post","link":"https:\/\/eltrabajo.cl\/portal\/multitudinario-inicio-de-festejos-de-fiestas-patrias-en-santa-maria\/","title":{"rendered":"Multitudinario inicio de festejos de Fiestas Patrias en Santa Mar\u00eda"},"content":{"rendered":"<figure id=\"attachment_61959\" aria-describedby=\"caption-attachment-61959\" style=\"width: 300px\" class=\"wp-caption alignleft\"><a href=\"https:\/\/i0.wp.com\/www.eltrabajo.cl\/portal\/wp-content\/uploads\/2015\/09\/Inicio-fiestas-patrias-Santa-Maria-2015-1.jpg\"><img data-recalc-dims=\"1\" loading=\"lazy\" decoding=\"async\" class=\"wp-image-61959 size-medium\" src=\"https:\/\/i0.wp.com\/www.eltrabajo.cl\/portal\/wp-content\/uploads\/2015\/09\/Inicio-fiestas-patrias-Santa-Maria-2015-1-300x198.jpg?resize=300%2C198\" alt=\"Con gran convocatoria se realiz\u00f3 el inicio de los festejos de Fiestas Patrias en la ciudad de Santa Mar\u00eda.\" width=\"300\" height=\"198\" srcset=\"https:\/\/i0.wp.com\/eltrabajo.cl\/portal\/wp-content\/uploads\/2015\/09\/Inicio-fiestas-patrias-Santa-Maria-2015-1.jpg?resize=300%2C198&amp;ssl=1 300w, https:\/\/i0.wp.com\/eltrabajo.cl\/portal\/wp-content\/uploads\/2015\/09\/Inicio-fiestas-patrias-Santa-Maria-2015-1.jpg?resize=200%2C132&amp;ssl=1 200w, https:\/\/i0.wp.com\/eltrabajo.cl\/portal\/wp-content\/uploads\/2015\/09\/Inicio-fiestas-patrias-Santa-Maria-2015-1.jpg?resize=228%2C150&amp;ssl=1 228w, https:\/\/i0.wp.com\/eltrabajo.cl\/portal\/wp-content\/uploads\/2015\/09\/Inicio-fiestas-patrias-Santa-Maria-2015-1.jpg?resize=400%2C263&amp;ssl=1 400w, https:\/\/i0.wp.com\/eltrabajo.cl\/portal\/wp-content\/uploads\/2015\/09\/Inicio-fiestas-patrias-Santa-Maria-2015-1.jpg?w=530&amp;ssl=1 530w\" sizes=\"auto, (max-width: 300px) 100vw, 300px\" \/><\/a><figcaption id=\"caption-attachment-61959\" class=\"wp-caption-text\">Con gran convocatoria se realiz\u00f3 el inicio de los festejos de Fiestas Patrias en la ciudad de Santa Mar\u00eda.<\/figcaption><\/figure>\n<p><strong>SANTA MAR\u00cdA.<\/strong>&#8211; Ayer Domingo se dio inicio a los festejos de Fiestas Patrias en Santa Mar\u00eda, y la celebraci\u00f3n fue en grande. Con juegos t\u00edpicos chilenos, como la carretilla, la silla musical, el palo ensebado, tirar la cuerda, campeonato de brisca y domin\u00f3. La gente reunida en el frontis de la municipalidad disfrut\u00f3 junto al alcalde Claudio Zurita, concejales y equipo de trabajo del municipio, de una fiesta muy entretenida. Cada juego ten\u00eda premios y adem\u00e1s, al final de la fiesta, hubo empanadas y chicha para todo el p\u00fablico asistente.<br \/>\nCabe destacar las palabras del Alcalde quien dijo que lo primordial en esta fecha es disfrutar. \u201cComo es tradicional, el \u00faltimo domingo antes de fiestas patrias hacemos una fiesta popular porque queremos compartir nuestra felicidad y lo m\u00e1s importante es que en todas estas competencias entregamos premios en dinero en efectivo. Y qu\u00e9 mejor que rematar con toda esta gente compartiendo empanadas y chicha\u201d.<br \/>\n<strong>Roberto Mercado Aced<\/strong><\/p>\n<div class=\"tiled-gallery type-rectangular tiled-gallery-unresized\" data-original-width=\"640\" data-carousel-extra='null' itemscope itemtype=\"http:\/\/schema.org\/ImageGallery\" > <div class=\"gallery-row\" style=\"width: 640px; height: 213px;\" data-original-width=\"640\" data-original-height=\"213\" > <div class=\"gallery-group images-1\" style=\"width: 320px; height: 213px;\" data-original-width=\"320\" data-original-height=\"213\" > <div class=\"tiled-gallery-item tiled-gallery-item-large\" itemprop=\"associatedMedia\" itemscope itemtype=\"http:\/\/schema.org\/ImageObject\"> <a href=\"https:\/\/eltrabajo.cl\/portal\/multitudinario-inicio-de-festejos-de-fiestas-patrias-en-santa-maria\/inicio-fiestas-patrias-santa-maria-2015-3\/\" border=\"0\" itemprop=\"url\"> <meta itemprop=\"width\" content=\"316\"> <meta itemprop=\"height\" content=\"209\"> <img decoding=\"async\" class=\"\" data-attachment-id=\"61960\" data-orig-file=\"https:\/\/eltrabajo.cl\/portal\/wp-content\/uploads\/2015\/09\/Inicio-fiestas-patrias-Santa-Maria-2015-3.jpg\" data-orig-size=\"530,350\" data-comments-opened=\"1\" data-image-meta=\"{&quot;aperture&quot;:&quot;0&quot;,&quot;credit&quot;:&quot;&quot;,&quot;camera&quot;:&quot;&quot;,&quot;caption&quot;:&quot;&quot;,&quot;created_timestamp&quot;:&quot;0&quot;,&quot;copyright&quot;:&quot;&quot;,&quot;focal_length&quot;:&quot;0&quot;,&quot;iso&quot;:&quot;0&quot;,&quot;shutter_speed&quot;:&quot;0&quot;,&quot;title&quot;:&quot;&quot;,&quot;orientation&quot;:&quot;0&quot;}\" data-image-title=\"Inicio fiestas patrias Santa Maria 2015 (3)\" data-image-description=\"&lt;p&gt;Tanto en la silla musical como en las otras competencias de juegos t\u00edpicos chilenos, los ganadores recib\u00edan un premio en dinero en efectivo. &lt;\/p&gt; \" data-medium-file=\"https:\/\/i0.wp.com\/eltrabajo.cl\/portal\/wp-content\/uploads\/2015\/09\/Inicio-fiestas-patrias-Santa-Maria-2015-3.jpg?fit=300%2C198&#038;ssl=1\" data-large-file=\"https:\/\/i0.wp.com\/eltrabajo.cl\/portal\/wp-content\/uploads\/2015\/09\/Inicio-fiestas-patrias-Santa-Maria-2015-3.jpg?fit=530%2C350&#038;ssl=1\" src=\"https:\/\/i0.wp.com\/eltrabajo.cl\/portal\/wp-content\/uploads\/2015\/09\/Inicio-fiestas-patrias-Santa-Maria-2015-3.jpg?w=316&#038;h=209&#038;ssl=1\" srcset=\"https:\/\/i0.wp.com\/eltrabajo.cl\/portal\/wp-content\/uploads\/2015\/09\/Inicio-fiestas-patrias-Santa-Maria-2015-3.jpg?w=530&amp;ssl=1 530w, https:\/\/i0.wp.com\/eltrabajo.cl\/portal\/wp-content\/uploads\/2015\/09\/Inicio-fiestas-patrias-Santa-Maria-2015-3.jpg?resize=200%2C132&amp;ssl=1 200w, https:\/\/i0.wp.com\/eltrabajo.cl\/portal\/wp-content\/uploads\/2015\/09\/Inicio-fiestas-patrias-Santa-Maria-2015-3.jpg?resize=300%2C198&amp;ssl=1 300w, https:\/\/i0.wp.com\/eltrabajo.cl\/portal\/wp-content\/uploads\/2015\/09\/Inicio-fiestas-patrias-Santa-Maria-2015-3.jpg?resize=227%2C150&amp;ssl=1 227w, https:\/\/i0.wp.com\/eltrabajo.cl\/portal\/wp-content\/uploads\/2015\/09\/Inicio-fiestas-patrias-Santa-Maria-2015-3.jpg?resize=400%2C264&amp;ssl=1 400w\" width=\"316\" height=\"209\" loading=\"lazy\" data-original-width=\"316\" data-original-height=\"209\" itemprop=\"http:\/\/schema.org\/image\" title=\"Inicio fiestas patrias Santa Maria 2015 (3)\" alt=\"Tanto en la silla musical como en las otras competencias de juegos t\u00edpicos chilenos, los ganadores recib\u00edan un premio en dinero en efectivo.\" style=\"width: 316px; height: 209px;\" \/> <\/a> <div class=\"tiled-gallery-caption\" itemprop=\"caption description\"> Tanto en la silla musical como en las otras competencias de juegos t\u00edpicos chilenos, los ganadores recib\u00edan un premio en dinero en efectivo. <\/div> <\/div> <\/div> <!-- close group --> <div class=\"gallery-group images-1\" style=\"width: 320px; height: 213px;\" data-original-width=\"320\" data-original-height=\"213\" > <div class=\"tiled-gallery-item tiled-gallery-item-large\" itemprop=\"associatedMedia\" itemscope itemtype=\"http:\/\/schema.org\/ImageObject\"> <a href=\"https:\/\/eltrabajo.cl\/portal\/multitudinario-inicio-de-festejos-de-fiestas-patrias-en-santa-maria\/inicio-fiestas-patrias-santa-maria-2015-4\/\" border=\"0\" itemprop=\"url\"> <meta itemprop=\"width\" content=\"316\"> <meta itemprop=\"height\" content=\"209\"> <img decoding=\"async\" class=\"\" data-attachment-id=\"61961\" data-orig-file=\"https:\/\/eltrabajo.cl\/portal\/wp-content\/uploads\/2015\/09\/Inicio-fiestas-patrias-Santa-Maria-2015-4.jpg\" data-orig-size=\"530,350\" data-comments-opened=\"1\" data-image-meta=\"{&quot;aperture&quot;:&quot;0&quot;,&quot;credit&quot;:&quot;&quot;,&quot;camera&quot;:&quot;&quot;,&quot;caption&quot;:&quot;&quot;,&quot;created_timestamp&quot;:&quot;0&quot;,&quot;copyright&quot;:&quot;&quot;,&quot;focal_length&quot;:&quot;0&quot;,&quot;iso&quot;:&quot;0&quot;,&quot;shutter_speed&quot;:&quot;0&quot;,&quot;title&quot;:&quot;&quot;,&quot;orientation&quot;:&quot;0&quot;}\" data-image-title=\"Inicio fiestas patrias Santa Maria 2015 (4)\" data-image-description=\"&lt;p&gt;Al t\u00e9rmino de la celebraci\u00f3n, entregaron empanadas y chicha a todos los vecinos que asistieron a la actividad.&lt;\/p&gt; \" data-medium-file=\"https:\/\/i0.wp.com\/eltrabajo.cl\/portal\/wp-content\/uploads\/2015\/09\/Inicio-fiestas-patrias-Santa-Maria-2015-4.jpg?fit=300%2C198&#038;ssl=1\" data-large-file=\"https:\/\/i0.wp.com\/eltrabajo.cl\/portal\/wp-content\/uploads\/2015\/09\/Inicio-fiestas-patrias-Santa-Maria-2015-4.jpg?fit=530%2C350&#038;ssl=1\" src=\"https:\/\/i0.wp.com\/eltrabajo.cl\/portal\/wp-content\/uploads\/2015\/09\/Inicio-fiestas-patrias-Santa-Maria-2015-4.jpg?w=316&#038;h=209&#038;ssl=1\" srcset=\"https:\/\/i0.wp.com\/eltrabajo.cl\/portal\/wp-content\/uploads\/2015\/09\/Inicio-fiestas-patrias-Santa-Maria-2015-4.jpg?w=530&amp;ssl=1 530w, https:\/\/i0.wp.com\/eltrabajo.cl\/portal\/wp-content\/uploads\/2015\/09\/Inicio-fiestas-patrias-Santa-Maria-2015-4.jpg?resize=200%2C132&amp;ssl=1 200w, https:\/\/i0.wp.com\/eltrabajo.cl\/portal\/wp-content\/uploads\/2015\/09\/Inicio-fiestas-patrias-Santa-Maria-2015-4.jpg?resize=300%2C198&amp;ssl=1 300w, https:\/\/i0.wp.com\/eltrabajo.cl\/portal\/wp-content\/uploads\/2015\/09\/Inicio-fiestas-patrias-Santa-Maria-2015-4.jpg?resize=227%2C150&amp;ssl=1 227w, https:\/\/i0.wp.com\/eltrabajo.cl\/portal\/wp-content\/uploads\/2015\/09\/Inicio-fiestas-patrias-Santa-Maria-2015-4.jpg?resize=400%2C264&amp;ssl=1 400w\" width=\"316\" height=\"209\" loading=\"lazy\" data-original-width=\"316\" data-original-height=\"209\" itemprop=\"http:\/\/schema.org\/image\" title=\"Inicio fiestas patrias Santa Maria 2015 (4)\" alt=\"Al t\u00e9rmino de la celebraci\u00f3n, entregaron empanadas y chicha a todos los vecinos que asistieron a la actividad.\" style=\"width: 316px; height: 209px;\" \/> <\/a> <div class=\"tiled-gallery-caption\" itemprop=\"caption description\"> Al t\u00e9rmino de la celebraci\u00f3n, entregaron empanadas y chicha a todos los vecinos que asistieron a la actividad. <\/div> <\/div> <\/div> <!-- close group --> <\/div> <!-- close row --> <\/div>\n","protected":false},"excerpt":{"rendered":"<p>SANTA MAR\u00cdA.&#8211; Ayer Domingo se dio inicio a los festejos de Fiestas Patrias en Santa Mar\u00eda, y la celebraci\u00f3n fue en grande. Con juegos t\u00edpicos chilenos, como la carretilla, la silla musical,&#8230;<\/p>\n","protected":false},"author":482,"featured_media":61959,"comment_status":"open","ping_status":"open","sticky":false,"template":"","format":"standard","meta":{"advanced_seo_description":"","jetpack_seo_html_title":"","jetpack_seo_noindex":false,"_jetpack_memberships_contains_paid_content":false,"footnotes":""},"categories":[1],"tags":[],"class_list":["post-61958","post","type-post","status-publish","format-standard","has-post-thumbnail","hentry","category-cronica"],"jetpack_featured_media_url":"https:\/\/i0.wp.com\/eltrabajo.cl\/portal\/wp-content\/uploads\/2015\/09\/Inicio-fiestas-patrias-Santa-Maria-2015-1.jpg?fit=530%2C349&ssl=1","jetpack_sharing_enabled":true,"jetpack_likes_enabled":true,"jetpack-related-posts":[],"_links":{"self":[{"href":"https:\/\/eltrabajo.cl\/portal\/wp-json\/wp\/v2\/posts\/61958","targetHints":{"allow":["GET"]}}],"collection":[{"href":"https:\/\/eltrabajo.cl\/portal\/wp-json\/wp\/v2\/posts"}],"about":[{"href":"https:\/\/eltrabajo.cl\/portal\/wp-json\/wp\/v2\/types\/post"}],"author":[{"embeddable":true,"href":"https:\/\/eltrabajo.cl\/portal\/wp-json\/wp\/v2\/users\/482"}],"replies":[{"embeddable":true,"href":"https:\/\/eltrabajo.cl\/portal\/wp-json\/wp\/v2\/comments?post=61958"}],"version-history":[{"count":0,"href":"https:\/\/eltrabajo.cl\/portal\/wp-json\/wp\/v2\/posts\/61958\/revisions"}],"wp:featuredmedia":[{"embeddable":true,"href":"https:\/\/eltrabajo.cl\/portal\/wp-json\/wp\/v2\/media\/61959"}],"wp:attachment":[{"href":"https:\/\/eltrabajo.cl\/portal\/wp-json\/wp\/v2\/media?parent=61958"}],"wp:term":[{"taxonomy":"category","embeddable":true,"href":"https:\/\/eltrabajo.cl\/portal\/wp-json\/wp\/v2\/categories?post=61958"},{"taxonomy":"post_tag","embeddable":true,"href":"https:\/\/eltrabajo.cl\/portal\/wp-json\/wp\/v2\/tags?post=61958"}],"curies":[{"name":"wp","href":"https:\/\/api.w.org\/{rel}","templated":true}]}}