{"id":61963,"date":"2015-09-14T09:35:13","date_gmt":"2015-09-14T12:35:13","guid":{"rendered":"http:\/\/www.eltrabajo.cl\/portal\/?p=61963"},"modified":"2015-09-14T09:35:13","modified_gmt":"2015-09-14T12:35:13","slug":"realizan-campeonato-de-cueca-en-escuela-ema-lobos-de-san-roque","status":"publish","type":"post","link":"https:\/\/eltrabajo.cl\/portal\/realizan-campeonato-de-cueca-en-escuela-ema-lobos-de-san-roque\/","title":{"rendered":"Realizan campeonato de cueca en Escuela Ema Lobos de San Roque"},"content":{"rendered":"<figure id=\"attachment_61964\" aria-describedby=\"caption-attachment-61964\" style=\"width: 300px\" class=\"wp-caption alignleft\"><a href=\"https:\/\/i0.wp.com\/www.eltrabajo.cl\/portal\/wp-content\/uploads\/2015\/09\/Campeonato-de-cueca-Panquehue-1.jpg\"><img data-recalc-dims=\"1\" loading=\"lazy\" decoding=\"async\" class=\"wp-image-61964 size-medium\" src=\"https:\/\/i0.wp.com\/www.eltrabajo.cl\/portal\/wp-content\/uploads\/2015\/09\/Campeonato-de-cueca-Panquehue-1-300x198.jpg?resize=300%2C198\" alt=\"Con masiva convocatoria, en la Escuela Ema Lobos realizaron el 17\u00ba campeonato de cueca.\" width=\"300\" height=\"198\" srcset=\"https:\/\/i0.wp.com\/eltrabajo.cl\/portal\/wp-content\/uploads\/2015\/09\/Campeonato-de-cueca-Panquehue-1.jpg?resize=300%2C198&amp;ssl=1 300w, https:\/\/i0.wp.com\/eltrabajo.cl\/portal\/wp-content\/uploads\/2015\/09\/Campeonato-de-cueca-Panquehue-1.jpg?resize=200%2C132&amp;ssl=1 200w, https:\/\/i0.wp.com\/eltrabajo.cl\/portal\/wp-content\/uploads\/2015\/09\/Campeonato-de-cueca-Panquehue-1.jpg?resize=228%2C150&amp;ssl=1 228w, https:\/\/i0.wp.com\/eltrabajo.cl\/portal\/wp-content\/uploads\/2015\/09\/Campeonato-de-cueca-Panquehue-1.jpg?resize=400%2C263&amp;ssl=1 400w, https:\/\/i0.wp.com\/eltrabajo.cl\/portal\/wp-content\/uploads\/2015\/09\/Campeonato-de-cueca-Panquehue-1.jpg?w=530&amp;ssl=1 530w\" sizes=\"auto, (max-width: 300px) 100vw, 300px\" \/><\/a><figcaption id=\"caption-attachment-61964\" class=\"wp-caption-text\">Con masiva convocatoria, en la Escuela Ema Lobos realizaron el 17\u00ba campeonato de cueca.<\/figcaption><\/figure>\n<p><strong>PANQUEHUE<\/strong>.- Una masiva participaci\u00f3n obtuvo la realizaci\u00f3n del 17\u00ba campeonato de cueca realizado en la Escuela Ema Lobos del sector de San Roque en la comuna de Panquehue.<br \/>\nDe acuerdo a lo informado por su directora, Marcela Solar se trata de una actividad que se ha transformado en una tradici\u00f3n en el establecimiento educacional, pues cada a\u00f1o es mayor la cantidad de alumnos que participan de manera muy activa.<br \/>\nEste campeonato de cueca se divide por categor\u00edas, de acuerdo al nivel de curso de la escuela y los primeros lugares en cada nivel, ser\u00e1n premiados el d\u00eda mi\u00e9rcoles 16 de septiembre en el estadio Los Libertadores, durante la realizaci\u00f3n del desfile en homenaje a nuestras fiestas patrias.<br \/>\n\u201cEstamos muy felices por la participaci\u00f3n de la comunidad educativa como asimismo de los padres que participan muy entusiasmados de este campeonato de cueca.<br \/>\n\u201cAdem\u00e1s podemos indicar que esta actividad est\u00e1 inserta en nuestra malla curricular, por lo mismo, los ni\u00f1os lo toman como parte de su formaci\u00f3n y que mejor que cada uno de nuestros alumnos puedan bailar cueca\u201d.<\/p>\n","protected":false},"excerpt":{"rendered":"<p>PANQUEHUE.- Una masiva participaci\u00f3n obtuvo la realizaci\u00f3n del 17\u00ba campeonato de cueca realizado en la Escuela Ema Lobos del sector de San Roque en la comuna de Panquehue. De acuerdo a lo&#8230;<\/p>\n","protected":false},"author":482,"featured_media":61964,"comment_status":"open","ping_status":"open","sticky":false,"template":"","format":"standard","meta":{"advanced_seo_description":"","jetpack_seo_html_title":"","jetpack_seo_noindex":false,"_jetpack_memberships_contains_paid_content":false,"footnotes":""},"categories":[1],"tags":[],"class_list":["post-61963","post","type-post","status-publish","format-standard","has-post-thumbnail","hentry","category-cronica"],"jetpack_featured_media_url":"https:\/\/i0.wp.com\/eltrabajo.cl\/portal\/wp-content\/uploads\/2015\/09\/Campeonato-de-cueca-Panquehue-1.jpg?fit=530%2C349&ssl=1","jetpack_sharing_enabled":true,"jetpack_likes_enabled":true,"jetpack-related-posts":[],"_links":{"self":[{"href":"https:\/\/eltrabajo.cl\/portal\/wp-json\/wp\/v2\/posts\/61963","targetHints":{"allow":["GET"]}}],"collection":[{"href":"https:\/\/eltrabajo.cl\/portal\/wp-json\/wp\/v2\/posts"}],"about":[{"href":"https:\/\/eltrabajo.cl\/portal\/wp-json\/wp\/v2\/types\/post"}],"author":[{"embeddable":true,"href":"https:\/\/eltrabajo.cl\/portal\/wp-json\/wp\/v2\/users\/482"}],"replies":[{"embeddable":true,"href":"https:\/\/eltrabajo.cl\/portal\/wp-json\/wp\/v2\/comments?post=61963"}],"version-history":[{"count":0,"href":"https:\/\/eltrabajo.cl\/portal\/wp-json\/wp\/v2\/posts\/61963\/revisions"}],"wp:featuredmedia":[{"embeddable":true,"href":"https:\/\/eltrabajo.cl\/portal\/wp-json\/wp\/v2\/media\/61964"}],"wp:attachment":[{"href":"https:\/\/eltrabajo.cl\/portal\/wp-json\/wp\/v2\/media?parent=61963"}],"wp:term":[{"taxonomy":"category","embeddable":true,"href":"https:\/\/eltrabajo.cl\/portal\/wp-json\/wp\/v2\/categories?post=61963"},{"taxonomy":"post_tag","embeddable":true,"href":"https:\/\/eltrabajo.cl\/portal\/wp-json\/wp\/v2\/tags?post=61963"}],"curies":[{"name":"wp","href":"https:\/\/api.w.org\/{rel}","templated":true}]}}