{"id":61973,"date":"2015-09-14T09:42:00","date_gmt":"2015-09-14T12:42:00","guid":{"rendered":"http:\/\/www.eltrabajo.cl\/portal\/?p=61973"},"modified":"2015-09-14T09:42:22","modified_gmt":"2015-09-14T12:42:22","slug":"en-prision-preventiva-delincuente-que-robaba-en-casa-mientras-gozaba-de-reclusion-nocturna","status":"publish","type":"post","link":"https:\/\/eltrabajo.cl\/portal\/en-prision-preventiva-delincuente-que-robaba-en-casa-mientras-gozaba-de-reclusion-nocturna\/","title":{"rendered":"En prisi\u00f3n preventiva delincuente que robaba en casa mientras gozaba de reclusi\u00f3n nocturna"},"content":{"rendered":"<figure id=\"attachment_61974\" aria-describedby=\"caption-attachment-61974\" style=\"width: 300px\" class=\"wp-caption alignleft\"><a href=\"https:\/\/i0.wp.com\/www.eltrabajo.cl\/portal\/wp-content\/uploads\/2015\/09\/jaime_moreno3.jpg\"><img data-recalc-dims=\"1\" loading=\"lazy\" decoding=\"async\" class=\"wp-image-61974 size-medium\" src=\"https:\/\/i0.wp.com\/www.eltrabajo.cl\/portal\/wp-content\/uploads\/2015\/09\/jaime_moreno3-300x198.jpg?resize=300%2C198\" alt=\"Jaime Moreno fue formalizado por robo en lugar habitado, quedando en prisi\u00f3n preventiva por tres meses.\" width=\"300\" height=\"198\" srcset=\"https:\/\/i0.wp.com\/eltrabajo.cl\/portal\/wp-content\/uploads\/2015\/09\/jaime_moreno3.jpg?resize=300%2C198&amp;ssl=1 300w, https:\/\/i0.wp.com\/eltrabajo.cl\/portal\/wp-content\/uploads\/2015\/09\/jaime_moreno3.jpg?resize=200%2C132&amp;ssl=1 200w, https:\/\/i0.wp.com\/eltrabajo.cl\/portal\/wp-content\/uploads\/2015\/09\/jaime_moreno3.jpg?resize=228%2C150&amp;ssl=1 228w, https:\/\/i0.wp.com\/eltrabajo.cl\/portal\/wp-content\/uploads\/2015\/09\/jaime_moreno3.jpg?resize=400%2C263&amp;ssl=1 400w, https:\/\/i0.wp.com\/eltrabajo.cl\/portal\/wp-content\/uploads\/2015\/09\/jaime_moreno3.jpg?w=530&amp;ssl=1 530w\" sizes=\"auto, (max-width: 300px) 100vw, 300px\" \/><\/a><figcaption id=\"caption-attachment-61974\" class=\"wp-caption-text\">Jaime Moreno fue formalizado por robo en lugar habitado, quedando en prisi\u00f3n preventiva por tres meses.<\/figcaption><\/figure>\n<ul>\n<li><strong>Fue descubierto por sus moradores quienes junto a Carabineros iniciaron una persecuci\u00f3n los techos y patios de otros inmuebles.<\/strong><\/li>\n<\/ul>\n<p><strong>LOS ANDES<\/strong>.- Un peligroso delincuente habitual que se encontraba gozando del beneficio de reclusi\u00f3n nocturna domiciliaria por un delito de robo, fue detenido la madrugada de este domingo tras ingresar a un inmueble a sustraer especies, siendo descubierto por sus moradores y capturado tras una espectacular persecuci\u00f3n.<br \/>\nEl hecho se produjo cerca de las 3 de la ma\u00f1ana, cuando el antisocial identificado como Jaime Osvaldo Moreno Moreno (38), ingres\u00f3 mediante escalamiento del cierre perimetral a un inmueble ubicado en la calle Salvador Allende de la villa Los Almendros.<br \/>\nActo seguido y con un elemento contundente rompi\u00f3 el vidrio del ventanal principal de la propiedad con claras intenciones de ingresar a robar.<br \/>\nEl ruido despert\u00f3 a los moradores que al levantarse se encontraron a boca de jarro con el antisocial, el cual al verlos huy\u00f3 de la propiedad saltando el cierre perimetral nuevamente.<br \/>\nLos due\u00f1os de casa pidieron ayuda a vecinos y varias personas comenzaron a perseguir al delincuente, quien para no ser detenido por la turba comenz\u00f3 a ingresar a los patios de varios inmuebles de la poblaci\u00f3n Ambrosio O\u2019Higgins y desde all\u00ed subi\u00f3 a los techos.<br \/>\nEn esos momentos llegaron al lugar varias patrullas de Carabineros que hab\u00edan sido alertadas del robo, activ\u00e1ndose una operaci\u00f3n rastrillo logrando cercar al ladr\u00f3n sobre un techo de una casa deshabitada en el pasaje Anibal Pinto de la mencionada poblaci\u00f3n.<br \/>\nEl ratero trat\u00f3 nuevamente de escapar, pero tuvo mala suerte y cay\u00f3 del techo, siendo apresado por vecinos y Carabineros.<br \/>\nAl revisar sus antecedentes se estableci\u00f3 que este sujeto deb\u00eda estar cumpliendo con la reclusi\u00f3n nocturna domiciliaria por otro delito de robo a que hab\u00eda sido condenado en abril pasado.<br \/>\nEl delincuente fue puesto a disposici\u00f3n del Tribunal de Garant\u00eda la ma\u00f1ana de este domingo donde el fiscal Alberto Gertosio lo formaliz\u00f3 por el delito de robo en lugar habitado.<br \/>\nPor ser considerado un peligro para la seguridad de la sociedad y de la v\u00edctima, la jueza Carolina Encalada decret\u00f3 su ingreso a prisi\u00f3n preventiva por los tres meses que durar\u00e1 la investigaci\u00f3n de los hechos.<\/p>\n","protected":false},"excerpt":{"rendered":"<p>Fue descubierto por sus moradores quienes junto a Carabineros iniciaron una persecuci\u00f3n los techos y patios de otros inmuebles. LOS ANDES.- Un peligroso delincuente habitual que se encontraba gozando del beneficio de&#8230;<\/p>\n","protected":false},"author":482,"featured_media":61974,"comment_status":"open","ping_status":"open","sticky":false,"template":"","format":"standard","meta":{"advanced_seo_description":"","jetpack_seo_html_title":"","jetpack_seo_noindex":false,"_jetpack_memberships_contains_paid_content":false,"footnotes":""},"categories":[21],"tags":[],"class_list":["post-61973","post","type-post","status-publish","format-standard","has-post-thumbnail","hentry","category-policial"],"jetpack_featured_media_url":"https:\/\/i0.wp.com\/eltrabajo.cl\/portal\/wp-content\/uploads\/2015\/09\/jaime_moreno3.jpg?fit=530%2C349&ssl=1","jetpack_sharing_enabled":true,"jetpack_likes_enabled":true,"jetpack-related-posts":[],"_links":{"self":[{"href":"https:\/\/eltrabajo.cl\/portal\/wp-json\/wp\/v2\/posts\/61973","targetHints":{"allow":["GET"]}}],"collection":[{"href":"https:\/\/eltrabajo.cl\/portal\/wp-json\/wp\/v2\/posts"}],"about":[{"href":"https:\/\/eltrabajo.cl\/portal\/wp-json\/wp\/v2\/types\/post"}],"author":[{"embeddable":true,"href":"https:\/\/eltrabajo.cl\/portal\/wp-json\/wp\/v2\/users\/482"}],"replies":[{"embeddable":true,"href":"https:\/\/eltrabajo.cl\/portal\/wp-json\/wp\/v2\/comments?post=61973"}],"version-history":[{"count":0,"href":"https:\/\/eltrabajo.cl\/portal\/wp-json\/wp\/v2\/posts\/61973\/revisions"}],"wp:featuredmedia":[{"embeddable":true,"href":"https:\/\/eltrabajo.cl\/portal\/wp-json\/wp\/v2\/media\/61974"}],"wp:attachment":[{"href":"https:\/\/eltrabajo.cl\/portal\/wp-json\/wp\/v2\/media?parent=61973"}],"wp:term":[{"taxonomy":"category","embeddable":true,"href":"https:\/\/eltrabajo.cl\/portal\/wp-json\/wp\/v2\/categories?post=61973"},{"taxonomy":"post_tag","embeddable":true,"href":"https:\/\/eltrabajo.cl\/portal\/wp-json\/wp\/v2\/tags?post=61973"}],"curies":[{"name":"wp","href":"https:\/\/api.w.org\/{rel}","templated":true}]}}