{"id":61977,"date":"2015-09-14T09:43:18","date_gmt":"2015-09-14T12:43:18","guid":{"rendered":"http:\/\/www.eltrabajo.cl\/portal\/?p=61977"},"modified":"2015-09-14T09:43:18","modified_gmt":"2015-09-14T12:43:18","slug":"encuentran-en-chile-a-menor-desaparecida-en-argentina","status":"publish","type":"post","link":"https:\/\/eltrabajo.cl\/portal\/encuentran-en-chile-a-menor-desaparecida-en-argentina\/","title":{"rendered":"Encuentran en Chile a menor desaparecida en Argentina"},"content":{"rendered":"<figure id=\"attachment_61978\" aria-describedby=\"caption-attachment-61978\" style=\"width: 300px\" class=\"wp-caption alignleft\"><a href=\"https:\/\/i0.wp.com\/www.eltrabajo.cl\/portal\/wp-content\/uploads\/2015\/09\/abigail.jpg\"><img data-recalc-dims=\"1\" loading=\"lazy\" decoding=\"async\" class=\"wp-image-61978 size-medium\" src=\"https:\/\/i0.wp.com\/www.eltrabajo.cl\/portal\/wp-content\/uploads\/2015\/09\/abigail-300x198.jpg?resize=300%2C198\" alt=\"La adolescente de 13 a\u00f1os de edad llevaba desaparecida diez d\u00edas, cuando fue hallada por un camionero argentino en territorio chileno.\" width=\"300\" height=\"198\" srcset=\"https:\/\/i0.wp.com\/eltrabajo.cl\/portal\/wp-content\/uploads\/2015\/09\/abigail.jpg?resize=300%2C198&amp;ssl=1 300w, https:\/\/i0.wp.com\/eltrabajo.cl\/portal\/wp-content\/uploads\/2015\/09\/abigail.jpg?resize=200%2C132&amp;ssl=1 200w, https:\/\/i0.wp.com\/eltrabajo.cl\/portal\/wp-content\/uploads\/2015\/09\/abigail.jpg?resize=228%2C150&amp;ssl=1 228w, https:\/\/i0.wp.com\/eltrabajo.cl\/portal\/wp-content\/uploads\/2015\/09\/abigail.jpg?resize=400%2C263&amp;ssl=1 400w, https:\/\/i0.wp.com\/eltrabajo.cl\/portal\/wp-content\/uploads\/2015\/09\/abigail.jpg?w=530&amp;ssl=1 530w\" sizes=\"auto, (max-width: 300px) 100vw, 300px\" \/><\/a><figcaption id=\"caption-attachment-61978\" class=\"wp-caption-text\">La adolescente de 13 a\u00f1os de edad llevaba desaparecida diez d\u00edas, cuando fue hallada por un camionero argentino en territorio chileno.<\/figcaption><\/figure>\n<ul>\n<li><strong>Seg\u00fan el chofer recogi\u00f3 a la adolescente haciendo dedo en nuestro pa\u00eds y luego cruzaron la frontera.<\/strong><\/li>\n<\/ul>\n<p><strong>LOS ANDES.<\/strong>&#8211; Una adolescente de 13 a\u00f1os desparecida desde hace diez d\u00edas desde la ciudad de San Juan en Argentina fue hallada haciendo dedo en territorio chileno por un camionero trasandino.<br \/>\nLa informaci\u00f3n consignada por el diario Los Andes de Mendoza que la joven de nombre Abigail fue encontrada a bordo de un cami\u00f3n con patente Argentina durante un control de la Gendarmer\u00eda Nacional de ese pa\u00eds en Punta de Vacas.<br \/>\nSeg\u00fan consigna el matutino mendocino, la menor estaba en buenas condiciones y declar\u00f3 a la polic\u00eda de ese pa\u00eds que no hab\u00eda sido secuestrada, pese a que sus padres hab\u00edan reportado la denuncia por su desaparici\u00f3n hace diez d\u00edas cuando no regres\u00f3 de su colegio.<br \/>\nEl chofer del cami\u00f3n declar\u00f3 que recogi\u00f3 a la ni\u00f1a en el lado chileno cuando hac\u00eda dedo en la ruta y luego cruzaron la frontera por el paso Cristo Redentor.<br \/>\nAhora se deber\u00e1 establecer como sali\u00f3 de Argentina e ingres\u00f3 presuntamente a nuestro pa\u00eds burlando los controles migratorios en Horcones y Uspallata.<\/p>\n","protected":false},"excerpt":{"rendered":"<p>Seg\u00fan el chofer recogi\u00f3 a la adolescente haciendo dedo en nuestro pa\u00eds y luego cruzaron la frontera. LOS ANDES.&#8211; Una adolescente de 13 a\u00f1os desparecida desde hace diez d\u00edas desde la ciudad&#8230;<\/p>\n","protected":false},"author":482,"featured_media":61978,"comment_status":"open","ping_status":"open","sticky":false,"template":"","format":"standard","meta":{"advanced_seo_description":"","jetpack_seo_html_title":"","jetpack_seo_noindex":false,"_jetpack_memberships_contains_paid_content":false,"footnotes":""},"categories":[21],"tags":[],"class_list":["post-61977","post","type-post","status-publish","format-standard","has-post-thumbnail","hentry","category-policial"],"jetpack_featured_media_url":"https:\/\/i0.wp.com\/eltrabajo.cl\/portal\/wp-content\/uploads\/2015\/09\/abigail.jpg?fit=530%2C349&ssl=1","jetpack_sharing_enabled":true,"jetpack_likes_enabled":true,"jetpack-related-posts":[],"_links":{"self":[{"href":"https:\/\/eltrabajo.cl\/portal\/wp-json\/wp\/v2\/posts\/61977","targetHints":{"allow":["GET"]}}],"collection":[{"href":"https:\/\/eltrabajo.cl\/portal\/wp-json\/wp\/v2\/posts"}],"about":[{"href":"https:\/\/eltrabajo.cl\/portal\/wp-json\/wp\/v2\/types\/post"}],"author":[{"embeddable":true,"href":"https:\/\/eltrabajo.cl\/portal\/wp-json\/wp\/v2\/users\/482"}],"replies":[{"embeddable":true,"href":"https:\/\/eltrabajo.cl\/portal\/wp-json\/wp\/v2\/comments?post=61977"}],"version-history":[{"count":0,"href":"https:\/\/eltrabajo.cl\/portal\/wp-json\/wp\/v2\/posts\/61977\/revisions"}],"wp:featuredmedia":[{"embeddable":true,"href":"https:\/\/eltrabajo.cl\/portal\/wp-json\/wp\/v2\/media\/61978"}],"wp:attachment":[{"href":"https:\/\/eltrabajo.cl\/portal\/wp-json\/wp\/v2\/media?parent=61977"}],"wp:term":[{"taxonomy":"category","embeddable":true,"href":"https:\/\/eltrabajo.cl\/portal\/wp-json\/wp\/v2\/categories?post=61977"},{"taxonomy":"post_tag","embeddable":true,"href":"https:\/\/eltrabajo.cl\/portal\/wp-json\/wp\/v2\/tags?post=61977"}],"curies":[{"name":"wp","href":"https:\/\/api.w.org\/{rel}","templated":true}]}}