{"id":61993,"date":"2015-09-15T09:16:26","date_gmt":"2015-09-15T12:16:26","guid":{"rendered":"http:\/\/www.eltrabajo.cl\/portal\/?p=61993"},"modified":"2015-09-15T09:16:26","modified_gmt":"2015-09-15T12:16:26","slug":"cuerpo-de-bomberos-de-los-andes-conmemoro-aniversario-no-129","status":"publish","type":"post","link":"https:\/\/eltrabajo.cl\/portal\/cuerpo-de-bomberos-de-los-andes-conmemoro-aniversario-no-129\/","title":{"rendered":"Cuerpo de Bomberos de Los Andes conmemor\u00f3 aniversario N\u00ba 129"},"content":{"rendered":"<figure id=\"attachment_61994\" aria-describedby=\"caption-attachment-61994\" style=\"width: 300px\" class=\"wp-caption alignleft\"><a href=\"https:\/\/i0.wp.com\/www.eltrabajo.cl\/portal\/wp-content\/uploads\/2015\/09\/la_principal.jpg\"><img data-recalc-dims=\"1\" loading=\"lazy\" decoding=\"async\" class=\"wp-image-61994 size-medium\" src=\"https:\/\/i0.wp.com\/www.eltrabajo.cl\/portal\/wp-content\/uploads\/2015\/09\/la_principal-300x197.jpg?resize=300%2C197\" alt=\"Durante el domingo reci\u00e9n pasado, el Cuerpo de Bomberos de Los Andes celebr\u00f3 con una ceremonia solemne su 129\u00b0 aniversario.\" width=\"300\" height=\"197\" srcset=\"https:\/\/i0.wp.com\/eltrabajo.cl\/portal\/wp-content\/uploads\/2015\/09\/la_principal.jpg?resize=300%2C197&amp;ssl=1 300w, https:\/\/i0.wp.com\/eltrabajo.cl\/portal\/wp-content\/uploads\/2015\/09\/la_principal.jpg?resize=200%2C131&amp;ssl=1 200w, https:\/\/i0.wp.com\/eltrabajo.cl\/portal\/wp-content\/uploads\/2015\/09\/la_principal.jpg?resize=228%2C150&amp;ssl=1 228w, https:\/\/i0.wp.com\/eltrabajo.cl\/portal\/wp-content\/uploads\/2015\/09\/la_principal.jpg?resize=400%2C263&amp;ssl=1 400w, https:\/\/i0.wp.com\/eltrabajo.cl\/portal\/wp-content\/uploads\/2015\/09\/la_principal.jpg?w=530&amp;ssl=1 530w\" sizes=\"auto, (max-width: 300px) 100vw, 300px\" \/><\/a><figcaption id=\"caption-attachment-61994\" class=\"wp-caption-text\">Durante el domingo reci\u00e9n pasado, el Cuerpo de Bomberos de Los Andes celebr\u00f3 con una ceremonia solemne su 129\u00b0 aniversario.<\/figcaption><\/figure>\n<ul>\n<li><strong>En el desarrollo de la ceremonia se entregaron reconocimientos a voluntarios de las seis compa\u00f1\u00edas con 5, 10, 15, 20, 25, 30 y 35 a\u00f1os de servicio.<\/strong><\/li>\n<\/ul>\n<p><strong>LOS ANDES.<\/strong>&#8211; El Cuerpo de Bomberos de Los Andes celebr\u00f3 con una ceremonia solemne su 129\u00b0 aniversario, desde que fuera fundado el 18 de septiembre de 1886, actividad que se realiz\u00f3 la ma\u00f1ana del pasado domingo en la Sal\u00f3n Rojo Dar\u00edo Risopatr\u00f3n del cuartel central.<br \/>\nEncabezaron la actividad la gobernadora provincial Mar\u00eda Victoria Rodr\u00edguez y el superintendente de la instituci\u00f3n, Enrique Mu\u00f1oz Calder\u00f3n.<br \/>\nTambi\u00e9n estuvieron presentes el directorio general del cuerpo, oficiales, bomberos, brigadieres y aspirantes pertenecientes a las seis compa\u00f1\u00edas, asimismo de representantes de instituciones como el Ej\u00e9rcito, Gendarmer\u00eda, Cruz Roja y Damas de Rojo, e invitados.<br \/>\nLuego de haberse interpretados los Himnos de Chile y de Los Andes, se rindi\u00f3 un minuto de silencio en recuerdo de los bomberos m\u00e1rtires y los fallecidos durante el \u00faltimo a\u00f1o.<br \/>\nEn el desarrollo de la ceremonia se entregaron reconocimientos a voluntarios de las seis compa\u00f1\u00edas con 5, 10, 15, 20, 25, 30 y 35 a\u00f1os de servicio, a la vez de otorgarse la certificaci\u00f3n de \u2018Bombero Operativo\u2019 a quienes llevan 20 o m\u00e1s a\u00f1os en la instituci\u00f3n.<br \/>\nLos principales reconocimientos fueron para quienes cumplieron 50 a\u00f1os de servicio, los Bombero Honorario Mois\u00e9s Guerra Guzm\u00e1n y Enrique Rombado Gaete, de la Primera Compa\u00f1\u00eda Bomba Andes; y Floridor Zamora Hidalgo, de la Segunda Compa\u00f1\u00eda Pompa Roma; y por 55 a\u00f1os el Bombero Honorario \u00d3scar Contreras Calder\u00f3n, de la Primera Compa\u00f1\u00eda Bomba Andes.<br \/>\nAl hacer uso de la palabra y referirse a este nuevo aniversario, Enrique Mu\u00f1oz, superintendente del Cuerpo de Bomberos de Los Andes, indic\u00f3 que como la misi\u00f3n de cada bombero \u201ces brindar servicio a la comunidad en el sentido m\u00e1s amplio, por eso creo que hay pocas cosas m\u00e1s gratas para el ser humano que sentirse \u00fatil, salvar bienes y, lo m\u00e1s importante, salvar vidas. Es all\u00ed cuando el estudio, el entrenamiento y la preparaci\u00f3n asumida con mucha responsabilidad tienen su plena justificaci\u00f3n, que es lo que hace a esta vocaci\u00f3n sea llena de satisfacci\u00f3n. Hoy debemos agradecer por siempre a hombres como nuestros antecesores el habernos dejado este legado producto de un colosal esfuerzo y dedicaci\u00f3n\u201d, resalt\u00f3.<br \/>\nPor su parte, la gobernadora Mar\u00eda Victoria Rodr\u00edguez, al intervenir para dar su saludo, manifest\u00f3 que los bomberos de Los Andes y Calle Larga \u201cse distinguen por su entrega, servicios, abnegada, humanitaria y sacrificada labor en todas las acciones que se desarrollan en la provincia, por eso quiero agradecer a esta instituci\u00f3n el noble ejemplo que nos dan desde el voluntariado, buscando en el hacer el bien la misi\u00f3n de su vida. Por eso valoro lo que significa contar con esta instituci\u00f3n, que nos da siempre la seguridad de la protecci\u00f3n cuando es necesario\u201d.<\/p>\n","protected":false},"excerpt":{"rendered":"<p>En el desarrollo de la ceremonia se entregaron reconocimientos a voluntarios de las seis compa\u00f1\u00edas con 5, 10, 15, 20, 25, 30 y 35 a\u00f1os de servicio. LOS ANDES.&#8211; El Cuerpo de&#8230;<\/p>\n","protected":false},"author":482,"featured_media":61994,"comment_status":"open","ping_status":"open","sticky":false,"template":"","format":"standard","meta":{"advanced_seo_description":"","jetpack_seo_html_title":"","jetpack_seo_noindex":false,"_jetpack_memberships_contains_paid_content":false,"footnotes":""},"categories":[15],"tags":[],"class_list":["post-61993","post","type-post","status-publish","format-standard","has-post-thumbnail","hentry","category-comunidad"],"jetpack_featured_media_url":"https:\/\/i0.wp.com\/eltrabajo.cl\/portal\/wp-content\/uploads\/2015\/09\/la_principal.jpg?fit=530%2C348&ssl=1","jetpack_sharing_enabled":true,"jetpack_likes_enabled":true,"jetpack-related-posts":[],"_links":{"self":[{"href":"https:\/\/eltrabajo.cl\/portal\/wp-json\/wp\/v2\/posts\/61993","targetHints":{"allow":["GET"]}}],"collection":[{"href":"https:\/\/eltrabajo.cl\/portal\/wp-json\/wp\/v2\/posts"}],"about":[{"href":"https:\/\/eltrabajo.cl\/portal\/wp-json\/wp\/v2\/types\/post"}],"author":[{"embeddable":true,"href":"https:\/\/eltrabajo.cl\/portal\/wp-json\/wp\/v2\/users\/482"}],"replies":[{"embeddable":true,"href":"https:\/\/eltrabajo.cl\/portal\/wp-json\/wp\/v2\/comments?post=61993"}],"version-history":[{"count":0,"href":"https:\/\/eltrabajo.cl\/portal\/wp-json\/wp\/v2\/posts\/61993\/revisions"}],"wp:featuredmedia":[{"embeddable":true,"href":"https:\/\/eltrabajo.cl\/portal\/wp-json\/wp\/v2\/media\/61994"}],"wp:attachment":[{"href":"https:\/\/eltrabajo.cl\/portal\/wp-json\/wp\/v2\/media?parent=61993"}],"wp:term":[{"taxonomy":"category","embeddable":true,"href":"https:\/\/eltrabajo.cl\/portal\/wp-json\/wp\/v2\/categories?post=61993"},{"taxonomy":"post_tag","embeddable":true,"href":"https:\/\/eltrabajo.cl\/portal\/wp-json\/wp\/v2\/tags?post=61993"}],"curies":[{"name":"wp","href":"https:\/\/api.w.org\/{rel}","templated":true}]}}