{"id":61996,"date":"2015-09-15T09:17:35","date_gmt":"2015-09-15T12:17:35","guid":{"rendered":"http:\/\/www.eltrabajo.cl\/portal\/?p=61996"},"modified":"2015-09-15T09:17:35","modified_gmt":"2015-09-15T12:17:35","slug":"invitan-a-celebrar-te-deum-de-fiestas-patrias-en-iglesia-catedral-de-san-felipe","status":"publish","type":"post","link":"https:\/\/eltrabajo.cl\/portal\/invitan-a-celebrar-te-deum-de-fiestas-patrias-en-iglesia-catedral-de-san-felipe\/","title":{"rendered":"Invitan a celebrar Te Deum de Fiestas Patrias en Iglesia Catedral de San Felipe"},"content":{"rendered":"<figure id=\"attachment_61997\" aria-describedby=\"caption-attachment-61997\" style=\"width: 300px\" class=\"wp-caption alignleft\"><a href=\"https:\/\/i0.wp.com\/www.eltrabajo.cl\/portal\/wp-content\/uploads\/2015\/09\/Catedral-san-felipe.jpg\"><img data-recalc-dims=\"1\" loading=\"lazy\" decoding=\"async\" class=\"wp-image-61997 size-medium\" src=\"https:\/\/i0.wp.com\/www.eltrabajo.cl\/portal\/wp-content\/uploads\/2015\/09\/Catedral-san-felipe-300x198.jpg?resize=300%2C198\" alt=\"Este viernes 18 de septiembre se celebrar\u00e1 el Te Deum en la Catedral de San Felipe a las 10 horas.\" width=\"300\" height=\"198\" srcset=\"https:\/\/i0.wp.com\/eltrabajo.cl\/portal\/wp-content\/uploads\/2015\/09\/Catedral-san-felipe.jpg?resize=300%2C198&amp;ssl=1 300w, https:\/\/i0.wp.com\/eltrabajo.cl\/portal\/wp-content\/uploads\/2015\/09\/Catedral-san-felipe.jpg?resize=200%2C132&amp;ssl=1 200w, https:\/\/i0.wp.com\/eltrabajo.cl\/portal\/wp-content\/uploads\/2015\/09\/Catedral-san-felipe.jpg?resize=227%2C150&amp;ssl=1 227w, https:\/\/i0.wp.com\/eltrabajo.cl\/portal\/wp-content\/uploads\/2015\/09\/Catedral-san-felipe.jpg?resize=400%2C264&amp;ssl=1 400w, https:\/\/i0.wp.com\/eltrabajo.cl\/portal\/wp-content\/uploads\/2015\/09\/Catedral-san-felipe.jpg?w=530&amp;ssl=1 530w\" sizes=\"auto, (max-width: 300px) 100vw, 300px\" \/><\/a><figcaption id=\"caption-attachment-61997\" class=\"wp-caption-text\">Este viernes 18 de septiembre se celebrar\u00e1 el Te Deum en la Catedral de San Felipe a las 10 horas.<\/figcaption><\/figure>\n<ul>\n<li><strong>La celebraci\u00f3n se efectuar\u00e1 el d\u00eda 18 de septiembre a las 10:00 horas en la Iglesia Catedral de San Felipe y ser\u00e1 encabezada por el Obispo diocesano Cristi\u00e1n Contreras Molina, OdeM.<\/strong><\/li>\n<\/ul>\n<p>Mons. Cristi\u00e1n Contreras Molina, Obispo de San Felipe, est\u00e1 invitando a toda la comunidad de Aconcagua a elevar una oraci\u00f3n agradecida por un nuevo aniversario patrio, este pr\u00f3ximo viernes 18 de septiembre a las 10:00 horas, cuando en la Iglesia Catedral de San Felipe se celebre el tradicional Te Deum de fiestas patrias 2015.<br \/>\nA esta celebraci\u00f3n del Te Deum est\u00e1n invitadas las m\u00e1ximas autoridades civiles y militares de las provincias de Los Andes, San Felipe y Petorca, junto a las comunidades parroquiales, movimientos eclesiales y colegios, quienes unidos al Pastor diocesano de San Felipe agradecer\u00e1n a Dios por nuestro pa\u00eds, pero tambi\u00e9n pedir\u00e1n para que el pa\u00eds avance en la construcci\u00f3n de una sociedad justa y equitativa.<br \/>\nPara quienes no puedan llegar por diversos motivos a la celebraci\u00f3n en el templo catedral, la liturgia ser\u00e1 transmitida por Radio Encuentro 105.7 FM en Aconcagua y en su se\u00f1al on line de www.radioencuentrofm.cl.<\/p>\n","protected":false},"excerpt":{"rendered":"<p>La celebraci\u00f3n se efectuar\u00e1 el d\u00eda 18 de septiembre a las 10:00 horas en la Iglesia Catedral de San Felipe y ser\u00e1 encabezada por el Obispo diocesano Cristi\u00e1n Contreras Molina, OdeM. Mons&#8230;.<\/p>\n","protected":false},"author":482,"featured_media":61997,"comment_status":"open","ping_status":"open","sticky":false,"template":"","format":"standard","meta":{"advanced_seo_description":"","jetpack_seo_html_title":"","jetpack_seo_noindex":false,"_jetpack_memberships_contains_paid_content":false,"footnotes":""},"categories":[15],"tags":[],"class_list":["post-61996","post","type-post","status-publish","format-standard","has-post-thumbnail","hentry","category-comunidad"],"jetpack_featured_media_url":"https:\/\/i0.wp.com\/eltrabajo.cl\/portal\/wp-content\/uploads\/2015\/09\/Catedral-san-felipe.jpg?fit=530%2C350&ssl=1","jetpack_sharing_enabled":true,"jetpack_likes_enabled":true,"jetpack-related-posts":[],"_links":{"self":[{"href":"https:\/\/eltrabajo.cl\/portal\/wp-json\/wp\/v2\/posts\/61996","targetHints":{"allow":["GET"]}}],"collection":[{"href":"https:\/\/eltrabajo.cl\/portal\/wp-json\/wp\/v2\/posts"}],"about":[{"href":"https:\/\/eltrabajo.cl\/portal\/wp-json\/wp\/v2\/types\/post"}],"author":[{"embeddable":true,"href":"https:\/\/eltrabajo.cl\/portal\/wp-json\/wp\/v2\/users\/482"}],"replies":[{"embeddable":true,"href":"https:\/\/eltrabajo.cl\/portal\/wp-json\/wp\/v2\/comments?post=61996"}],"version-history":[{"count":0,"href":"https:\/\/eltrabajo.cl\/portal\/wp-json\/wp\/v2\/posts\/61996\/revisions"}],"wp:featuredmedia":[{"embeddable":true,"href":"https:\/\/eltrabajo.cl\/portal\/wp-json\/wp\/v2\/media\/61997"}],"wp:attachment":[{"href":"https:\/\/eltrabajo.cl\/portal\/wp-json\/wp\/v2\/media?parent=61996"}],"wp:term":[{"taxonomy":"category","embeddable":true,"href":"https:\/\/eltrabajo.cl\/portal\/wp-json\/wp\/v2\/categories?post=61996"},{"taxonomy":"post_tag","embeddable":true,"href":"https:\/\/eltrabajo.cl\/portal\/wp-json\/wp\/v2\/tags?post=61996"}],"curies":[{"name":"wp","href":"https:\/\/api.w.org\/{rel}","templated":true}]}}