{"id":61999,"date":"2015-09-15T09:19:01","date_gmt":"2015-09-15T12:19:01","guid":{"rendered":"http:\/\/www.eltrabajo.cl\/portal\/?p=61999"},"modified":"2015-09-15T09:19:01","modified_gmt":"2015-09-15T12:19:01","slug":"realizan-jornada-de-autocuidado-para-mujeres-cateminas","status":"publish","type":"post","link":"https:\/\/eltrabajo.cl\/portal\/realizan-jornada-de-autocuidado-para-mujeres-cateminas\/","title":{"rendered":"Realizan jornada de autocuidado para mujeres cateminas"},"content":{"rendered":"<figure id=\"attachment_62000\" aria-describedby=\"caption-attachment-62000\" style=\"width: 300px\" class=\"wp-caption alignleft\"><a href=\"https:\/\/i0.wp.com\/www.eltrabajo.cl\/portal\/wp-content\/uploads\/2015\/09\/AUTOCUIDADO-OFICINA-DE-LA-MUJER.jpg\"><img data-recalc-dims=\"1\" loading=\"lazy\" decoding=\"async\" class=\"wp-image-62000 size-medium\" src=\"https:\/\/i0.wp.com\/www.eltrabajo.cl\/portal\/wp-content\/uploads\/2015\/09\/AUTOCUIDADO-OFICINA-DE-LA-MUJER-300x198.jpg?resize=300%2C198\" alt=\"Participaron de la actividad mujeres de los 12 centros de madres de Catemu, representantes del Centro Cultural Los Pumas, del comit\u00e9 de vivienda \u2018San Francisco de As\u00eds\u2019 y agrupaciones de mujeres.\" width=\"300\" height=\"198\" srcset=\"https:\/\/i0.wp.com\/eltrabajo.cl\/portal\/wp-content\/uploads\/2015\/09\/AUTOCUIDADO-OFICINA-DE-LA-MUJER.jpg?resize=300%2C198&amp;ssl=1 300w, https:\/\/i0.wp.com\/eltrabajo.cl\/portal\/wp-content\/uploads\/2015\/09\/AUTOCUIDADO-OFICINA-DE-LA-MUJER.jpg?resize=200%2C132&amp;ssl=1 200w, https:\/\/i0.wp.com\/eltrabajo.cl\/portal\/wp-content\/uploads\/2015\/09\/AUTOCUIDADO-OFICINA-DE-LA-MUJER.jpg?resize=228%2C150&amp;ssl=1 228w, https:\/\/i0.wp.com\/eltrabajo.cl\/portal\/wp-content\/uploads\/2015\/09\/AUTOCUIDADO-OFICINA-DE-LA-MUJER.jpg?resize=400%2C263&amp;ssl=1 400w, https:\/\/i0.wp.com\/eltrabajo.cl\/portal\/wp-content\/uploads\/2015\/09\/AUTOCUIDADO-OFICINA-DE-LA-MUJER.jpg?w=530&amp;ssl=1 530w\" sizes=\"auto, (max-width: 300px) 100vw, 300px\" \/><\/a><figcaption id=\"caption-attachment-62000\" class=\"wp-caption-text\">Participaron de la actividad mujeres de los 12 centros de madres de Catemu, representantes del Centro Cultural Los Pumas, del comit\u00e9 de vivienda \u2018San Francisco de As\u00eds\u2019 y agrupaciones de mujeres.<\/figcaption><\/figure>\n<p><strong>CATEMU<\/strong>.- La Oficina Municipal de la Mujer de Catemu, realiz\u00f3 una actividad de autocuidado con mujeres de la comuna, con una gran convocatoria, especialmente orientada a dar un momento agradable a las mujeres de Catemu, que han manifestado el inter\u00e9s de participar de este tipo de instancias directamente en la Oficina de la mujer.<br \/>\nEn esta oportunidad participaron mujeres de los 12 centros de madres de Catemu, representantes del Centro Cultural Los Pumas, del comit\u00e9 de vivienda \u2018San Francisco de As\u00eds\u2019 y agrupaciones de mujeres.<br \/>\nDurante la jornada se realizaron diferentes din\u00e1micas, una de ellas a cargo de la sic\u00f3loga del Cesfam, Christie Silva, quien a trav\u00e9s de diferentes din\u00e1micas ense\u00f1\u00f3 a las presentes a trabajar la respiraci\u00f3n y sencillas t\u00e9cnicas de relajaci\u00f3n, para aplicar en sus hogares, sin mayor complejidad.<br \/>\nA continuaci\u00f3n el terapeuta ocupacional, Rodrigo Iturrieta, realiz\u00f3 din\u00e1micas para prevenir dolencias producto de actividades repetitivas, que las asistentes siguieron con gran atenci\u00f3n.<br \/>\nPor \u00faltimo Judith Cort\u00e9s, estilista catemina entreg\u00f3 tips a las mujeres del cuidado de su imagen como mujeres, se\u00f1alando la importancia de dedicar tiempo a esto diariamente, independiente de las rutinas de cada una.<br \/>\nMuy contentas y agradecidas se manifestaron las participantes con la realizaci\u00f3n de este \u2018autocuidado\u2019, dirigido y pensado netamente en ellas, que a diario no cuentan con espacios ni tiempo para ellas mismas.<br \/>\nLa Dideco de Catemu, Katherina Erazo particip\u00f3 de esta actividad y se\u00f1al\u00f3 \u201cRealizar y atender las necesidades de las mujeres de Catemu ha sido una permanente preocupaci\u00f3n del Alcalde, y por eso trabajamos desde la Direcci\u00f3n de Desarrollo Comunitario, y espec\u00edficamente desde la Oficina de la Mujer. Esperamos poder continuar brindando todo el apoyo que ellas necesitan en diversos \u00e1mbitos, y de acuerdo a sus necesidades, realizar acciones que vayan en su directo beneficio\u201d, se\u00f1al\u00f3 la Dideco.<\/p>\n","protected":false},"excerpt":{"rendered":"<p>CATEMU.- La Oficina Municipal de la Mujer de Catemu, realiz\u00f3 una actividad de autocuidado con mujeres de la comuna, con una gran convocatoria, especialmente orientada a dar un momento agradable a las&#8230;<\/p>\n","protected":false},"author":482,"featured_media":62000,"comment_status":"open","ping_status":"open","sticky":false,"template":"","format":"standard","meta":{"advanced_seo_description":"","jetpack_seo_html_title":"","jetpack_seo_noindex":false,"_jetpack_memberships_contains_paid_content":false,"footnotes":""},"categories":[1],"tags":[],"class_list":["post-61999","post","type-post","status-publish","format-standard","has-post-thumbnail","hentry","category-cronica"],"jetpack_featured_media_url":"https:\/\/i0.wp.com\/eltrabajo.cl\/portal\/wp-content\/uploads\/2015\/09\/AUTOCUIDADO-OFICINA-DE-LA-MUJER.jpg?fit=530%2C349&ssl=1","jetpack_sharing_enabled":true,"jetpack_likes_enabled":true,"jetpack-related-posts":[],"_links":{"self":[{"href":"https:\/\/eltrabajo.cl\/portal\/wp-json\/wp\/v2\/posts\/61999","targetHints":{"allow":["GET"]}}],"collection":[{"href":"https:\/\/eltrabajo.cl\/portal\/wp-json\/wp\/v2\/posts"}],"about":[{"href":"https:\/\/eltrabajo.cl\/portal\/wp-json\/wp\/v2\/types\/post"}],"author":[{"embeddable":true,"href":"https:\/\/eltrabajo.cl\/portal\/wp-json\/wp\/v2\/users\/482"}],"replies":[{"embeddable":true,"href":"https:\/\/eltrabajo.cl\/portal\/wp-json\/wp\/v2\/comments?post=61999"}],"version-history":[{"count":0,"href":"https:\/\/eltrabajo.cl\/portal\/wp-json\/wp\/v2\/posts\/61999\/revisions"}],"wp:featuredmedia":[{"embeddable":true,"href":"https:\/\/eltrabajo.cl\/portal\/wp-json\/wp\/v2\/media\/62000"}],"wp:attachment":[{"href":"https:\/\/eltrabajo.cl\/portal\/wp-json\/wp\/v2\/media?parent=61999"}],"wp:term":[{"taxonomy":"category","embeddable":true,"href":"https:\/\/eltrabajo.cl\/portal\/wp-json\/wp\/v2\/categories?post=61999"},{"taxonomy":"post_tag","embeddable":true,"href":"https:\/\/eltrabajo.cl\/portal\/wp-json\/wp\/v2\/tags?post=61999"}],"curies":[{"name":"wp","href":"https:\/\/api.w.org\/{rel}","templated":true}]}}