{"id":62005,"date":"2015-09-15T09:22:18","date_gmt":"2015-09-15T12:22:18","guid":{"rendered":"http:\/\/www.eltrabajo.cl\/portal\/?p=62005"},"modified":"2015-09-15T09:22:18","modified_gmt":"2015-09-15T12:22:18","slug":"autoridades-participan-de-campana-cuidemos-el-bolsillo-lo-que-comemos-y-la-energia","status":"publish","type":"post","link":"https:\/\/eltrabajo.cl\/portal\/autoridades-participan-de-campana-cuidemos-el-bolsillo-lo-que-comemos-y-la-energia\/","title":{"rendered":"Autoridades participan de campa\u00f1a \u2018Cuidemos el bolsillo, lo que comemos y la energ\u00eda\u2019"},"content":{"rendered":"<figure id=\"attachment_62006\" aria-describedby=\"caption-attachment-62006\" style=\"width: 300px\" class=\"wp-caption alignleft\"><a href=\"https:\/\/i0.wp.com\/www.eltrabajo.cl\/portal\/wp-content\/uploads\/2015\/09\/Fosis-santa-maria.jpg\"><img data-recalc-dims=\"1\" loading=\"lazy\" decoding=\"async\" class=\"wp-image-62006 size-medium\" src=\"https:\/\/i0.wp.com\/www.eltrabajo.cl\/portal\/wp-content\/uploads\/2015\/09\/Fosis-santa-maria-300x198.jpg?resize=300%2C198\" alt=\"Mientras los adultos recib\u00edan concejos para disfrutar de mejor manera estas fiestas patrias, los ni\u00f1os participaron de competencias chilenas, acompa\u00f1ados del payasito \u2018colores\u2019.\" width=\"300\" height=\"198\" srcset=\"https:\/\/i0.wp.com\/eltrabajo.cl\/portal\/wp-content\/uploads\/2015\/09\/Fosis-santa-maria.jpg?resize=300%2C198&amp;ssl=1 300w, https:\/\/i0.wp.com\/eltrabajo.cl\/portal\/wp-content\/uploads\/2015\/09\/Fosis-santa-maria.jpg?resize=200%2C132&amp;ssl=1 200w, https:\/\/i0.wp.com\/eltrabajo.cl\/portal\/wp-content\/uploads\/2015\/09\/Fosis-santa-maria.jpg?resize=228%2C150&amp;ssl=1 228w, https:\/\/i0.wp.com\/eltrabajo.cl\/portal\/wp-content\/uploads\/2015\/09\/Fosis-santa-maria.jpg?resize=400%2C263&amp;ssl=1 400w, https:\/\/i0.wp.com\/eltrabajo.cl\/portal\/wp-content\/uploads\/2015\/09\/Fosis-santa-maria.jpg?w=530&amp;ssl=1 530w\" sizes=\"auto, (max-width: 300px) 100vw, 300px\" \/><\/a><figcaption id=\"caption-attachment-62006\" class=\"wp-caption-text\">Mientras los adultos recib\u00edan concejos para disfrutar de mejor manera estas fiestas patrias, los ni\u00f1os participaron de competencias chilenas, acompa\u00f1ados del payasito \u2018colores\u2019.<\/figcaption><\/figure>\n<ul>\n<li><strong>El director de Fosis Valpara\u00edso, Marcelo Aguilar dialog\u00f3 con familias para que tomen ciertos resguardos y no se sobre endeuden o enfermen por consumir alimentos en mal estado.<\/strong><\/li>\n<\/ul>\n<p><strong>SANTA MAR\u00cdA.<\/strong>&#8211; Mientras en el sal\u00f3n principal de la Biblioteca de Santa Mar\u00eda, los padres y abuelitos de la familia recib\u00edan consejos para cuidar el consumo de energ\u00eda en los hogares, adem\u00e1s de algunos tips de autocuidado para pasar unas fiestas patrias saludables y cuidar el exceso de gastos, sus hijos y nietos compart\u00edan una jornada de zumba, chistes y acrobacias fallidas del payasito \u2018colores\u2019 y competencias chilenas.<br \/>\nEl alcalde de la comuna, Claudio Zurita, quiso partir dando las gracias a las autoridades que asistieron, se\u00f1alando adem\u00e1s que \u201c estamos en varios focos atacando, primero queremos ahorro de energ\u00eda, y segundo queremos que la gente este 18 lo pase bien, pero se cuide, que ahorre no solamente energ\u00eda, tambi\u00e9n ahorre plata, y dinero, as\u00ed que estamos muy contentos, porque hoy d\u00eda las pol\u00edticas p\u00fablicas de la Presidenta Michelle Bachelet se acercaron a Santa Mar\u00eda, a trav\u00e9s de la Gobernaci\u00f3n y a trav\u00e9s del Fosis\u201d.<br \/>\nPor su parte el director Fosis de Valpara\u00edso, Marcelo Aguilar, se\u00f1al\u00f3 la importancia de esta campa\u00f1a, \u201choy d\u00eda estamos trabajando fuertemente en programas de ahorro energ\u00e9tico para que las familias m\u00e1s vulnerables tengan un ahorro en dinero mensualmente, junto con estas ampolletas incandescentes que regalamos, junto a la informaci\u00f3n, pero adem\u00e1s de eso, tambi\u00e9n estamos, aqu\u00ed celebrando en Santa Mar\u00eda, lo que es unas fiestas patrias comunitarias, en donde esperamos tambi\u00e9n a trav\u00e9s del mensaje, llamar a las familias a no endeudarse en este 18, que puedan sumar y restar, que puedan cotizar, que puedan generar un formato de ahorro, para que no les pase la cuenta en los meses venideros \u2013 Septiembre est\u00e1 muy cercano a Diciembre, donde tambi\u00e9n hay muchos gastos, y Diciembre est\u00e1 muy cercano a Marzo, entonces hay que pensar muy bien en el gasto que hacemos para proyectar este endeudamiento para los meses que vienen\u201d, el director del Fosis.<br \/>\nEn tanto Eduardo L\u00e9on, hizo \u00e9nfasis en el autocuidado de las familias completas, cuidar a los ni\u00f1os de usar hilo curado cuando encumbren volantines, entregar las llaves si han ingerido bebidas alcoh\u00f3licas y preferir alimentos que tengan sus fechas de vencimiento visibles y est\u00e9n en buen estado.<br \/>\nLa jornada informativa y comunitaria se denomin\u00f3 \u2018Fiestas Patrias: Yo cuido mi bolsillo, lo que como y la energ\u00eda\u2019 y se realiz\u00f3 con familias de la zona, a quienes se les hizo una charla de eficiencia energ\u00e9tica y se les comparti\u00f3 informaci\u00f3n sobre c\u00f3mo cuidarse de lo que van a consumir durante el festejo patrio y tambi\u00e9n c\u00f3mo no aumentar los gastos y el endeudamiento familiar.<\/p>\n","protected":false},"excerpt":{"rendered":"<p>El director de Fosis Valpara\u00edso, Marcelo Aguilar dialog\u00f3 con familias para que tomen ciertos resguardos y no se sobre endeuden o enfermen por consumir alimentos en mal estado. SANTA MAR\u00cdA.&#8211; Mientras en&#8230;<\/p>\n","protected":false},"author":482,"featured_media":62006,"comment_status":"open","ping_status":"open","sticky":false,"template":"","format":"standard","meta":{"advanced_seo_description":"","jetpack_seo_html_title":"","jetpack_seo_noindex":false,"_jetpack_memberships_contains_paid_content":false,"footnotes":""},"categories":[1],"tags":[],"class_list":["post-62005","post","type-post","status-publish","format-standard","has-post-thumbnail","hentry","category-cronica"],"jetpack_featured_media_url":"https:\/\/i0.wp.com\/eltrabajo.cl\/portal\/wp-content\/uploads\/2015\/09\/Fosis-santa-maria.jpg?fit=530%2C349&ssl=1","jetpack_sharing_enabled":true,"jetpack_likes_enabled":true,"jetpack-related-posts":[],"_links":{"self":[{"href":"https:\/\/eltrabajo.cl\/portal\/wp-json\/wp\/v2\/posts\/62005","targetHints":{"allow":["GET"]}}],"collection":[{"href":"https:\/\/eltrabajo.cl\/portal\/wp-json\/wp\/v2\/posts"}],"about":[{"href":"https:\/\/eltrabajo.cl\/portal\/wp-json\/wp\/v2\/types\/post"}],"author":[{"embeddable":true,"href":"https:\/\/eltrabajo.cl\/portal\/wp-json\/wp\/v2\/users\/482"}],"replies":[{"embeddable":true,"href":"https:\/\/eltrabajo.cl\/portal\/wp-json\/wp\/v2\/comments?post=62005"}],"version-history":[{"count":0,"href":"https:\/\/eltrabajo.cl\/portal\/wp-json\/wp\/v2\/posts\/62005\/revisions"}],"wp:featuredmedia":[{"embeddable":true,"href":"https:\/\/eltrabajo.cl\/portal\/wp-json\/wp\/v2\/media\/62006"}],"wp:attachment":[{"href":"https:\/\/eltrabajo.cl\/portal\/wp-json\/wp\/v2\/media?parent=62005"}],"wp:term":[{"taxonomy":"category","embeddable":true,"href":"https:\/\/eltrabajo.cl\/portal\/wp-json\/wp\/v2\/categories?post=62005"},{"taxonomy":"post_tag","embeddable":true,"href":"https:\/\/eltrabajo.cl\/portal\/wp-json\/wp\/v2\/tags?post=62005"}],"curies":[{"name":"wp","href":"https:\/\/api.w.org\/{rel}","templated":true}]}}