{"id":62008,"date":"2015-09-15T09:24:08","date_gmt":"2015-09-15T12:24:08","guid":{"rendered":"http:\/\/www.eltrabajo.cl\/portal\/?p=62008"},"modified":"2015-09-15T09:24:08","modified_gmt":"2015-09-15T12:24:08","slug":"con-diversas-actividades-se-llevo-a-cabo-exitosamente-expo-rural-2015","status":"publish","type":"post","link":"https:\/\/eltrabajo.cl\/portal\/con-diversas-actividades-se-llevo-a-cabo-exitosamente-expo-rural-2015\/","title":{"rendered":"Con diversas actividades se llev\u00f3 a cabo exitosamente Expo Rural 2015"},"content":{"rendered":"<figure id=\"attachment_62009\" aria-describedby=\"caption-attachment-62009\" style=\"width: 300px\" class=\"wp-caption alignleft\"><a href=\"https:\/\/i0.wp.com\/www.eltrabajo.cl\/portal\/wp-content\/uploads\/2015\/09\/Exporural-2015-8.jpg\"><img data-recalc-dims=\"1\" loading=\"lazy\" decoding=\"async\" class=\"wp-image-62009 size-medium\" src=\"https:\/\/i0.wp.com\/www.eltrabajo.cl\/portal\/wp-content\/uploads\/2015\/09\/Exporural-2015-8-300x199.jpg?resize=300%2C199\" alt=\"Los asistentes a la Exporural 2015 pudieron disfrutar de diversas presentaciones art\u00edsticas que buscaban representar parte de nuestra tradici\u00f3n.\" width=\"300\" height=\"199\" srcset=\"https:\/\/i0.wp.com\/eltrabajo.cl\/portal\/wp-content\/uploads\/2015\/09\/Exporural-2015-8.jpg?resize=300%2C199&amp;ssl=1 300w, https:\/\/i0.wp.com\/eltrabajo.cl\/portal\/wp-content\/uploads\/2015\/09\/Exporural-2015-8.jpg?resize=200%2C133&amp;ssl=1 200w, https:\/\/i0.wp.com\/eltrabajo.cl\/portal\/wp-content\/uploads\/2015\/09\/Exporural-2015-8.jpg?resize=226%2C150&amp;ssl=1 226w, https:\/\/i0.wp.com\/eltrabajo.cl\/portal\/wp-content\/uploads\/2015\/09\/Exporural-2015-8.jpg?resize=400%2C265&amp;ssl=1 400w, https:\/\/i0.wp.com\/eltrabajo.cl\/portal\/wp-content\/uploads\/2015\/09\/Exporural-2015-8.jpg?w=528&amp;ssl=1 528w\" sizes=\"auto, (max-width: 300px) 100vw, 300px\" \/><\/a><figcaption id=\"caption-attachment-62009\" class=\"wp-caption-text\">Los asistentes a la Exporural 2015 pudieron disfrutar de diversas presentaciones art\u00edsticas que buscaban representar parte de nuestra tradici\u00f3n.<\/figcaption><\/figure>\n<p><strong>LLAY LLAY<\/strong>.- El 12 y 13 de septiembre se realiz\u00f3 la 3\u00aa Versi\u00f3n de la Expo Rural 2015. El alcalde Mario Marillanca inaugur\u00f3 la festividad junto al concejero regional, Rolando Stevenson; el secretario Municipal, Luis Soto; los concejales Margarita Puebla, Patricio Dur\u00e1n, M\u00e9sala Gonz\u00e1lez y Edgardo Gonz\u00e1lez.<br \/>\n\u00bfSobre el desarrollo de las jornadas? Les contamos que los dos d\u00edas tuvieron un gran marco de p\u00fablico. Asimismo, los asistentes pudieron escoger entre varias alternativas para relajarse, almorzar en familia, disfrutar de un variado y atractivo show, volar un volant\u00edn, o llevar a los ni\u00f1os al sector de juegos; realizar compras o simplemente \u2018vitrinear\u2019 en los m\u00e1s de 50 stands de exposici\u00f3n de todo tipo de artesan\u00eda y productos a la venta.<\/p>\n<figure id=\"attachment_62010\" aria-describedby=\"caption-attachment-62010\" style=\"width: 300px\" class=\"wp-caption alignright\"><a href=\"https:\/\/i0.wp.com\/www.eltrabajo.cl\/portal\/wp-content\/uploads\/2015\/09\/Exporural-2015-5.jpg\"><img data-recalc-dims=\"1\" loading=\"lazy\" decoding=\"async\" class=\"wp-image-62010 size-medium\" src=\"https:\/\/i0.wp.com\/www.eltrabajo.cl\/portal\/wp-content\/uploads\/2015\/09\/Exporural-2015-5-300x198.jpg?resize=300%2C198\" alt=\"Muchas familias quisieron asistir al evento para comenzar a celebrar un nuevo aniversario patrio. \" width=\"300\" height=\"198\" srcset=\"https:\/\/i0.wp.com\/eltrabajo.cl\/portal\/wp-content\/uploads\/2015\/09\/Exporural-2015-5.jpg?resize=300%2C198&amp;ssl=1 300w, https:\/\/i0.wp.com\/eltrabajo.cl\/portal\/wp-content\/uploads\/2015\/09\/Exporural-2015-5.jpg?resize=200%2C132&amp;ssl=1 200w, https:\/\/i0.wp.com\/eltrabajo.cl\/portal\/wp-content\/uploads\/2015\/09\/Exporural-2015-5.jpg?resize=228%2C150&amp;ssl=1 228w, https:\/\/i0.wp.com\/eltrabajo.cl\/portal\/wp-content\/uploads\/2015\/09\/Exporural-2015-5.jpg?resize=400%2C263&amp;ssl=1 400w, https:\/\/i0.wp.com\/eltrabajo.cl\/portal\/wp-content\/uploads\/2015\/09\/Exporural-2015-5.jpg?w=530&amp;ssl=1 530w\" sizes=\"auto, (max-width: 300px) 100vw, 300px\" \/><\/a><figcaption id=\"caption-attachment-62010\" class=\"wp-caption-text\">Muchas familias quisieron asistir al evento para comenzar a celebrar un nuevo aniversario patrio.<\/figcaption><\/figure>\n<p>Por ello, el alcalde Mario Marillanca tuvo palabras de agradecimiento al Gobierno Regional de Valpara\u00edso que financia la actividad y a los funcionarios municipales por el trabajo en conjunto realizado \u201cse cumpli\u00f3 el objetivo de entregar este espacio de recreaci\u00f3n art\u00edstico cultural que es parte de la programaci\u00f3n del mes de Fiestas Patrias\u201d.<br \/>\nLa Expo Rural, definitivamente favorece el desarrollo cultural y tur\u00edstico y potencia la econom\u00eda local. Un punto que reconocen los comerciantes y artesanos \u201chemos vendido harto, el domingo m\u00e1s que el s\u00e1bado\u201d.<br \/>\nLa parrilla de artistas fue bien evaluada por los asistentes. The Jockers, Los Errantes, Viraje en U; Pachacut\u00ed, recibieron los aplausos y el cari\u00f1o de Llay Llay.<br \/>\nEn punto aparte dedicamos este p\u00e1rrafo a la presentaci\u00f3n de la Noche de Pablo Cesar el cantante dijo \u201ces bueno ser profeta en su tierra\u201d, y agradeci\u00f3 los aplausos a rabiar y el cari\u00f1o de la gente; que bail\u00f3 y core\u00f3 cada una de sus canciones.<br \/>\nCerr\u00f3 la jornada de la Expo Rural 2015, Luis Lambis y Sonora Malec\u00f3n, quienes al igual que todos los artistas recibieron un Galvano de reconocimiento.<\/p>\n","protected":false},"excerpt":{"rendered":"<p>LLAY LLAY.- El 12 y 13 de septiembre se realiz\u00f3 la 3\u00aa Versi\u00f3n de la Expo Rural 2015. El alcalde Mario Marillanca inaugur\u00f3 la festividad junto al concejero regional, Rolando Stevenson; el&#8230;<\/p>\n","protected":false},"author":482,"featured_media":62009,"comment_status":"open","ping_status":"open","sticky":false,"template":"","format":"standard","meta":{"advanced_seo_description":"","jetpack_seo_html_title":"","jetpack_seo_noindex":false,"_jetpack_memberships_contains_paid_content":false,"footnotes":""},"categories":[1],"tags":[],"class_list":["post-62008","post","type-post","status-publish","format-standard","has-post-thumbnail","hentry","category-cronica"],"jetpack_featured_media_url":"https:\/\/i0.wp.com\/eltrabajo.cl\/portal\/wp-content\/uploads\/2015\/09\/Exporural-2015-8.jpg?fit=528%2C350&ssl=1","jetpack_sharing_enabled":true,"jetpack_likes_enabled":true,"jetpack-related-posts":[],"_links":{"self":[{"href":"https:\/\/eltrabajo.cl\/portal\/wp-json\/wp\/v2\/posts\/62008","targetHints":{"allow":["GET"]}}],"collection":[{"href":"https:\/\/eltrabajo.cl\/portal\/wp-json\/wp\/v2\/posts"}],"about":[{"href":"https:\/\/eltrabajo.cl\/portal\/wp-json\/wp\/v2\/types\/post"}],"author":[{"embeddable":true,"href":"https:\/\/eltrabajo.cl\/portal\/wp-json\/wp\/v2\/users\/482"}],"replies":[{"embeddable":true,"href":"https:\/\/eltrabajo.cl\/portal\/wp-json\/wp\/v2\/comments?post=62008"}],"version-history":[{"count":0,"href":"https:\/\/eltrabajo.cl\/portal\/wp-json\/wp\/v2\/posts\/62008\/revisions"}],"wp:featuredmedia":[{"embeddable":true,"href":"https:\/\/eltrabajo.cl\/portal\/wp-json\/wp\/v2\/media\/62009"}],"wp:attachment":[{"href":"https:\/\/eltrabajo.cl\/portal\/wp-json\/wp\/v2\/media?parent=62008"}],"wp:term":[{"taxonomy":"category","embeddable":true,"href":"https:\/\/eltrabajo.cl\/portal\/wp-json\/wp\/v2\/categories?post=62008"},{"taxonomy":"post_tag","embeddable":true,"href":"https:\/\/eltrabajo.cl\/portal\/wp-json\/wp\/v2\/tags?post=62008"}],"curies":[{"name":"wp","href":"https:\/\/api.w.org\/{rel}","templated":true}]}}