{"id":62012,"date":"2015-09-15T09:25:26","date_gmt":"2015-09-15T12:25:26","guid":{"rendered":"http:\/\/www.eltrabajo.cl\/portal\/?p=62012"},"modified":"2015-09-15T09:25:26","modified_gmt":"2015-09-15T12:25:26","slug":"autoridades-reciben-nueva-ambulancia-para-hospital-psiquiatrico","status":"publish","type":"post","link":"https:\/\/eltrabajo.cl\/portal\/autoridades-reciben-nueva-ambulancia-para-hospital-psiquiatrico\/","title":{"rendered":"Autoridades reciben nueva ambulancia para Hospital Psiqui\u00e1trico"},"content":{"rendered":"<figure id=\"attachment_62013\" aria-describedby=\"caption-attachment-62013\" style=\"width: 300px\" class=\"wp-caption alignleft\"><a href=\"https:\/\/i0.wp.com\/www.eltrabajo.cl\/portal\/wp-content\/uploads\/2015\/09\/Nueva-Ambulancia-Hospital-Psiquiatrico-Putaendo-2.jpg\"><img data-recalc-dims=\"1\" loading=\"lazy\" decoding=\"async\" class=\"wp-image-62013 size-medium\" src=\"https:\/\/i0.wp.com\/www.eltrabajo.cl\/portal\/wp-content\/uploads\/2015\/09\/Nueva-Ambulancia-Hospital-Psiquiatrico-Putaendo-2-300x197.jpg?resize=300%2C197\" alt=\"La directora del Servicio de Salud Aconcagua, Dra. Vilma Olave junto al director del Hospital Psiqui\u00e1trico de Putaendo, Jaime Garrido, entreg\u00f3 las llaves de la nueva ambulancia Mercedes Benz al funcionario Ren\u00e9 Alliendes.\" width=\"300\" height=\"197\" srcset=\"https:\/\/i0.wp.com\/eltrabajo.cl\/portal\/wp-content\/uploads\/2015\/09\/Nueva-Ambulancia-Hospital-Psiquiatrico-Putaendo-2.jpg?resize=300%2C197&amp;ssl=1 300w, https:\/\/i0.wp.com\/eltrabajo.cl\/portal\/wp-content\/uploads\/2015\/09\/Nueva-Ambulancia-Hospital-Psiquiatrico-Putaendo-2.jpg?resize=200%2C131&amp;ssl=1 200w, https:\/\/i0.wp.com\/eltrabajo.cl\/portal\/wp-content\/uploads\/2015\/09\/Nueva-Ambulancia-Hospital-Psiquiatrico-Putaendo-2.jpg?resize=228%2C150&amp;ssl=1 228w, https:\/\/i0.wp.com\/eltrabajo.cl\/portal\/wp-content\/uploads\/2015\/09\/Nueva-Ambulancia-Hospital-Psiquiatrico-Putaendo-2.jpg?resize=400%2C263&amp;ssl=1 400w, https:\/\/i0.wp.com\/eltrabajo.cl\/portal\/wp-content\/uploads\/2015\/09\/Nueva-Ambulancia-Hospital-Psiquiatrico-Putaendo-2.jpg?w=530&amp;ssl=1 530w\" sizes=\"auto, (max-width: 300px) 100vw, 300px\" \/><\/a><figcaption id=\"caption-attachment-62013\" class=\"wp-caption-text\">La directora del Servicio de Salud Aconcagua, Dra. Vilma Olave junto al director del Hospital Psiqui\u00e1trico de Putaendo, Jaime Garrido, entreg\u00f3 las llaves de la nueva ambulancia Mercedes Benz al funcionario Ren\u00e9 Alliendes.<\/figcaption><\/figure>\n<ul>\n<li><strong>El Dr. Jaime Retamal Garrido expres\u00f3 que esta nueva adquisici\u00f3n es parte de varias inversiones que se est\u00e1n ejecutando en la instituci\u00f3n de salud mental de la comuna de Putaendo, gracias a una importante gesti\u00f3n y apoyo de la Directora del Servicio de Salud Aconcagua, Dra. Vilma Olave.<\/strong><\/li>\n<\/ul>\n<p><strong>PUTAENDO.<\/strong>&#8211; Dos d\u00e9cadas transcurrieron para que el Hospital Psiqui\u00e1trico Dr. Philippe Pinel de Putaendo recibiera una nueva ambulancia que permitiera una mejora en las condiciones de traslado de sus usuarios, motivo por el cual el nuevo m\u00f3vil de emergencias fue recibido con alegr\u00eda por toda la comunidad hospitalaria.<br \/>\nEn una ceremonia efectuada en el frontis de la instituci\u00f3n de salud mental, encabezada por la Dra. Vilma Olave Garrido, Directora del Servicio de Salud Aconcagua y el Dr. Jaime Retamal Garrido, Director del Hospital, adem\u00e1s de dirigentes gremiales, integrantes del Consejo de Desarrollo Local, y funcionarios de la instituci\u00f3n, se procedi\u00f3 a la entrega y puesta en funcionamiento de la nueva ambulancia.<br \/>\nCon un financiamiento de $52 millones correspondientes a recursos del Ministerio de Salud, el Hospital Psiqui\u00e1trico de Putaendo hoy cuenta con una ambulancia Mercedes Benz, modelo Sprinter a\u00f1o 2015, equipada con tecnolog\u00eda de punta y con una estructura de alta resistencia, destinada al traslado de usuarias y usuarios del establecimiento hacia otras instituciones de salud para diversas prestaciones, y tambi\u00e9n en caso de emergencias.<br \/>\nEn sus palabras, el Dr. Jaime Retamal acentu\u00f3 que la llegada de esta ambulancia es un hecho significativo para la instituci\u00f3n \u201cporque es primera vez en 20 a\u00f1os que este Hospital no recib\u00eda una ambulancia nueva que permitiera mejorar las condiciones de traslado de nuestros usuarios, ya que siempre nos llegaban veh\u00edculos dados de baja desde otros hospitales, por lo que esta entrega es un proceso que para nuestra comunidad hospitalaria significa mucho\u201d, destac\u00f3 el m\u00e9dico psiquiatra.<br \/>\nEl Director tuvo adem\u00e1s palabras de reconocimiento hacia la Dra. Vilma Olave como Directora del Servicio de Salud Aconcagua por el compromiso que ha tenido con la instituci\u00f3n, lo que se ha visto reflejado en las importantes inversiones que est\u00e1n comenzando a implementarse en el Hospital y que ser\u00e1n dadas a conocer durante las pr\u00f3ximas semanas.<br \/>\nPor su parte la Directora del Servicio de Salud Aconcagua, Dra. Vilma Olave, relev\u00f3 que la adquisici\u00f3n de la nueva ambulancia del Hospital Psiqui\u00e1trico de Putaendo se enmarca dentro del compromiso de inversiones en salud del gobierno de la Presidenta Michelle Bachelet e impulsado fuertemente por la Ministra de Salud, Dra. Carmen Castillo \u201cpor lo que la entrega de este nuevo veh\u00edculo para el Hospital Dr. Philippe Pinel es una gran noticia, tomando en cuenta que hace dos d\u00e9cadas que no contaban con una ambulancia de estas caracter\u00edsticas y equipada con alta tecnolog\u00eda\u201d, sostuvo la profesional.<br \/>\nTras la bendici\u00f3n del flamante m\u00f3vil de urgencia, el funcionario Ren\u00e9 Alliendes Arancibia de la Unidad de Servicios Generales del Hospital Dr. Philippe Pinel, recibi\u00f3 las llaves de la nueva ambulancia de manos de la Dra. Vilma Olave y del Dr. Jaime Retamal, para luego subir a la cabina donde puso en funcionamiento el sistema de balizas ante el aplauso emocionado de todos los presentes, que vieron representado en este acto el inicio del progreso hacia el cual se encamina el Hospital Psiqui\u00e1trico Dr. Philippe Pinel de Putaendo.<\/p>\n","protected":false},"excerpt":{"rendered":"<p>El Dr. Jaime Retamal Garrido expres\u00f3 que esta nueva adquisici\u00f3n es parte de varias inversiones que se est\u00e1n ejecutando en la instituci\u00f3n de salud mental de la comuna de Putaendo, gracias a&#8230;<\/p>\n","protected":false},"author":482,"featured_media":62013,"comment_status":"open","ping_status":"open","sticky":false,"template":"","format":"standard","meta":{"advanced_seo_description":"","jetpack_seo_html_title":"","jetpack_seo_noindex":false,"_jetpack_memberships_contains_paid_content":false,"footnotes":""},"categories":[1],"tags":[],"class_list":["post-62012","post","type-post","status-publish","format-standard","has-post-thumbnail","hentry","category-cronica"],"jetpack_featured_media_url":"https:\/\/i0.wp.com\/eltrabajo.cl\/portal\/wp-content\/uploads\/2015\/09\/Nueva-Ambulancia-Hospital-Psiquiatrico-Putaendo-2.jpg?fit=530%2C348&ssl=1","jetpack_sharing_enabled":true,"jetpack_likes_enabled":true,"jetpack-related-posts":[],"_links":{"self":[{"href":"https:\/\/eltrabajo.cl\/portal\/wp-json\/wp\/v2\/posts\/62012","targetHints":{"allow":["GET"]}}],"collection":[{"href":"https:\/\/eltrabajo.cl\/portal\/wp-json\/wp\/v2\/posts"}],"about":[{"href":"https:\/\/eltrabajo.cl\/portal\/wp-json\/wp\/v2\/types\/post"}],"author":[{"embeddable":true,"href":"https:\/\/eltrabajo.cl\/portal\/wp-json\/wp\/v2\/users\/482"}],"replies":[{"embeddable":true,"href":"https:\/\/eltrabajo.cl\/portal\/wp-json\/wp\/v2\/comments?post=62012"}],"version-history":[{"count":0,"href":"https:\/\/eltrabajo.cl\/portal\/wp-json\/wp\/v2\/posts\/62012\/revisions"}],"wp:featuredmedia":[{"embeddable":true,"href":"https:\/\/eltrabajo.cl\/portal\/wp-json\/wp\/v2\/media\/62013"}],"wp:attachment":[{"href":"https:\/\/eltrabajo.cl\/portal\/wp-json\/wp\/v2\/media?parent=62012"}],"wp:term":[{"taxonomy":"category","embeddable":true,"href":"https:\/\/eltrabajo.cl\/portal\/wp-json\/wp\/v2\/categories?post=62012"},{"taxonomy":"post_tag","embeddable":true,"href":"https:\/\/eltrabajo.cl\/portal\/wp-json\/wp\/v2\/tags?post=62012"}],"curies":[{"name":"wp","href":"https:\/\/api.w.org\/{rel}","templated":true}]}}