{"id":62015,"date":"2015-09-15T09:27:33","date_gmt":"2015-09-15T12:27:33","guid":{"rendered":"http:\/\/www.eltrabajo.cl\/portal\/?p=62015"},"modified":"2015-09-15T09:27:33","modified_gmt":"2015-09-15T12:27:33","slug":"hasta-mamaderas-robaron-delincuentes-en-jardin-infantil-de-villa-alto-aconcagua","status":"publish","type":"post","link":"https:\/\/eltrabajo.cl\/portal\/hasta-mamaderas-robaron-delincuentes-en-jardin-infantil-de-villa-alto-aconcagua\/","title":{"rendered":"Hasta mamaderas robaron delincuentes en jard\u00edn infantil de villa Alto Aconcagua"},"content":{"rendered":"<figure id=\"attachment_62016\" aria-describedby=\"caption-attachment-62016\" style=\"width: 300px\" class=\"wp-caption alignleft\"><a href=\"https:\/\/i0.wp.com\/www.eltrabajo.cl\/portal\/wp-content\/uploads\/2015\/09\/luz-luna3.jpg\"><img data-recalc-dims=\"1\" loading=\"lazy\" decoding=\"async\" class=\"wp-image-62016 size-medium\" src=\"https:\/\/i0.wp.com\/www.eltrabajo.cl\/portal\/wp-content\/uploads\/2015\/09\/luz-luna3-300x197.jpg?resize=300%2C197\" alt=\"La directora avalu\u00f3 los da\u00f1os y las p\u00e9rdidas en m\u00e1s de un mill\u00f3n de pesos.\" width=\"300\" height=\"197\" srcset=\"https:\/\/i0.wp.com\/eltrabajo.cl\/portal\/wp-content\/uploads\/2015\/09\/luz-luna3.jpg?resize=300%2C197&amp;ssl=1 300w, https:\/\/i0.wp.com\/eltrabajo.cl\/portal\/wp-content\/uploads\/2015\/09\/luz-luna3.jpg?resize=200%2C131&amp;ssl=1 200w, https:\/\/i0.wp.com\/eltrabajo.cl\/portal\/wp-content\/uploads\/2015\/09\/luz-luna3.jpg?resize=228%2C150&amp;ssl=1 228w, https:\/\/i0.wp.com\/eltrabajo.cl\/portal\/wp-content\/uploads\/2015\/09\/luz-luna3.jpg?resize=400%2C263&amp;ssl=1 400w, https:\/\/i0.wp.com\/eltrabajo.cl\/portal\/wp-content\/uploads\/2015\/09\/luz-luna3.jpg?w=530&amp;ssl=1 530w\" sizes=\"auto, (max-width: 300px) 100vw, 300px\" \/><\/a><figcaption id=\"caption-attachment-62016\" class=\"wp-caption-text\">La directora avalu\u00f3 los da\u00f1os y las p\u00e9rdidas en m\u00e1s de un mill\u00f3n de pesos.<\/figcaption><\/figure>\n<ul>\n<li><strong>El avalu\u00f3 de las p\u00e9rdidas supera el mill\u00f3n de pesos. Ladrones cortaron las alarmas para poder actuar impunemente<\/strong>.<\/li>\n<\/ul>\n<p><strong>LOS ANDES.<\/strong>&#8211; Gran cantidad de electrodom\u00e9sticos, leche y hasta las mamaderas de los ni\u00f1os se llevaron malvivientes que la madrugada del domingo, ingresaron a robar a las dependencias del jard\u00edn infantil \u2018Luz de Luna\u2019 ubicado en la villa Alto Aconcagua.<br \/>\nLa directora del establecimiento educacional, Jessica Agurto, manifest\u00f3 que el robo qued\u00f3 al descubierto la ma\u00f1ana del domingo luego que fueran avisados de la activaci\u00f3n de la alarma.<br \/>\nAl llegar al recinto junto a Carabineros, notaron que los delincuentes hicieron ingreso a trav\u00e9s de un forado en la pared de la cocina y luego una vez en el interior sustrajeron dos cocinillas a gas, balanzas digitales, jugueras, la campana de la cocina, productos l\u00e1cteos e incluso las mamaderas de los ni\u00f1os que estaban nuevas.<br \/>\n\u201cDe los refrigerados sacaron cantidades bien grandes de yogurt, cuarenta bolsas de un kilo cada una, queso, jam\u00f3n y otros alimentos\u201d, detall\u00f3.<\/p>\n<figure id=\"attachment_62017\" aria-describedby=\"caption-attachment-62017\" style=\"width: 300px\" class=\"wp-caption alignright\"><a href=\"https:\/\/i0.wp.com\/www.eltrabajo.cl\/portal\/wp-content\/uploads\/2015\/09\/luz-luna4.jpg\"><img data-recalc-dims=\"1\" loading=\"lazy\" decoding=\"async\" class=\"wp-image-62017 size-medium\" src=\"https:\/\/i0.wp.com\/www.eltrabajo.cl\/portal\/wp-content\/uploads\/2015\/09\/luz-luna4-300x197.jpg?resize=300%2C197\" alt=\"Los antisociales ingresaron a trav\u00e9s de un forado en la pared de la cocina para robar diversas especies que impidieron el normal funcionamiento del jard\u00edn infantil.\" width=\"300\" height=\"197\" srcset=\"https:\/\/i0.wp.com\/eltrabajo.cl\/portal\/wp-content\/uploads\/2015\/09\/luz-luna4.jpg?resize=300%2C197&amp;ssl=1 300w, https:\/\/i0.wp.com\/eltrabajo.cl\/portal\/wp-content\/uploads\/2015\/09\/luz-luna4.jpg?resize=200%2C131&amp;ssl=1 200w, https:\/\/i0.wp.com\/eltrabajo.cl\/portal\/wp-content\/uploads\/2015\/09\/luz-luna4.jpg?resize=228%2C150&amp;ssl=1 228w, https:\/\/i0.wp.com\/eltrabajo.cl\/portal\/wp-content\/uploads\/2015\/09\/luz-luna4.jpg?resize=400%2C263&amp;ssl=1 400w, https:\/\/i0.wp.com\/eltrabajo.cl\/portal\/wp-content\/uploads\/2015\/09\/luz-luna4.jpg?w=530&amp;ssl=1 530w\" sizes=\"auto, (max-width: 300px) 100vw, 300px\" \/><\/a><figcaption id=\"caption-attachment-62017\" class=\"wp-caption-text\">Los antisociales ingresaron a trav\u00e9s de un forado en la pared de la cocina para robar diversas especies que impidieron el normal funcionamiento del jard\u00edn infantil.<\/figcaption><\/figure>\n<p>La directora manifest\u00f3 que entre los art\u00edculos robados m\u00e1s los da\u00f1os, el aval\u00fao de las p\u00e9rdidas supera el mill\u00f3n de pesos.<br \/>\nAgurto manifest\u00f3 que las personas que ingresaron deben conocer bien el establecimiento, no descartando que sean delincuentes de las poblaciones cercanas, \u201cporque por donde ingresaron claramente sab\u00edan por d\u00f3nde hacerlo, pero no tenemos sospechas espec\u00edficas y no s\u00e9 qui\u00e9n puede hacer da\u00f1o al jard\u00edn que beneficia a los ni\u00f1os de las familias del mismo sector\u201d.<br \/>\nAgreg\u00f3 que producto de esta situaci\u00f3n debieron suspender la atenci\u00f3n de los ni\u00f1os este lunes a fin de poder hacer las reparaciones, \u201ccon lo que las familias del sector se ven muy afectadas porque ellos dejan sus hijos ac\u00e1 para poder ir a trabajar\u201d.<br \/>\nLa profesional record\u00f3 que este jard\u00edn lleva seis a\u00f1os funcionando en este mismo lugar y hasta 2014 no hab\u00edan sufrido robos, \u201cpero este a\u00f1o ya llevamos tres robos desde marzo a la fecha y anteriormente hab\u00edan entrado a una sala y ahora debemos destinar dineros a las reparaciones en desmedro de nuestros ni\u00f1os\u201d.<br \/>\nExplic\u00f3 que los antisociales cortaron la alarma cuando entraron, \u201cpor lo que sospechamos que es alguien que conoc\u00eda el establecimiento pues sab\u00edan d\u00f3nde estaba ubicada y creemos que al menos deben haber entrado dos personas para llevarse todas las cosas\u201d.<br \/>\nLa directora coment\u00f3 que si bien Carabineros revis\u00f3 los alrededores no se encontraron herramientas usadas para abrir el forado ni tampoco especies sustra\u00eddas.<br \/>\nCabe recordar que el establecimiento colinda con un sitio eriazo lo que facilita el acceso de los delincuentes.<\/p>\n","protected":false},"excerpt":{"rendered":"<p>El avalu\u00f3 de las p\u00e9rdidas supera el mill\u00f3n de pesos. Ladrones cortaron las alarmas para poder actuar impunemente. LOS ANDES.&#8211; Gran cantidad de electrodom\u00e9sticos, leche y hasta las mamaderas de los ni\u00f1os&#8230;<\/p>\n","protected":false},"author":482,"featured_media":62016,"comment_status":"open","ping_status":"open","sticky":false,"template":"","format":"standard","meta":{"advanced_seo_description":"","jetpack_seo_html_title":"","jetpack_seo_noindex":false,"_jetpack_memberships_contains_paid_content":false,"footnotes":""},"categories":[21],"tags":[],"class_list":["post-62015","post","type-post","status-publish","format-standard","has-post-thumbnail","hentry","category-policial"],"jetpack_featured_media_url":"https:\/\/i0.wp.com\/eltrabajo.cl\/portal\/wp-content\/uploads\/2015\/09\/luz-luna3.jpg?fit=530%2C348&ssl=1","jetpack_sharing_enabled":true,"jetpack_likes_enabled":true,"jetpack-related-posts":[],"_links":{"self":[{"href":"https:\/\/eltrabajo.cl\/portal\/wp-json\/wp\/v2\/posts\/62015","targetHints":{"allow":["GET"]}}],"collection":[{"href":"https:\/\/eltrabajo.cl\/portal\/wp-json\/wp\/v2\/posts"}],"about":[{"href":"https:\/\/eltrabajo.cl\/portal\/wp-json\/wp\/v2\/types\/post"}],"author":[{"embeddable":true,"href":"https:\/\/eltrabajo.cl\/portal\/wp-json\/wp\/v2\/users\/482"}],"replies":[{"embeddable":true,"href":"https:\/\/eltrabajo.cl\/portal\/wp-json\/wp\/v2\/comments?post=62015"}],"version-history":[{"count":0,"href":"https:\/\/eltrabajo.cl\/portal\/wp-json\/wp\/v2\/posts\/62015\/revisions"}],"wp:featuredmedia":[{"embeddable":true,"href":"https:\/\/eltrabajo.cl\/portal\/wp-json\/wp\/v2\/media\/62016"}],"wp:attachment":[{"href":"https:\/\/eltrabajo.cl\/portal\/wp-json\/wp\/v2\/media?parent=62015"}],"wp:term":[{"taxonomy":"category","embeddable":true,"href":"https:\/\/eltrabajo.cl\/portal\/wp-json\/wp\/v2\/categories?post=62015"},{"taxonomy":"post_tag","embeddable":true,"href":"https:\/\/eltrabajo.cl\/portal\/wp-json\/wp\/v2\/tags?post=62015"}],"curies":[{"name":"wp","href":"https:\/\/api.w.org\/{rel}","templated":true}]}}