{"id":62019,"date":"2015-09-15T09:28:54","date_gmt":"2015-09-15T12:28:54","guid":{"rendered":"http:\/\/www.eltrabajo.cl\/portal\/?p=62019"},"modified":"2015-09-15T09:28:54","modified_gmt":"2015-09-15T12:28:54","slug":"aumenta-el-numero-de-conductores-de-vehiculos-en-estado-de-ebriedad","status":"publish","type":"post","link":"https:\/\/eltrabajo.cl\/portal\/aumenta-el-numero-de-conductores-de-vehiculos-en-estado-de-ebriedad\/","title":{"rendered":"Aumenta el n\u00famero de conductores de veh\u00edculos en estado de ebriedad"},"content":{"rendered":"<figure id=\"attachment_62020\" aria-describedby=\"caption-attachment-62020\" style=\"width: 300px\" class=\"wp-caption alignleft\"><a href=\"https:\/\/i0.wp.com\/www.eltrabajo.cl\/portal\/wp-content\/uploads\/2015\/09\/Control-vehicular.jpg\"><img data-recalc-dims=\"1\" loading=\"lazy\" decoding=\"async\" class=\"wp-image-62020 size-medium\" src=\"https:\/\/i0.wp.com\/www.eltrabajo.cl\/portal\/wp-content\/uploads\/2015\/09\/Control-vehicular-300x197.jpg?resize=300%2C197\" alt=\"Tras el incremento de conductores de veh\u00edculos en estado de ebriedad, Carabineros dispuso de intensas fiscalizaciones a fin de evitar tragedias a d\u00edas que comiencen las fiestas patrias.\" width=\"300\" height=\"197\" srcset=\"https:\/\/i0.wp.com\/eltrabajo.cl\/portal\/wp-content\/uploads\/2015\/09\/Control-vehicular.jpg?resize=300%2C197&amp;ssl=1 300w, https:\/\/i0.wp.com\/eltrabajo.cl\/portal\/wp-content\/uploads\/2015\/09\/Control-vehicular.jpg?resize=200%2C131&amp;ssl=1 200w, https:\/\/i0.wp.com\/eltrabajo.cl\/portal\/wp-content\/uploads\/2015\/09\/Control-vehicular.jpg?resize=228%2C150&amp;ssl=1 228w, https:\/\/i0.wp.com\/eltrabajo.cl\/portal\/wp-content\/uploads\/2015\/09\/Control-vehicular.jpg?resize=400%2C263&amp;ssl=1 400w, https:\/\/i0.wp.com\/eltrabajo.cl\/portal\/wp-content\/uploads\/2015\/09\/Control-vehicular.jpg?w=530&amp;ssl=1 530w\" sizes=\"auto, (max-width: 300px) 100vw, 300px\" \/><\/a><figcaption id=\"caption-attachment-62020\" class=\"wp-caption-text\">Tras el incremento de conductores de veh\u00edculos en estado de ebriedad, Carabineros dispuso de intensas fiscalizaciones a fin de evitar tragedias a d\u00edas que comiencen las fiestas patrias.<\/figcaption><\/figure>\n<ul>\n<li><strong>Carabineros llama los automovilistas a tomar conciencia de esta grave falta que puede derivar en accidentes de tr\u00e1nsito con consecuencias fatales.<\/strong><\/li>\n<\/ul>\n<p>A s\u00f3lo d\u00edas de que comiencen las celebraciones de Fiestas Patrias en el territorio nacional, Carabineros ha dispuesto servicios especiales para el control de automovilistas que se desplazan por la comuna de San Felipe en direcci\u00f3n a la ruta 60CH. Producto de lo anterior, seis conductores fueron detenidos por efectivos policiales por conducir en manifiesto estado de ebriedad.<br \/>\nA ra\u00edz de estas detenciones, a s\u00f3lo d\u00edas de que comiencen las celebraciones del 18 de Septiembre, Carabineros hizo un llamado a los automovilistas a no conducir bajo la influencia del alcohol, a fin de evitar tragedias en las carreteras.<br \/>\nEs por ello que en distintos puntos de la comuna de San Felipe se han dispuesto controles vehiculares durante el fin de semana, alcanzando a 221 fiscalizaciones a conductores y 195 controles de identidad a peatones.<br \/>\nEn estas circunstancias, se logr\u00f3 la detenci\u00f3n de 5 individuos que manten\u00edan \u00f3rdenes de aprehensi\u00f3n pendiente con la justicia, siendo individualizados como Fernando Contreras Guajardo, Oscar Soto Flores, Richard Ortega Olivares, Thiare Valenzuela Sandoval y el menor de edad de iniciales J.M.C.R. quienes fueron puestos a disposici\u00f3n del Juzgado de Garant\u00eda para ser procesados.<br \/>\nEn tanto la Comisario de Carabineros, Mayor Maureen Espinoza, hizo hincapi\u00e9 que \u201cCarabineros de San Felipe, sigue haciendo esfuerzos adicionales para aumentar la presencia policial de sus efectivos en las calles, de forma tal de acrecentar la confianza de la comunidad y otorgar mayor sensaci\u00f3n de seguridad\u201d.<br \/>\nPablo Salinas Sald\u00edas<\/p>\n","protected":false},"excerpt":{"rendered":"<p>Carabineros llama los automovilistas a tomar conciencia de esta grave falta que puede derivar en accidentes de tr\u00e1nsito con consecuencias fatales. A s\u00f3lo d\u00edas de que comiencen las celebraciones de Fiestas Patrias&#8230;<\/p>\n","protected":false},"author":482,"featured_media":62020,"comment_status":"open","ping_status":"open","sticky":false,"template":"","format":"standard","meta":{"advanced_seo_description":"","jetpack_seo_html_title":"","jetpack_seo_noindex":false,"_jetpack_memberships_contains_paid_content":false,"footnotes":""},"categories":[21],"tags":[],"class_list":["post-62019","post","type-post","status-publish","format-standard","has-post-thumbnail","hentry","category-policial"],"jetpack_featured_media_url":"https:\/\/i0.wp.com\/eltrabajo.cl\/portal\/wp-content\/uploads\/2015\/09\/Control-vehicular.jpg?fit=530%2C348&ssl=1","jetpack_sharing_enabled":true,"jetpack_likes_enabled":true,"jetpack-related-posts":[],"_links":{"self":[{"href":"https:\/\/eltrabajo.cl\/portal\/wp-json\/wp\/v2\/posts\/62019","targetHints":{"allow":["GET"]}}],"collection":[{"href":"https:\/\/eltrabajo.cl\/portal\/wp-json\/wp\/v2\/posts"}],"about":[{"href":"https:\/\/eltrabajo.cl\/portal\/wp-json\/wp\/v2\/types\/post"}],"author":[{"embeddable":true,"href":"https:\/\/eltrabajo.cl\/portal\/wp-json\/wp\/v2\/users\/482"}],"replies":[{"embeddable":true,"href":"https:\/\/eltrabajo.cl\/portal\/wp-json\/wp\/v2\/comments?post=62019"}],"version-history":[{"count":0,"href":"https:\/\/eltrabajo.cl\/portal\/wp-json\/wp\/v2\/posts\/62019\/revisions"}],"wp:featuredmedia":[{"embeddable":true,"href":"https:\/\/eltrabajo.cl\/portal\/wp-json\/wp\/v2\/media\/62020"}],"wp:attachment":[{"href":"https:\/\/eltrabajo.cl\/portal\/wp-json\/wp\/v2\/media?parent=62019"}],"wp:term":[{"taxonomy":"category","embeddable":true,"href":"https:\/\/eltrabajo.cl\/portal\/wp-json\/wp\/v2\/categories?post=62019"},{"taxonomy":"post_tag","embeddable":true,"href":"https:\/\/eltrabajo.cl\/portal\/wp-json\/wp\/v2\/tags?post=62019"}],"curies":[{"name":"wp","href":"https:\/\/api.w.org\/{rel}","templated":true}]}}