{"id":62028,"date":"2015-09-16T09:34:03","date_gmt":"2015-09-16T12:34:03","guid":{"rendered":"http:\/\/www.eltrabajo.cl\/portal\/?p=62028"},"modified":"2015-09-16T09:34:03","modified_gmt":"2015-09-16T12:34:03","slug":"programa-andina-mas-cerca-muestra-la-gran-mineria-a-alumnos-del-liceo-max-salas","status":"publish","type":"post","link":"https:\/\/eltrabajo.cl\/portal\/programa-andina-mas-cerca-muestra-la-gran-mineria-a-alumnos-del-liceo-max-salas\/","title":{"rendered":"Programa \u2018Andina m\u00e1s cerca\u2019 muestra la gran miner\u00eda a alumnos del Liceo Max Salas"},"content":{"rendered":"<figure id=\"attachment_62029\" aria-describedby=\"caption-attachment-62029\" style=\"width: 300px\" class=\"wp-caption alignleft\"><a href=\"https:\/\/i0.wp.com\/www.eltrabajo.cl\/portal\/wp-content\/uploads\/2015\/09\/7%C2%BAB-Lice-Max-Salas-en-Divisi%C3%B3n-Andina.jpg\"><img data-recalc-dims=\"1\" loading=\"lazy\" decoding=\"async\" class=\"wp-image-62029 size-medium\" src=\"https:\/\/i0.wp.com\/www.eltrabajo.cl\/portal\/wp-content\/uploads\/2015\/09\/7%C2%BAB-Lice-Max-Salas-en-Divisi%C3%B3n-Andina-300x198.jpg?resize=300%2C198\" alt=\"Entusiasmados, los alumnos del s\u00e9ptimo B del Liceo Max Salas participaron del programa \u2018Andina m\u00e1s cerca\u2019.\" width=\"300\" height=\"198\" srcset=\"https:\/\/i0.wp.com\/eltrabajo.cl\/portal\/wp-content\/uploads\/2015\/09\/7%C2%BAB-Lice-Max-Salas-en-Divisi%C3%B3n-Andina.jpg?resize=300%2C198&amp;ssl=1 300w, https:\/\/i0.wp.com\/eltrabajo.cl\/portal\/wp-content\/uploads\/2015\/09\/7%C2%BAB-Lice-Max-Salas-en-Divisi%C3%B3n-Andina.jpg?resize=200%2C132&amp;ssl=1 200w, https:\/\/i0.wp.com\/eltrabajo.cl\/portal\/wp-content\/uploads\/2015\/09\/7%C2%BAB-Lice-Max-Salas-en-Divisi%C3%B3n-Andina.jpg?resize=227%2C150&amp;ssl=1 227w, https:\/\/i0.wp.com\/eltrabajo.cl\/portal\/wp-content\/uploads\/2015\/09\/7%C2%BAB-Lice-Max-Salas-en-Divisi%C3%B3n-Andina.jpg?resize=400%2C264&amp;ssl=1 400w, https:\/\/i0.wp.com\/eltrabajo.cl\/portal\/wp-content\/uploads\/2015\/09\/7%C2%BAB-Lice-Max-Salas-en-Divisi%C3%B3n-Andina.jpg?w=530&amp;ssl=1 530w\" sizes=\"auto, (max-width: 300px) 100vw, 300px\" \/><\/a><figcaption id=\"caption-attachment-62029\" class=\"wp-caption-text\">Entusiasmados, los alumnos del s\u00e9ptimo B del Liceo Max Salas participaron del programa \u2018Andina m\u00e1s cerca\u2019.<\/figcaption><\/figure>\n<ul>\n<li><strong>Los estudiantes conocieron m\u00e1s sobre los procesos y usos del cobre, y la forma en que se desarrolla la operaci\u00f3n en la cuenca del r\u00edo Blanco.<\/strong><\/li>\n<\/ul>\n<p>Curiosos y dispuestos a aprender llegaron los alumnos del s\u00e9ptimo B del Liceo Max Salas al edificio institucional de Codelco Andina. El grupo de estudiantes escuch\u00f3 atento la presentaci\u00f3n sobre los usos y procesos del cobre, la charla de geolog\u00eda y recorrieron entusiastas el Centro Integrado de Operaciones (CIO), pendientes de cada explicaci\u00f3n de los procesos que se desarrollan en la alta cordillera.<br \/>\nLa actividad se enmarc\u00f3 en el programa \u2018Andina m\u00e1s cerca\u2019, iniciativa que llevar\u00e1 a un total de 15 establecimientos educacionales de Los Andes a conocer las operaciones remotas de Codelco, entregando a m\u00e1s de 300 alumnos su primer acercamiento con la gran miner\u00eda del cobre. Se trata de la segunda delegaci\u00f3n del emblem\u00e1tico liceo andino a las instalaciones de la Divisi\u00f3n.<br \/>\n\u00abEstamos reforzando la inserci\u00f3n de nuestra compa\u00f1\u00eda en la comunidad. Si logramos que los ni\u00f1os entiendan la importancia de Andina para el desarrollo de la regi\u00f3n, avanzaremos en ser conocedores de lo que la comunidad necesita de nosotros y lo que nosotros necesitamos de ella\u00bb, dijo el gerente de Seguridad y Salud Ocupacional de Andina, Miguel \u00c1ngel Castro, quien recibi\u00f3 a los estudiantes en la jornada.<br \/>\nDurante el recorrido, los alumnos tuvieron la posibilidad de interactuar con profesionales de Codelco, hacer preguntas y resolver dudas sobre las particularidades del proceso minero. Piera Solari, profesora del Liceo Max Salas, coment\u00f3 que la iniciativa \u00abcoincide con lo que nos toca pasar en los planes y programas, por lo tanto nos sirve para presentar los contenidos\u00bb.<\/p>\n<p><strong>TESTIMONIOS: \u00abME GUST\u00d3 EL PROCESO DEL COBRE\u00bb<\/strong><br \/>\nPara los escolares la visita es la posibilidad de conocer nuevas oportunidades para el futuro. Adem\u00e1s destacaron que lo m\u00e1s interesante de la iniciativa fue conocer los tipos de minerales que tiene el yacimiento del caj\u00f3n del R\u00edo Blanco.<br \/>\n\u00abEsta es una buena experiencia, porque as\u00ed nosotros pensamos lo que queremos ser cuando grandes\u00bb. Daniel Gallardo, alumno Liceo Max Salas.<br \/>\n\u00abCon esta visita puedo aprender m\u00e1s cosas que no sab\u00eda y lo que m\u00e1s me gust\u00f3 fue conocer el proceso del cobre y saber qu\u00e9 puedo estudiar\u00bb. Paula Salinas, alumna Liceo Max Salas.<br \/>\n\u00abAqu\u00ed conocemos lo que hacen en Andina y eso nos sirve para tener una opini\u00f3n saber si m\u00e1s adelante podemos ser ge\u00f3logos o mineros\u00bb. Lucas Flores, alumno Liceo Max Salas.<br \/>\n\u00abLo que m\u00e1s me interes\u00f3 fueron los procesos del cobre. En el futuro podr\u00eda estudiar algo relacionado con miner\u00eda\u00bb. Ang\u00e9lica N\u00fa\u00f1ez, alumna Liceo Max Salas.<\/p>\n","protected":false},"excerpt":{"rendered":"<p>Los estudiantes conocieron m\u00e1s sobre los procesos y usos del cobre, y la forma en que se desarrolla la operaci\u00f3n en la cuenca del r\u00edo Blanco. Curiosos y dispuestos a aprender llegaron&#8230;<\/p>\n","protected":false},"author":482,"featured_media":62029,"comment_status":"open","ping_status":"open","sticky":false,"template":"","format":"standard","meta":{"advanced_seo_description":"","jetpack_seo_html_title":"","jetpack_seo_noindex":false,"_jetpack_memberships_contains_paid_content":false,"footnotes":""},"categories":[1],"tags":[],"class_list":["post-62028","post","type-post","status-publish","format-standard","has-post-thumbnail","hentry","category-cronica"],"jetpack_featured_media_url":"https:\/\/i0.wp.com\/eltrabajo.cl\/portal\/wp-content\/uploads\/2015\/09\/7%C2%BAB-Lice-Max-Salas-en-Divisi%C3%B3n-Andina.jpg?fit=530%2C350&ssl=1","jetpack_sharing_enabled":true,"jetpack_likes_enabled":true,"jetpack-related-posts":[],"_links":{"self":[{"href":"https:\/\/eltrabajo.cl\/portal\/wp-json\/wp\/v2\/posts\/62028","targetHints":{"allow":["GET"]}}],"collection":[{"href":"https:\/\/eltrabajo.cl\/portal\/wp-json\/wp\/v2\/posts"}],"about":[{"href":"https:\/\/eltrabajo.cl\/portal\/wp-json\/wp\/v2\/types\/post"}],"author":[{"embeddable":true,"href":"https:\/\/eltrabajo.cl\/portal\/wp-json\/wp\/v2\/users\/482"}],"replies":[{"embeddable":true,"href":"https:\/\/eltrabajo.cl\/portal\/wp-json\/wp\/v2\/comments?post=62028"}],"version-history":[{"count":0,"href":"https:\/\/eltrabajo.cl\/portal\/wp-json\/wp\/v2\/posts\/62028\/revisions"}],"wp:featuredmedia":[{"embeddable":true,"href":"https:\/\/eltrabajo.cl\/portal\/wp-json\/wp\/v2\/media\/62029"}],"wp:attachment":[{"href":"https:\/\/eltrabajo.cl\/portal\/wp-json\/wp\/v2\/media?parent=62028"}],"wp:term":[{"taxonomy":"category","embeddable":true,"href":"https:\/\/eltrabajo.cl\/portal\/wp-json\/wp\/v2\/categories?post=62028"},{"taxonomy":"post_tag","embeddable":true,"href":"https:\/\/eltrabajo.cl\/portal\/wp-json\/wp\/v2\/tags?post=62028"}],"curies":[{"name":"wp","href":"https:\/\/api.w.org\/{rel}","templated":true}]}}