{"id":62031,"date":"2015-09-16T09:35:41","date_gmt":"2015-09-16T12:35:41","guid":{"rendered":"http:\/\/www.eltrabajo.cl\/portal\/?p=62031"},"modified":"2015-09-16T09:35:41","modified_gmt":"2015-09-16T12:35:41","slug":"municipio-pide-a-carabineros-terminar-cobro-ilegal-de-parquimetros","status":"publish","type":"post","link":"https:\/\/eltrabajo.cl\/portal\/municipio-pide-a-carabineros-terminar-cobro-ilegal-de-parquimetros\/","title":{"rendered":"Municipio pide a Carabineros terminar \u2018cobro ilegal\u2019 de parqu\u00edmetros"},"content":{"rendered":"<figure id=\"attachment_62032\" aria-describedby=\"caption-attachment-62032\" style=\"width: 300px\" class=\"wp-caption alignleft\"><a href=\"https:\/\/i0.wp.com\/www.eltrabajo.cl\/portal\/wp-content\/uploads\/2015\/09\/muni_parquimetros.jpg\"><img data-recalc-dims=\"1\" loading=\"lazy\" decoding=\"async\" class=\"wp-image-62032 size-medium\" src=\"https:\/\/i0.wp.com\/www.eltrabajo.cl\/portal\/wp-content\/uploads\/2015\/09\/muni_parquimetros-300x198.jpg?resize=300%2C198\" alt=\"Personal de Carabineros deber\u00e1 lidiar con empresa para que deje de cobrar parqu\u00edmetros.\" width=\"300\" height=\"198\" srcset=\"https:\/\/i0.wp.com\/eltrabajo.cl\/portal\/wp-content\/uploads\/2015\/09\/muni_parquimetros.jpg?resize=300%2C198&amp;ssl=1 300w, https:\/\/i0.wp.com\/eltrabajo.cl\/portal\/wp-content\/uploads\/2015\/09\/muni_parquimetros.jpg?resize=200%2C132&amp;ssl=1 200w, https:\/\/i0.wp.com\/eltrabajo.cl\/portal\/wp-content\/uploads\/2015\/09\/muni_parquimetros.jpg?resize=227%2C150&amp;ssl=1 227w, https:\/\/i0.wp.com\/eltrabajo.cl\/portal\/wp-content\/uploads\/2015\/09\/muni_parquimetros.jpg?resize=400%2C264&amp;ssl=1 400w, https:\/\/i0.wp.com\/eltrabajo.cl\/portal\/wp-content\/uploads\/2015\/09\/muni_parquimetros.jpg?w=530&amp;ssl=1 530w\" sizes=\"auto, (max-width: 300px) 100vw, 300px\" \/><\/a><figcaption id=\"caption-attachment-62032\" class=\"wp-caption-text\">Personal de Carabineros deber\u00e1 lidiar con empresa para que deje de cobrar parqu\u00edmetros.<\/figcaption><\/figure>\n<p><strong>LOS ANDES<\/strong>.- La ma\u00f1ana de este martes con el auxilio de Carabineros se notific\u00f3 a la empresa Concesiones Los Andes para que finalice inmediatamente el cobro de estacionamientos en el centro de la ciudad, conmin\u00e1ndosele a dar cumplimiento al decreto que puso fin a su contrato.<br \/>\nEl acta de notificaci\u00f3n se realiz\u00f3 en oficinas de la empresa por la Secretaria Municipal, Jeannette Pino, acompa\u00f1ada por el Director Jur\u00eddico, Ignacio Otazo, y funcionarios de fiscalizaci\u00f3n del municipio.<br \/>\nEl documento conmina a la firma a retirar de inmediato al personal que actualmente est\u00e1 realizando el cobro. Adem\u00e1s, se le instruye retirar dentro de 24 horas la se\u00f1al\u00e9tica vial relativa al contrato, bajo apercibimiento de ser retirada a su costa por la municipalidad.<br \/>\nEl alcalde Mauricio Navarro advirti\u00f3 que la empresa se expone a una denuncia por desacato a la autoridad y estafa a los usuarios. El jefe comunal reiter\u00f3 que \u00abactualmente no procede el cobro\u00bb y llam\u00f3 a \u00abmantener una actitud respetuosa hacia los trabajadores, quienes no tienen responsabilidad en esta situaci\u00f3n y lamentablemente son expuestos a malos tratos\u00bb.<\/p>\n","protected":false},"excerpt":{"rendered":"<p>LOS ANDES.- La ma\u00f1ana de este martes con el auxilio de Carabineros se notific\u00f3 a la empresa Concesiones Los Andes para que finalice inmediatamente el cobro de estacionamientos en el centro de&#8230;<\/p>\n","protected":false},"author":482,"featured_media":62032,"comment_status":"open","ping_status":"open","sticky":false,"template":"","format":"standard","meta":{"advanced_seo_description":"","jetpack_seo_html_title":"","jetpack_seo_noindex":false,"_jetpack_memberships_contains_paid_content":false,"footnotes":""},"categories":[1],"tags":[],"class_list":["post-62031","post","type-post","status-publish","format-standard","has-post-thumbnail","hentry","category-cronica"],"jetpack_featured_media_url":"https:\/\/i0.wp.com\/eltrabajo.cl\/portal\/wp-content\/uploads\/2015\/09\/muni_parquimetros.jpg?fit=530%2C350&ssl=1","jetpack_sharing_enabled":true,"jetpack_likes_enabled":true,"jetpack-related-posts":[],"_links":{"self":[{"href":"https:\/\/eltrabajo.cl\/portal\/wp-json\/wp\/v2\/posts\/62031","targetHints":{"allow":["GET"]}}],"collection":[{"href":"https:\/\/eltrabajo.cl\/portal\/wp-json\/wp\/v2\/posts"}],"about":[{"href":"https:\/\/eltrabajo.cl\/portal\/wp-json\/wp\/v2\/types\/post"}],"author":[{"embeddable":true,"href":"https:\/\/eltrabajo.cl\/portal\/wp-json\/wp\/v2\/users\/482"}],"replies":[{"embeddable":true,"href":"https:\/\/eltrabajo.cl\/portal\/wp-json\/wp\/v2\/comments?post=62031"}],"version-history":[{"count":0,"href":"https:\/\/eltrabajo.cl\/portal\/wp-json\/wp\/v2\/posts\/62031\/revisions"}],"wp:featuredmedia":[{"embeddable":true,"href":"https:\/\/eltrabajo.cl\/portal\/wp-json\/wp\/v2\/media\/62032"}],"wp:attachment":[{"href":"https:\/\/eltrabajo.cl\/portal\/wp-json\/wp\/v2\/media?parent=62031"}],"wp:term":[{"taxonomy":"category","embeddable":true,"href":"https:\/\/eltrabajo.cl\/portal\/wp-json\/wp\/v2\/categories?post=62031"},{"taxonomy":"post_tag","embeddable":true,"href":"https:\/\/eltrabajo.cl\/portal\/wp-json\/wp\/v2\/tags?post=62031"}],"curies":[{"name":"wp","href":"https:\/\/api.w.org\/{rel}","templated":true}]}}