{"id":62034,"date":"2015-09-16T09:37:33","date_gmt":"2015-09-16T12:37:33","guid":{"rendered":"http:\/\/www.eltrabajo.cl\/portal\/?p=62034"},"modified":"2015-09-16T09:37:33","modified_gmt":"2015-09-16T12:37:33","slug":"este-fin-de-semana-culmino-con-gran-participacion-proyecto-san-felipe-corre-con-todas-y-todos","status":"publish","type":"post","link":"https:\/\/eltrabajo.cl\/portal\/este-fin-de-semana-culmino-con-gran-participacion-proyecto-san-felipe-corre-con-todas-y-todos\/","title":{"rendered":"Este fin de semana culmin\u00f3 con gran participaci\u00f3n proyecto \u2018San Felipe corre con todas y todos\u2019"},"content":{"rendered":"<figure id=\"attachment_62035\" aria-describedby=\"caption-attachment-62035\" style=\"width: 300px\" class=\"wp-caption alignleft\"><a href=\"https:\/\/i0.wp.com\/www.eltrabajo.cl\/portal\/wp-content\/uploads\/2015\/09\/San-Felipe-corre-con-todas-y-todos-2015-2.jpg\"><img data-recalc-dims=\"1\" loading=\"lazy\" decoding=\"async\" class=\"wp-image-62035 size-medium\" src=\"https:\/\/i0.wp.com\/www.eltrabajo.cl\/portal\/wp-content\/uploads\/2015\/09\/San-Felipe-corre-con-todas-y-todos-2015-2-300x197.jpg?resize=300%2C197\" alt=\"Durante el domingo se realiz\u00f3 la \u00faltima corrida que formaba parte del proyecto \u2018San Felipe corre con todas y todos\u2019.\" width=\"300\" height=\"197\" srcset=\"https:\/\/i0.wp.com\/eltrabajo.cl\/portal\/wp-content\/uploads\/2015\/09\/San-Felipe-corre-con-todas-y-todos-2015-2.jpg?resize=300%2C197&amp;ssl=1 300w, https:\/\/i0.wp.com\/eltrabajo.cl\/portal\/wp-content\/uploads\/2015\/09\/San-Felipe-corre-con-todas-y-todos-2015-2.jpg?resize=200%2C131&amp;ssl=1 200w, https:\/\/i0.wp.com\/eltrabajo.cl\/portal\/wp-content\/uploads\/2015\/09\/San-Felipe-corre-con-todas-y-todos-2015-2.jpg?resize=228%2C150&amp;ssl=1 228w, https:\/\/i0.wp.com\/eltrabajo.cl\/portal\/wp-content\/uploads\/2015\/09\/San-Felipe-corre-con-todas-y-todos-2015-2.jpg?resize=400%2C263&amp;ssl=1 400w, https:\/\/i0.wp.com\/eltrabajo.cl\/portal\/wp-content\/uploads\/2015\/09\/San-Felipe-corre-con-todas-y-todos-2015-2.jpg?w=530&amp;ssl=1 530w\" sizes=\"auto, (max-width: 300px) 100vw, 300px\" \/><\/a><figcaption id=\"caption-attachment-62035\" class=\"wp-caption-text\">Durante el domingo se realiz\u00f3 la \u00faltima corrida que formaba parte del proyecto \u2018San Felipe corre con todas y todos\u2019.<\/figcaption><\/figure>\n<p>Enorme satisfacci\u00f3n gener\u00f3 en la municipalidad de San Felipe, especialmente en el Departamento de Deportes y Actividad F\u00edsica, los resultados de participaci\u00f3n obtenidos en las cuatro corridas del proyecto \u2018San Felipe corre con todas y todos\u2019, iniciativa financiada con recursos del Gobierno Regional.<br \/>\nEn la ma\u00f1ana del domingo se realiz\u00f3 la cuarta y \u00faltima corrida de este proyecto, registr\u00e1ndose una participaci\u00f3n de 180 corredores, en las categor\u00edas 2K, 5K y 10K.<br \/>\nDanilo Pe\u00f1a destac\u00f3 que a partir de esta experiencia, un grupo de corredores ya est\u00e1 avanzando para la formalizaci\u00f3n de una agrupaci\u00f3n con personalidad jur\u00eddica denominada \u2018Aconcagua Runners\u2019, al tiempo que se ha logrado fortalecer el taller de running que todos los s\u00e1bados impulsa la municipalidad de San Felipe, en el Estadio Fiscal de San Felipe, con el apoyo y asesor\u00eda de un profesor de educaci\u00f3n f\u00edsica.<br \/>\nSeg\u00fan se\u00f1al\u00f3, esta iniciativa se enmarca en las directrices definidas por el alcalde Patricio Freire, en t\u00e9rminos de favorecer y generar instancias que apunten al fomento de la actividad f\u00edsica y estilos de vida saludable.<br \/>\nA ra\u00edz de eso, es precisamente que valor\u00f3 el hecho que desde sectores poblacionales como El Totoral, desde donde un grupo de 25 ni\u00f1os que integran un taller de f\u00fatbol, se motivaron para participar de esta corrida.<\/p>\n","protected":false},"excerpt":{"rendered":"<p>Enorme satisfacci\u00f3n gener\u00f3 en la municipalidad de San Felipe, especialmente en el Departamento de Deportes y Actividad F\u00edsica, los resultados de participaci\u00f3n obtenidos en las cuatro corridas del proyecto \u2018San Felipe corre&#8230;<\/p>\n","protected":false},"author":482,"featured_media":62035,"comment_status":"open","ping_status":"open","sticky":false,"template":"","format":"standard","meta":{"advanced_seo_description":"","jetpack_seo_html_title":"","jetpack_seo_noindex":false,"_jetpack_memberships_contains_paid_content":false,"footnotes":""},"categories":[1],"tags":[],"class_list":["post-62034","post","type-post","status-publish","format-standard","has-post-thumbnail","hentry","category-cronica"],"jetpack_featured_media_url":"https:\/\/i0.wp.com\/eltrabajo.cl\/portal\/wp-content\/uploads\/2015\/09\/San-Felipe-corre-con-todas-y-todos-2015-2.jpg?fit=530%2C348&ssl=1","jetpack_sharing_enabled":true,"jetpack_likes_enabled":true,"jetpack-related-posts":[],"_links":{"self":[{"href":"https:\/\/eltrabajo.cl\/portal\/wp-json\/wp\/v2\/posts\/62034","targetHints":{"allow":["GET"]}}],"collection":[{"href":"https:\/\/eltrabajo.cl\/portal\/wp-json\/wp\/v2\/posts"}],"about":[{"href":"https:\/\/eltrabajo.cl\/portal\/wp-json\/wp\/v2\/types\/post"}],"author":[{"embeddable":true,"href":"https:\/\/eltrabajo.cl\/portal\/wp-json\/wp\/v2\/users\/482"}],"replies":[{"embeddable":true,"href":"https:\/\/eltrabajo.cl\/portal\/wp-json\/wp\/v2\/comments?post=62034"}],"version-history":[{"count":0,"href":"https:\/\/eltrabajo.cl\/portal\/wp-json\/wp\/v2\/posts\/62034\/revisions"}],"wp:featuredmedia":[{"embeddable":true,"href":"https:\/\/eltrabajo.cl\/portal\/wp-json\/wp\/v2\/media\/62035"}],"wp:attachment":[{"href":"https:\/\/eltrabajo.cl\/portal\/wp-json\/wp\/v2\/media?parent=62034"}],"wp:term":[{"taxonomy":"category","embeddable":true,"href":"https:\/\/eltrabajo.cl\/portal\/wp-json\/wp\/v2\/categories?post=62034"},{"taxonomy":"post_tag","embeddable":true,"href":"https:\/\/eltrabajo.cl\/portal\/wp-json\/wp\/v2\/tags?post=62034"}],"curies":[{"name":"wp","href":"https:\/\/api.w.org\/{rel}","templated":true}]}}