{"id":62037,"date":"2015-09-16T09:41:28","date_gmt":"2015-09-16T12:41:28","guid":{"rendered":"http:\/\/www.eltrabajo.cl\/portal\/?p=62037"},"modified":"2015-09-16T09:41:28","modified_gmt":"2015-09-16T12:41:28","slug":"celebraciones-de-fiestas-patrias-putaendinas-iniciaran-con-desfile-en-plaza-prat","status":"publish","type":"post","link":"https:\/\/eltrabajo.cl\/portal\/celebraciones-de-fiestas-patrias-putaendinas-iniciaran-con-desfile-en-plaza-prat\/","title":{"rendered":"Celebraciones de Fiestas Patrias putaendinas iniciar\u00e1n con desfile en plaza Prat"},"content":{"rendered":"<figure id=\"attachment_62038\" aria-describedby=\"caption-attachment-62038\" style=\"width: 300px\" class=\"wp-caption alignleft\"><a href=\"https:\/\/i0.wp.com\/www.eltrabajo.cl\/portal\/wp-content\/uploads\/2015\/09\/Fiestas-Patrias-Putaendo-Referencial.jpg\"><img data-recalc-dims=\"1\" loading=\"lazy\" decoding=\"async\" class=\"wp-image-62038 size-medium\" src=\"https:\/\/i0.wp.com\/www.eltrabajo.cl\/portal\/wp-content\/uploads\/2015\/09\/Fiestas-Patrias-Putaendo-Referencial-300x198.jpg?resize=300%2C198\" alt=\"En las celebraciones, las fiestas huasas y ramadas entregar\u00e1n el mejor espect\u00e1culo campestre de la zona con juegos criollos, domaduras, cabalgatas, entre otras actividades familiares. (Foto referencial)\" width=\"300\" height=\"198\" srcset=\"https:\/\/i0.wp.com\/eltrabajo.cl\/portal\/wp-content\/uploads\/2015\/09\/Fiestas-Patrias-Putaendo-Referencial.jpg?resize=300%2C198&amp;ssl=1 300w, https:\/\/i0.wp.com\/eltrabajo.cl\/portal\/wp-content\/uploads\/2015\/09\/Fiestas-Patrias-Putaendo-Referencial.jpg?resize=200%2C132&amp;ssl=1 200w, https:\/\/i0.wp.com\/eltrabajo.cl\/portal\/wp-content\/uploads\/2015\/09\/Fiestas-Patrias-Putaendo-Referencial.jpg?resize=227%2C150&amp;ssl=1 227w, https:\/\/i0.wp.com\/eltrabajo.cl\/portal\/wp-content\/uploads\/2015\/09\/Fiestas-Patrias-Putaendo-Referencial.jpg?resize=400%2C264&amp;ssl=1 400w, https:\/\/i0.wp.com\/eltrabajo.cl\/portal\/wp-content\/uploads\/2015\/09\/Fiestas-Patrias-Putaendo-Referencial.jpg?w=530&amp;ssl=1 530w\" sizes=\"auto, (max-width: 300px) 100vw, 300px\" \/><\/a><figcaption id=\"caption-attachment-62038\" class=\"wp-caption-text\">En las celebraciones, las fiestas huasas y ramadas entregar\u00e1n el mejor espect\u00e1culo campestre de la zona con juegos criollos, domaduras, cabalgatas, entre otras actividades familiares. (Foto referencial)<\/figcaption><\/figure>\n<ul>\n<li><strong>Con variadas actividades dieciocheras, el primer Pueblo Libre de Chile, recibir\u00e1 a miles de visitantes de todo el pa\u00eds.<\/strong><\/li>\n<\/ul>\n<p><strong>PUTAENDO.<\/strong>&#8211; Como ya es tradici\u00f3n, la comuna de Putaendo se pone chupalla, manta, botas, corraleras y espuelas para celebrar con todo las Fiestas Patrias. Recibiendo cada a\u00f1o a miles de visitantes de todas partes de la regi\u00f3n y del pa\u00eds, la Capital Patrimonial de Aconcagua realizar\u00e1 diferentes actividades para celebrar el 18 de Septiembre.<br \/>\nLas celebraciones parten este mi\u00e9rcoles 16 con el desfile c\u00edvico militar desde las 11:00 horas en la plaza Prat de la comuna. En esta oportunidad se presentar\u00e1n todos los estudiantes de las escuelas, liceos y jardines infantiles de Putaendo. Masivo desfile que contar\u00e1 por primera vez con la presentaci\u00f3n de las Bandas de Guerra e Instrumental de Gendarmer\u00eda de Chile.<br \/>\nLa inauguraci\u00f3n de fondas y ramadas partir\u00e1 el d\u00eda 17 de septiembre desde las 19:30 horas con la \u2018Ramada de la Familia Sanch\u00e9z\u2019 en calle Brasil. Siguiendo el d\u00eda 18 con la inauguraci\u00f3n de la Ramada del Parque El Huaso de Sahond\u00e9 y el Rodeo Laboral organizado por el Club de Huaso Putaendo Centro, desde las 09:00 horas.<br \/>\nPese a algunos trascendidos, la Serran\u00eda Campo La Quebrada confirm\u00f3 que se habilitar\u00e1, como cada a\u00f1o, su zona de picnic durante todos los d\u00edas de las celebraciones.<br \/>\nPor \u00faltimo, pero no menos importante, encontramos la Fiesta Huasa y Ramada La Chalana que dar\u00e1 su primer pie oficial de cueca el d\u00eda 18 a las 13:00 horas, en el sector de Tabolango.<br \/>\nFiestas huasas y ramadas que entregar\u00e1n el mejor espect\u00e1culo campestre de la zona los d\u00edas 17, 18, 19 y 20 de septiembre con juegos criollos, domaduras, cabalgatas, exquisita gastronom\u00eda t\u00edpica de la zona, entre otras entretenciones.<br \/>\nUna comuna llena de actividades y hermosos lugares de esparcimiento para disfrutar en familia. El Parque Municipal ser\u00e1 una gran alternativa gratuita para quienes quieren disfrutar de un lugar con juegos infantiles, estacionamiento y amplio espacio. Asimismo, se espera que el cerro El Llano y su Parque Escult\u00f3rico Cementerio de Carretas, reciba a otros cientos de visitantes.<br \/>\nFiestas Patrias en Putaendo, tradici\u00f3n de Aconcagua. Solo recuerda que alcohol y conducci\u00f3n no riman, no pretendas hacer una paya de algo que no resultar\u00e1 gracioso. Cuida tu vida, protege a tu familia. Disfrutemos con responsabilidad, solo depende de ti. Te aconseja I. Municipalidad de Putaendo.<\/p>\n","protected":false},"excerpt":{"rendered":"<p>Con variadas actividades dieciocheras, el primer Pueblo Libre de Chile, recibir\u00e1 a miles de visitantes de todo el pa\u00eds. PUTAENDO.&#8211; Como ya es tradici\u00f3n, la comuna de Putaendo se pone chupalla, manta,&#8230;<\/p>\n","protected":false},"author":482,"featured_media":62038,"comment_status":"open","ping_status":"open","sticky":false,"template":"","format":"standard","meta":{"advanced_seo_description":"","jetpack_seo_html_title":"","jetpack_seo_noindex":false,"_jetpack_memberships_contains_paid_content":false,"footnotes":""},"categories":[1],"tags":[],"class_list":["post-62037","post","type-post","status-publish","format-standard","has-post-thumbnail","hentry","category-cronica"],"jetpack_featured_media_url":"https:\/\/i0.wp.com\/eltrabajo.cl\/portal\/wp-content\/uploads\/2015\/09\/Fiestas-Patrias-Putaendo-Referencial.jpg?fit=530%2C350&ssl=1","jetpack_sharing_enabled":true,"jetpack_likes_enabled":true,"jetpack-related-posts":[],"_links":{"self":[{"href":"https:\/\/eltrabajo.cl\/portal\/wp-json\/wp\/v2\/posts\/62037","targetHints":{"allow":["GET"]}}],"collection":[{"href":"https:\/\/eltrabajo.cl\/portal\/wp-json\/wp\/v2\/posts"}],"about":[{"href":"https:\/\/eltrabajo.cl\/portal\/wp-json\/wp\/v2\/types\/post"}],"author":[{"embeddable":true,"href":"https:\/\/eltrabajo.cl\/portal\/wp-json\/wp\/v2\/users\/482"}],"replies":[{"embeddable":true,"href":"https:\/\/eltrabajo.cl\/portal\/wp-json\/wp\/v2\/comments?post=62037"}],"version-history":[{"count":0,"href":"https:\/\/eltrabajo.cl\/portal\/wp-json\/wp\/v2\/posts\/62037\/revisions"}],"wp:featuredmedia":[{"embeddable":true,"href":"https:\/\/eltrabajo.cl\/portal\/wp-json\/wp\/v2\/media\/62038"}],"wp:attachment":[{"href":"https:\/\/eltrabajo.cl\/portal\/wp-json\/wp\/v2\/media?parent=62037"}],"wp:term":[{"taxonomy":"category","embeddable":true,"href":"https:\/\/eltrabajo.cl\/portal\/wp-json\/wp\/v2\/categories?post=62037"},{"taxonomy":"post_tag","embeddable":true,"href":"https:\/\/eltrabajo.cl\/portal\/wp-json\/wp\/v2\/tags?post=62037"}],"curies":[{"name":"wp","href":"https:\/\/api.w.org\/{rel}","templated":true}]}}