{"id":62040,"date":"2015-09-16T09:44:44","date_gmt":"2015-09-16T12:44:44","guid":{"rendered":"http:\/\/www.eltrabajo.cl\/portal\/?p=62040"},"modified":"2015-09-16T09:44:44","modified_gmt":"2015-09-16T12:44:44","slug":"con-mas-de-20-mil-asistentes-se-desarrollo-la-ii-fiesta-de-la-chilenidad-en-almendral","status":"publish","type":"post","link":"https:\/\/eltrabajo.cl\/portal\/con-mas-de-20-mil-asistentes-se-desarrollo-la-ii-fiesta-de-la-chilenidad-en-almendral\/","title":{"rendered":"Con m\u00e1s de 20 mil asistentes se desarroll\u00f3 la II Fiesta de la Chilenidad en Almendral"},"content":{"rendered":"<figure id=\"attachment_62041\" aria-describedby=\"caption-attachment-62041\" style=\"width: 300px\" class=\"wp-caption alignleft\"><a href=\"https:\/\/i0.wp.com\/www.eltrabajo.cl\/portal\/wp-content\/uploads\/2015\/09\/los-trukeros-1.jpg\"><img data-recalc-dims=\"1\" loading=\"lazy\" decoding=\"async\" class=\"wp-image-62041 size-medium\" src=\"https:\/\/i0.wp.com\/www.eltrabajo.cl\/portal\/wp-content\/uploads\/2015\/09\/los-trukeros-1-300x198.jpg?resize=300%2C198\" alt=\"En la tarde, los asistentes pudieron disfrutar de la presentaci\u00f3n de Los Trukeros quienes con sus cuecas hicieron bailar a los miles de asistentes a la fiesta.\" width=\"300\" height=\"198\" srcset=\"https:\/\/i0.wp.com\/eltrabajo.cl\/portal\/wp-content\/uploads\/2015\/09\/los-trukeros-1.jpg?resize=300%2C198&amp;ssl=1 300w, https:\/\/i0.wp.com\/eltrabajo.cl\/portal\/wp-content\/uploads\/2015\/09\/los-trukeros-1.jpg?resize=200%2C132&amp;ssl=1 200w, https:\/\/i0.wp.com\/eltrabajo.cl\/portal\/wp-content\/uploads\/2015\/09\/los-trukeros-1.jpg?resize=228%2C150&amp;ssl=1 228w, https:\/\/i0.wp.com\/eltrabajo.cl\/portal\/wp-content\/uploads\/2015\/09\/los-trukeros-1.jpg?resize=400%2C263&amp;ssl=1 400w, https:\/\/i0.wp.com\/eltrabajo.cl\/portal\/wp-content\/uploads\/2015\/09\/los-trukeros-1.jpg?w=530&amp;ssl=1 530w\" sizes=\"auto, (max-width: 300px) 100vw, 300px\" \/><\/a><figcaption id=\"caption-attachment-62041\" class=\"wp-caption-text\">En la tarde, los asistentes pudieron disfrutar de la presentaci\u00f3n de Los Trukeros quienes con sus cuecas hicieron bailar a los miles de asistentes a la fiesta.<\/figcaption><\/figure>\n<ul>\n<li><strong>Alcalde Freire encabez\u00f3 esta fiesta que reuni\u00f3 lo mejor de nuestras tradiciones, los juegos t\u00edpicos, la gastronom\u00eda y la chicha de Aconcagua<\/strong><\/li>\n<\/ul>\n<p>Los mejores productos para degustar y la m\u00e1s rica chicha de Aconcagua estuvieron presentes desde el viernes y hasta este domingo en la Fiesta de la Chilenidad que realiz\u00f3 la Municipalidad de San Felipe en Almendral y que congreg\u00f3 a m\u00e1s de 20 mil personas que llegaron desde distintos lugares de nuestro pa\u00eds.<br \/>\nPor segundo a\u00f1o consecutivo el municipio sanfelipe\u00f1o, a trav\u00e9s de su departamento de Cultura dio vida a esta festividad que da inicio a las celebraciones de Fiestas Patrias y que en esta oportunidad cont\u00f3 con la presencia de artistas locales y agrupaciones de renombre nacional e internacional.<br \/>\nLa actividad parti\u00f3 el viernes 11 de septiembre con la actuaci\u00f3n de Alex, Wilfredo Gonz\u00e1lez, el doble de Leo Rey y cerr\u00f3 la jornada la sonora de Tomy Rey, quienes hicieron bailar a los asistentes que llegaron hasta este tradicional sector de San Felipe.<br \/>\nEl s\u00e1bado fue inaugurada a medio d\u00eda la fiesta con la presencia de las autoridades provinciales y comunales, encabezadas por el alcalde Patricio Freire, llegando los vecinos desde temprano para degustar los productos y la rica chicha que se produce en el Valle de Aconcagua y especialmente en Almendral, entre ellas la chicha de Jos\u00e9 Toro que estar\u00e1 presente en la parada militar por cuarto a\u00f1o consecutivo y que se ha convertido en la embajadora de nuestra comuna a nivel nacional.<br \/>\nPor la tarde, los juegos t\u00edpicos se tomaron Almendral y destac\u00f3 la participaci\u00f3n de las familias en las actividades, recordando de esta forma algunas de nuestras tradiciones y m\u00e1s tarde volvi\u00f3 la m\u00fasica a esta localidad cuando subieron al escenario Los Cuequeros de Putaendo, Wairas Andinos y el Ballet Municipal de San Felipe. La jornada del s\u00e1bado cerr\u00f3 con la presentaci\u00f3n de Las Primas, un cuarteto que se form\u00f3 el a\u00f1o 2010 y que con sus cuecas hicieron bailar a los asistentes.<br \/>\nEl domingo en tanto el p\u00e1rroco de San Antonio de Padua, Eugenio Duque ofici\u00f3 la Misa a la Chilena, que acompa\u00f1\u00f3 la agrupaci\u00f3n Los Roblerinos, y que cont\u00f3 con gran cantidad de p\u00fablico, encabezando el oficio religioso el alcalde Patricio Freire y por la tarde quienes llegaron hasta Almendral disfrutaron de la m\u00fasica de Los Trukeros, quienes con sus cuecas nuevamente hicieron bailar a los miles de asistentes a la fiesta, para luego disfrutar del folk-rock de Asiris y terminar cantando los mejores \u00e9xitos de Inti Illimani.<br \/>\nEl alcalde Patricio Freire destac\u00f3 el nivel de organizaci\u00f3n de la actividad, que estuvo a cargo de un importante n\u00famero de funcionarios municipales pertenecientes a distintos departamentos de la corporaci\u00f3n edilicia y la respuesta de los vecinos de todo el valle y otros lugares de nuestro pa\u00eds, que llegaron en masa a disfrutar de nuestras tradiciones.<br \/>\n\u201cEstamos muy contentos de la cantidad de p\u00fablico que hemos tenido en el sector de Almendral, en este segundo a\u00f1o de la Fiesta de la Chilenidad, rescatando las tradiciones del Valle de Aconcagua y de la comuna de San Felipe. Esta actividad lleg\u00f3 para quedarse y nuestro objetivo es continuar realiz\u00e1ndola, porque hemos tenido una respuesta incre\u00edble de los vecinos y porque de esta forma estamos dando inicio a las celebraciones de Fiestas Patrias en nuestra comuna y en el valle\u201d, dijo el jefe comunal.<br \/>\nAdem\u00e1s de disfrutar de la m\u00fasica de Inti Illimani, el consejero regional Mario Sottolichio dijo sentirse contento \u201cde disfrutar de esta fiesta que ha sido maravillosa. Durante estos d\u00edas me ha tocado recorrer varias fiestas costumbristas y la verdad que lo que se ve aqu\u00ed es gente con optimismo y que quiere expresar su amor por la patria\u201d, mientras que el concejal Ricardo Covarrubias se\u00f1al\u00f3 que \u201cesta administraci\u00f3n, en este tiempo ha dado muestras de que no ha abandonado ning\u00fan \u00e1rea, as\u00ed como se est\u00e1n arreglando las calles, los pasos viales y las \u00e1reas verdes, tambi\u00e9n le da espacio a la cultura y qu\u00e9 mejor hacerlo a trav\u00e9s de la chilenidad, San Felipe se pone a la cabeza con una actividad tan potente como la que estamos viendo ahora, donde toda la comunidad se ha acercado a participar\u201d.<\/p>\n","protected":false},"excerpt":{"rendered":"<p>Alcalde Freire encabez\u00f3 esta fiesta que reuni\u00f3 lo mejor de nuestras tradiciones, los juegos t\u00edpicos, la gastronom\u00eda y la chicha de Aconcagua Los mejores productos para degustar y la m\u00e1s rica chicha&#8230;<\/p>\n","protected":false},"author":482,"featured_media":62041,"comment_status":"open","ping_status":"open","sticky":false,"template":"","format":"standard","meta":{"advanced_seo_description":"","jetpack_seo_html_title":"","jetpack_seo_noindex":false,"_jetpack_memberships_contains_paid_content":false,"footnotes":""},"categories":[1],"tags":[],"class_list":["post-62040","post","type-post","status-publish","format-standard","has-post-thumbnail","hentry","category-cronica"],"jetpack_featured_media_url":"https:\/\/i0.wp.com\/eltrabajo.cl\/portal\/wp-content\/uploads\/2015\/09\/los-trukeros-1.jpg?fit=530%2C349&ssl=1","jetpack_sharing_enabled":true,"jetpack_likes_enabled":true,"jetpack-related-posts":[],"_links":{"self":[{"href":"https:\/\/eltrabajo.cl\/portal\/wp-json\/wp\/v2\/posts\/62040","targetHints":{"allow":["GET"]}}],"collection":[{"href":"https:\/\/eltrabajo.cl\/portal\/wp-json\/wp\/v2\/posts"}],"about":[{"href":"https:\/\/eltrabajo.cl\/portal\/wp-json\/wp\/v2\/types\/post"}],"author":[{"embeddable":true,"href":"https:\/\/eltrabajo.cl\/portal\/wp-json\/wp\/v2\/users\/482"}],"replies":[{"embeddable":true,"href":"https:\/\/eltrabajo.cl\/portal\/wp-json\/wp\/v2\/comments?post=62040"}],"version-history":[{"count":0,"href":"https:\/\/eltrabajo.cl\/portal\/wp-json\/wp\/v2\/posts\/62040\/revisions"}],"wp:featuredmedia":[{"embeddable":true,"href":"https:\/\/eltrabajo.cl\/portal\/wp-json\/wp\/v2\/media\/62041"}],"wp:attachment":[{"href":"https:\/\/eltrabajo.cl\/portal\/wp-json\/wp\/v2\/media?parent=62040"}],"wp:term":[{"taxonomy":"category","embeddable":true,"href":"https:\/\/eltrabajo.cl\/portal\/wp-json\/wp\/v2\/categories?post=62040"},{"taxonomy":"post_tag","embeddable":true,"href":"https:\/\/eltrabajo.cl\/portal\/wp-json\/wp\/v2\/tags?post=62040"}],"curies":[{"name":"wp","href":"https:\/\/api.w.org\/{rel}","templated":true}]}}