{"id":62043,"date":"2015-09-16T09:46:19","date_gmt":"2015-09-16T12:46:19","guid":{"rendered":"http:\/\/www.eltrabajo.cl\/portal\/?p=62043"},"modified":"2015-09-16T09:46:19","modified_gmt":"2015-09-16T12:46:19","slug":"corte-suprema-favorece-a-trabajadores-activos-de-andina-en-demanda-contra-codelco","status":"publish","type":"post","link":"https:\/\/eltrabajo.cl\/portal\/corte-suprema-favorece-a-trabajadores-activos-de-andina-en-demanda-contra-codelco\/","title":{"rendered":"Corte suprema favorece a trabajadores activos de Andina en demanda contra Codelco"},"content":{"rendered":"<figure id=\"attachment_62044\" aria-describedby=\"caption-attachment-62044\" style=\"width: 300px\" class=\"wp-caption alignleft\"><a href=\"https:\/\/i0.wp.com\/www.eltrabajo.cl\/portal\/wp-content\/uploads\/2015\/09\/gana-demanda1.jpg\"><img data-recalc-dims=\"1\" loading=\"lazy\" decoding=\"async\" class=\"wp-image-62044 size-medium\" src=\"https:\/\/i0.wp.com\/www.eltrabajo.cl\/portal\/wp-content\/uploads\/2015\/09\/gana-demanda1-300x198.jpg?resize=300%2C198\" alt=\"En total fueron 32 trabajadores los beneficiados por el veredicto de la Corte Suprema, teniendo que ser indemnizados por la cupr\u00edfera. \" width=\"300\" height=\"198\" srcset=\"https:\/\/i0.wp.com\/eltrabajo.cl\/portal\/wp-content\/uploads\/2015\/09\/gana-demanda1.jpg?resize=300%2C198&amp;ssl=1 300w, https:\/\/i0.wp.com\/eltrabajo.cl\/portal\/wp-content\/uploads\/2015\/09\/gana-demanda1.jpg?resize=200%2C132&amp;ssl=1 200w, https:\/\/i0.wp.com\/eltrabajo.cl\/portal\/wp-content\/uploads\/2015\/09\/gana-demanda1.jpg?resize=228%2C150&amp;ssl=1 228w, https:\/\/i0.wp.com\/eltrabajo.cl\/portal\/wp-content\/uploads\/2015\/09\/gana-demanda1.jpg?resize=400%2C263&amp;ssl=1 400w, https:\/\/i0.wp.com\/eltrabajo.cl\/portal\/wp-content\/uploads\/2015\/09\/gana-demanda1.jpg?w=530&amp;ssl=1 530w\" sizes=\"auto, (max-width: 300px) 100vw, 300px\" \/><\/a><figcaption id=\"caption-attachment-62044\" class=\"wp-caption-text\">En total fueron 32 trabajadores los beneficiados por el veredicto de la Corte Suprema, teniendo que ser indemnizados por la cupr\u00edfera.<\/figcaption><\/figure>\n<ul>\n<li><strong>La empresa deber\u00e1 pagar millonaria indemnizaci\u00f3n porque los afectados contrajeron silicosis.<\/strong><\/li>\n<\/ul>\n<p><strong>LOS ANDES.<\/strong>&#8211; La Cuarta Sala de la Corte Suprema ratific\u00f3 el fallo del juzgado laboral de Los Andes en orden a que Codelco deber\u00e1 pagar una millonaria indemnizaci\u00f3n a 32 trabajadores activos que se encuentran afectados de silicosis.<br \/>\nEl abogado del sindicato Unificado de Trabajadores de Andina, Rodrigo Ruiz Tagle, record\u00f3 que esta demanda fue presentada contra Codelco en noviembre del a\u00f1o 2013 como responsable que estos trabajadores contrajeran la enfermedad debido a la falta de condiciones de seguridad al interior de la mina.<br \/>\nEl jurista manifest\u00f3 que el tribunal acogi\u00f3 la demanda y resolvi\u00f3 a favor a de los trabajadores y luego la empresa apel\u00f3 a dos instancias, primero en la Corte de Apelaciones de Valpara\u00edso y luego en la Suprema, siendo en ambos casos favorables para los trabajadores.<br \/>\nRespecto al monto de la indemnizaci\u00f3n, el abogado Ruiz Tagle dijo que se trata de montos variables dependiendo del grado incapacidad que presenta cada trabajador, resaltando eso si que este es el primer fallo favorable a trabajadores activos de Andina desde que se implement\u00f3 la reforma laboral.<br \/>\nAgreg\u00f3 que esto marca un precedente respecto a la responsabilidad que tiene la empresa respecto de la salud de sus trabajadores.<br \/>\nPor su parte, el Presidente del SUT, Manuel Ca\u00f1as, indic\u00f3 que este fallo deja a los trabajadores con una sensaci\u00f3n de dulce y agraz, \u201cporque si bien es cierto han logrado triunfar en los proceso judiciales al ganar una demanda contra Codelco por da\u00f1o a la salud de los trabajadores silicosos, tambi\u00e9n hay un sesgo de tristeza porque hay trabajadores enfermos\u201d.<br \/>\nCa\u00f1as dijo que se pudo demostrar ante la justicia que hubo trabajadores que se enfermaron a causa de su trabajo y eso les gener\u00f3 una incapacidad permanente con esta enfermedad que con el tiempo va en aumento y deteriorando su calidad de vida, \u201cya que incluso han tenido que ser reubicados en otras labores\u201d.<br \/>\nValoro la consecuencia con la que han actuado los diferentes estamentos de justica que han tenido a la vista todos los antecedentes y con esos han fallado.<br \/>\nEl dirigente record\u00f3 que hay otros grupos de trabajadores activos que tambi\u00e9n tienen interpuestas demandas en contra de la empresa y por esta raz\u00f3n hizo un llamado a las autoridades de Codelco a cambiar la forma de hacer las cosas, \u201cya que lo hemos dicho, desde los proyectos desde su temprana inversi\u00f3n debe pensarse en el tema de la contaminaci\u00f3n dentro de los yacimientos\u201d.<br \/>\nManuel Ca\u00f1as dijo que esto tambi\u00e9n es un alerta para que las nuevas generaciones de trabajadores se cuiden, \u201cpues si bien estamos trabajando en ambientes contaminados en nuestras faenas subterr\u00e1neas, debe haber una mayor informaci\u00f3n hacia los trabajadores para que se cuiden, pero tambi\u00e9n se deben hacer inversiones para prevenirla\u201d.<\/p>\n","protected":false},"excerpt":{"rendered":"<p>La empresa deber\u00e1 pagar millonaria indemnizaci\u00f3n porque los afectados contrajeron silicosis. LOS ANDES.&#8211; La Cuarta Sala de la Corte Suprema ratific\u00f3 el fallo del juzgado laboral de Los Andes en orden a&#8230;<\/p>\n","protected":false},"author":482,"featured_media":62044,"comment_status":"open","ping_status":"open","sticky":false,"template":"","format":"standard","meta":{"advanced_seo_description":"","jetpack_seo_html_title":"","jetpack_seo_noindex":false,"_jetpack_memberships_contains_paid_content":false,"footnotes":""},"categories":[1],"tags":[],"class_list":["post-62043","post","type-post","status-publish","format-standard","has-post-thumbnail","hentry","category-cronica"],"jetpack_featured_media_url":"https:\/\/i0.wp.com\/eltrabajo.cl\/portal\/wp-content\/uploads\/2015\/09\/gana-demanda1.jpg?fit=530%2C349&ssl=1","jetpack_sharing_enabled":true,"jetpack_likes_enabled":true,"jetpack-related-posts":[],"_links":{"self":[{"href":"https:\/\/eltrabajo.cl\/portal\/wp-json\/wp\/v2\/posts\/62043","targetHints":{"allow":["GET"]}}],"collection":[{"href":"https:\/\/eltrabajo.cl\/portal\/wp-json\/wp\/v2\/posts"}],"about":[{"href":"https:\/\/eltrabajo.cl\/portal\/wp-json\/wp\/v2\/types\/post"}],"author":[{"embeddable":true,"href":"https:\/\/eltrabajo.cl\/portal\/wp-json\/wp\/v2\/users\/482"}],"replies":[{"embeddable":true,"href":"https:\/\/eltrabajo.cl\/portal\/wp-json\/wp\/v2\/comments?post=62043"}],"version-history":[{"count":0,"href":"https:\/\/eltrabajo.cl\/portal\/wp-json\/wp\/v2\/posts\/62043\/revisions"}],"wp:featuredmedia":[{"embeddable":true,"href":"https:\/\/eltrabajo.cl\/portal\/wp-json\/wp\/v2\/media\/62044"}],"wp:attachment":[{"href":"https:\/\/eltrabajo.cl\/portal\/wp-json\/wp\/v2\/media?parent=62043"}],"wp:term":[{"taxonomy":"category","embeddable":true,"href":"https:\/\/eltrabajo.cl\/portal\/wp-json\/wp\/v2\/categories?post=62043"},{"taxonomy":"post_tag","embeddable":true,"href":"https:\/\/eltrabajo.cl\/portal\/wp-json\/wp\/v2\/tags?post=62043"}],"curies":[{"name":"wp","href":"https:\/\/api.w.org\/{rel}","templated":true}]}}