{"id":62047,"date":"2015-09-16T09:48:27","date_gmt":"2015-09-16T12:48:27","guid":{"rendered":"http:\/\/www.eltrabajo.cl\/portal\/?p=62047"},"modified":"2015-09-16T09:48:27","modified_gmt":"2015-09-16T12:48:27","slug":"con-nueva-campana-carabineros-llama-a-evitar-accidentes-en-fiestas-patrias","status":"publish","type":"post","link":"https:\/\/eltrabajo.cl\/portal\/con-nueva-campana-carabineros-llama-a-evitar-accidentes-en-fiestas-patrias\/","title":{"rendered":"Con nueva campa\u00f1a Carabineros llama a evitar accidentes en Fiestas Patrias"},"content":{"rendered":"<figure id=\"attachment_62048\" aria-describedby=\"caption-attachment-62048\" style=\"width: 300px\" class=\"wp-caption alignleft\"><a href=\"https:\/\/i0.wp.com\/www.eltrabajo.cl\/portal\/wp-content\/uploads\/2015\/09\/control-policial.jpg\"><img data-recalc-dims=\"1\" loading=\"lazy\" decoding=\"async\" class=\"wp-image-62048 size-medium\" src=\"https:\/\/i0.wp.com\/www.eltrabajo.cl\/portal\/wp-content\/uploads\/2015\/09\/control-policial-300x198.jpg?resize=300%2C198\" alt=\"Carabineros redobl\u00f3 las fiscalizaciones a conductores de veh\u00edculos durante las Fiestas Patrias a fin de evitar accidentes de tr\u00e1nsito en las rutas 60 CH y 5 Norte.\" width=\"300\" height=\"198\" srcset=\"https:\/\/i0.wp.com\/eltrabajo.cl\/portal\/wp-content\/uploads\/2015\/09\/control-policial.jpg?resize=300%2C198&amp;ssl=1 300w, https:\/\/i0.wp.com\/eltrabajo.cl\/portal\/wp-content\/uploads\/2015\/09\/control-policial.jpg?resize=200%2C132&amp;ssl=1 200w, https:\/\/i0.wp.com\/eltrabajo.cl\/portal\/wp-content\/uploads\/2015\/09\/control-policial.jpg?resize=228%2C150&amp;ssl=1 228w, https:\/\/i0.wp.com\/eltrabajo.cl\/portal\/wp-content\/uploads\/2015\/09\/control-policial.jpg?resize=400%2C263&amp;ssl=1 400w, https:\/\/i0.wp.com\/eltrabajo.cl\/portal\/wp-content\/uploads\/2015\/09\/control-policial.jpg?w=530&amp;ssl=1 530w\" sizes=\"auto, (max-width: 300px) 100vw, 300px\" \/><\/a><figcaption id=\"caption-attachment-62048\" class=\"wp-caption-text\">Carabineros redobl\u00f3 las fiscalizaciones a conductores de veh\u00edculos durante las Fiestas Patrias a fin de evitar accidentes de tr\u00e1nsito en las rutas 60 CH y 5 Norte.<\/figcaption><\/figure>\n<ul>\n<li><strong>Con la llegada del largo fin de semana de celebraciones patrias, Carabineros persigue que los conductores sean responsables al volante a fin de evitar nuevas tragedias en accidentes de tr\u00e1nsito.<\/strong><\/li>\n<\/ul>\n<p>Las estad\u00edsticas a nivel nacional advierten que cada a\u00f1o el n\u00famero de personas fallecidas en accidentes de tr\u00e1nsito va en aumento, cifras muy preocupantes para Carabineros que como cada a\u00f1o en Fiestas Patrias, potencia mediante campa\u00f1as el sensibilizar y concientizar a los conductores a no conducir bajo los efectos del alcohol, a fin de disminuir en su m\u00e1xima expresi\u00f3n las tragedias ocurridas en las carreteras.<br \/>\nEstas iniciativas impulsadas por la polic\u00eda uniformada se han reforzado mediante fiscalizaciones a los automovilistas que circulan hacia las provincias de San Felipe y Los Andes, utilizando las carreteras de alto flujo de tr\u00e1nsito, es decir las rutas 60 CH y 5 Norte, ya sea para el ingreso o salida hacia el sector costero o la Regi\u00f3n Metropolitana.<br \/>\nEn este sentido el personal policial de la Subcomisar\u00eda de Investigaci\u00f3n de Accidentes de Tr\u00e1nsito Siat de San Felipe ha venido desplegando controles vehiculares en dichas carreteras para prevenir otras infracciones a la Ley de Tr\u00e1nsito, adem\u00e1s en aconsejar a los automovilistas mediante d\u00edpticos de la nueva campa\u00f1a, las precauciones que se deben considerar al momento de realizar un viaje familiar en un veh\u00edculo.<br \/>\nEl Capit\u00e1n de la Siat Francisco Carre\u00f1o, enfatiz\u00f3 que tras este fin de semana largo de celebraciones, muchos conductores abandonar\u00e1n las provincias del Aconcagua hacia otros sectores del pa\u00eds, recalcando a los automovilistas que revisen las condiciones del veh\u00edculo antes de iniciar un viaje, portar kits de seguridad y emergencia, neum\u00e1tico de repuesto y los m\u00e1s importante usar correctamente el cintur\u00f3n de seguridad y conducir atentos a las condiciones del tr\u00e1nsito.<br \/>\n\u201cSe aumentar\u00e1n los controles vehiculares en las rutas 60 Ch y Ruta 5, para fiscalizar velocidad y el uso obligatorio del cintur\u00f3n de seguridad y de sillas para menores de 4 a\u00f1os de edad, estado de luces de los veh\u00edculos particulares y del transporte p\u00fablico. El objetivo es disminuir accidentes de tr\u00e1nsito es por ello que prevenimos a los automovilistas, en ning\u00fan caso conducir un veh\u00edculo bajo los efectos del alcohol, drogas o medicamentos que puede ocasionar una tragedia irremediable\u201d, recalc\u00f3 el oficial policial.<\/p>\n<p><strong>\u2018LEY EMILIA\u2019<\/strong><br \/>\nAl cumplirse un a\u00f1o desde la promulgaci\u00f3n de la \u2018Ley Emilia\u2019, \u00e9sta sanciona con c\u00e1rcel efectiva de al menos un a\u00f1o a los conductores en estado de ebriedad que generen lesiones graves grav\u00edsimas o la muerte de personas en accidentes de tr\u00e1nsito.<br \/>\nCarre\u00f1o adem\u00e1s hizo hincapi\u00e9 a no utilizar tel\u00e9fonos celulares sin el uso de manos libres durante la conducci\u00f3n que podr\u00eda ocasionar distracci\u00f3n al tr\u00e1nsito. Asimismo Carabineros dispondr\u00e1 durante las fiscalizaciones de equipamiento tecnol\u00f3gico para el control de velocidad y alcotest para determinar consumo de bebidas alcoh\u00f3licas.<br \/>\nEl Jefe de Siat de Carabineros foment\u00f3 adem\u00e1s el auto cuidado de los peatones y ciclistas que se desplazan por las calles, caminos rurales y carreteras, debiendo utilizar vestimentas reflectantes que puedan servir de advertencia en los automovilistas, todos las advertencias necesarias para disfrutar de estas celebraciones patrias.<br \/>\n<strong>Pablo Salinas Sald\u00edas<\/strong><\/p>\n","protected":false},"excerpt":{"rendered":"<p>Con la llegada del largo fin de semana de celebraciones patrias, Carabineros persigue que los conductores sean responsables al volante a fin de evitar nuevas tragedias en accidentes de tr\u00e1nsito. Las estad\u00edsticas&#8230;<\/p>\n","protected":false},"author":482,"featured_media":62048,"comment_status":"open","ping_status":"open","sticky":false,"template":"","format":"standard","meta":{"advanced_seo_description":"","jetpack_seo_html_title":"","jetpack_seo_noindex":false,"_jetpack_memberships_contains_paid_content":false,"footnotes":""},"categories":[1],"tags":[],"class_list":["post-62047","post","type-post","status-publish","format-standard","has-post-thumbnail","hentry","category-cronica"],"jetpack_featured_media_url":"https:\/\/i0.wp.com\/eltrabajo.cl\/portal\/wp-content\/uploads\/2015\/09\/control-policial.jpg?fit=530%2C349&ssl=1","jetpack_sharing_enabled":true,"jetpack_likes_enabled":true,"jetpack-related-posts":[],"_links":{"self":[{"href":"https:\/\/eltrabajo.cl\/portal\/wp-json\/wp\/v2\/posts\/62047","targetHints":{"allow":["GET"]}}],"collection":[{"href":"https:\/\/eltrabajo.cl\/portal\/wp-json\/wp\/v2\/posts"}],"about":[{"href":"https:\/\/eltrabajo.cl\/portal\/wp-json\/wp\/v2\/types\/post"}],"author":[{"embeddable":true,"href":"https:\/\/eltrabajo.cl\/portal\/wp-json\/wp\/v2\/users\/482"}],"replies":[{"embeddable":true,"href":"https:\/\/eltrabajo.cl\/portal\/wp-json\/wp\/v2\/comments?post=62047"}],"version-history":[{"count":0,"href":"https:\/\/eltrabajo.cl\/portal\/wp-json\/wp\/v2\/posts\/62047\/revisions"}],"wp:featuredmedia":[{"embeddable":true,"href":"https:\/\/eltrabajo.cl\/portal\/wp-json\/wp\/v2\/media\/62048"}],"wp:attachment":[{"href":"https:\/\/eltrabajo.cl\/portal\/wp-json\/wp\/v2\/media?parent=62047"}],"wp:term":[{"taxonomy":"category","embeddable":true,"href":"https:\/\/eltrabajo.cl\/portal\/wp-json\/wp\/v2\/categories?post=62047"},{"taxonomy":"post_tag","embeddable":true,"href":"https:\/\/eltrabajo.cl\/portal\/wp-json\/wp\/v2\/tags?post=62047"}],"curies":[{"name":"wp","href":"https:\/\/api.w.org\/{rel}","templated":true}]}}