{"id":62050,"date":"2015-09-16T09:52:09","date_gmt":"2015-09-16T12:52:09","guid":{"rendered":"http:\/\/www.eltrabajo.cl\/portal\/?p=62050"},"modified":"2015-09-16T09:52:09","modified_gmt":"2015-09-16T12:52:09","slug":"vecino-propietario-de-casa-en-villa-santa-teresita-no-soy-un-delincuente-yo-trabajo-honradamente","status":"publish","type":"post","link":"https:\/\/eltrabajo.cl\/portal\/vecino-propietario-de-casa-en-villa-santa-teresita-no-soy-un-delincuente-yo-trabajo-honradamente\/","title":{"rendered":"Vecino propietario de casa en Villa Santa Teresita: \u00abNo soy un delincuente, yo trabajo honradamente\u00bb"},"content":{"rendered":"<figure id=\"attachment_62051\" aria-describedby=\"caption-attachment-62051\" style=\"width: 300px\" class=\"wp-caption alignleft\"><a href=\"https:\/\/i0.wp.com\/www.eltrabajo.cl\/portal\/wp-content\/uploads\/2015\/09\/Gonzalo-Elias-Gonzalo-Orellana.jpg\"><img data-recalc-dims=\"1\" loading=\"lazy\" decoding=\"async\" class=\"wp-image-62051 size-medium\" src=\"https:\/\/i0.wp.com\/www.eltrabajo.cl\/portal\/wp-content\/uploads\/2015\/09\/Gonzalo-Elias-Gonzalo-Orellana-300x198.jpg?resize=300%2C198\" alt=\"Gonzalo El\u00edas Gonzalo Orellana muestra a Diario El Trabajo la multa que ten\u00eda pendiente. De momento \u00e9l no registra antecedentes penales mayores.\" width=\"300\" height=\"198\" srcset=\"https:\/\/i0.wp.com\/eltrabajo.cl\/portal\/wp-content\/uploads\/2015\/09\/Gonzalo-Elias-Gonzalo-Orellana.jpg?resize=300%2C198&amp;ssl=1 300w, https:\/\/i0.wp.com\/eltrabajo.cl\/portal\/wp-content\/uploads\/2015\/09\/Gonzalo-Elias-Gonzalo-Orellana.jpg?resize=200%2C132&amp;ssl=1 200w, https:\/\/i0.wp.com\/eltrabajo.cl\/portal\/wp-content\/uploads\/2015\/09\/Gonzalo-Elias-Gonzalo-Orellana.jpg?resize=227%2C150&amp;ssl=1 227w, https:\/\/i0.wp.com\/eltrabajo.cl\/portal\/wp-content\/uploads\/2015\/09\/Gonzalo-Elias-Gonzalo-Orellana.jpg?resize=400%2C264&amp;ssl=1 400w, https:\/\/i0.wp.com\/eltrabajo.cl\/portal\/wp-content\/uploads\/2015\/09\/Gonzalo-Elias-Gonzalo-Orellana.jpg?w=530&amp;ssl=1 530w\" sizes=\"auto, (max-width: 300px) 100vw, 300px\" \/><\/a><figcaption id=\"caption-attachment-62051\" class=\"wp-caption-text\">Gonzalo El\u00edas Gonzalo Orellana muestra a Diario El Trabajo la multa que ten\u00eda pendiente. De momento \u00e9l no registra antecedentes penales mayores.<\/figcaption><\/figure>\n<p>Muy molesto visit\u00f3 nuestra Sala de Redacci\u00f3n un vecino de villa Santa Teresa de San Felipe, luego que en nuestro medio public\u00e1ramos un reporte policial emanado de Carabineros San Felipe, del que se desprenden nombres y fotos de personas supuestamente relacionadas con algunos delitos en ese sector de la comuna, situaci\u00f3n que afect\u00f3, seg\u00fan el propio vecino, a este vendedor de productos para autos y damnificado del incendio de Valpara\u00edso que recibi\u00f3 una vivienda en ese complejo habitacional.<\/p>\n<p><strong>MUY MOLESTO<\/strong><br \/>\nSe trata de Gonzalo El\u00edas Gonzalo Orellana, quien reclama estar siendo discriminado \u2018por ser del Puerto\u2019, situaci\u00f3n que la explic\u00f3 de la siguiente manera.<br \/>\n<strong>&#8211; \u00bfQui\u00e9n es usted y a qu\u00e9 se dedica?<\/strong><br \/>\n<strong>&#8211;<\/strong> Yo soy uno de los damnificados del incendio del 12 de octubre de 2014 ocurrido en Valpara\u00edso. El Minvu me adjudic\u00f3 la vivienda N\u00ba 0159 en villa Santa Teresita y me dedico a vender art\u00edculos para autos en San Felipe.<br \/>\n<strong>&#8211; \u00bfY cu\u00e1l es el reclamo p\u00fablico que quiere hacer?<\/strong><br \/>\n<strong>&#8211;<\/strong> Bueno, el problema que tengo es que la jefa de Carabineros me ha expuesto con mi nombre, apellidos y hasta con mi foto, como a un vulgar delincuente en Diario El Trabajo, al hacer p\u00fablica mi fotograf\u00eda de mi Rut, siento que me discrimina porque soy del Puerto.<br \/>\n<strong>&#8211; \u00bfTiene usted cuentas pendientes con la Justicia para que lo hayan detenido y expuesto p\u00fablicamente ante la prensa?<\/strong><br \/>\n<strong>&#8211;<\/strong> La \u00fanica relaci\u00f3n que tengo con la Justicia en mi caso, es una multa de tr\u00e1nsito, yo no soy un delincuente para que pongan mi foto al lado de otros supuestos sospechosos de robo o delitos similares, yo trabajo honradamente para ganar la comida de mi esposa y la m\u00eda.<br \/>\n<strong>&#8211; \u00bfC\u00f3mo le ha afectado esta exposici\u00f3n en medios en su trabajo?<\/strong><br \/>\n<strong>&#8211;<\/strong> Mis ventas han bajado en un 50%, mucha gente me detiene en la calle y preguntan que cu\u00e1l es mi participaci\u00f3n en los supuestos delitos ocurridos en la villa, y es absurdo que me relacionen a m\u00ed con este problema, porque soy un propietario leg\u00edtimo de mi casa, yo no estoy en toma ni digo con esto que quienes s\u00ed lo est\u00e1n sean delincuentes, hablo por m\u00ed, porque es a mi persona a quien se est\u00e1 afectando con esta clase de reportes.<\/p>\n<p><strong>RESPONDE CARABINEROS<\/strong><br \/>\nDiario El Trabajo busc\u00f3 una respuesta con la Mayor de Carabineros Maureen Espinoza Lobos, quien explic\u00f3 que \u00abrespecto de la publicaci\u00f3n, de este medio escrito el pasado jueves 10 de septiembre del a\u00f1o en curso, es mi deseo aclarar que el sentido de la nota publicada, de acuerdo a entrevista, fue graficar que Carabineros de San Felipe, en su calidad de Fuerzas de Orden y Seguridad P\u00fablica, en ning\u00fan caso ha abandonado a los habitantes de villa Santa Teresita, muy por el contrario se ha realizado una intensa labor de control, fiscalizaci\u00f3n y vigilancias especiales, marco en el cual se public\u00f3 en este medio de comunicaci\u00f3n, parte de la labor obtenida en los \u00faltimos meses, como son la detenci\u00f3n de imputados por mantener \u00f3rdenes de aprehensi\u00f3n pendientes, sin se\u00f1alar cu\u00e1l es el delito que sostiene la causa, a partir de la cual el Juzgado de Garant\u00eda de San Felipe emite la referida orden de aprehensi\u00f3n. Finalmente reiterar la aclaraci\u00f3n, en el sentido que las \u00f3rdenes vigentes, que afectaron a determinados imputados en el interior de villa Santa Teresita, no corresponden necesariamente de il\u00edcitos por delitos contra la propiedad, cometidos en ese lugar\u00bb.<br \/>\nLo anterior se puede entender que, aunque Gonzalo fue detenido por Carabineros recientemente, su detenci\u00f3n obedeci\u00f3 a un proceso en el Juzgado Local de Polic\u00eda por problemas de conducci\u00f3n indebida, y no por hurtos ni problemas de esa \u00edndole.<br \/>\n<strong>Roberto Gonz\u00e1lez Short<\/strong><br \/>\n<strong>rgonzalez@eltrabajo.cl<\/strong><\/p>\n","protected":false},"excerpt":{"rendered":"<p>Muy molesto visit\u00f3 nuestra Sala de Redacci\u00f3n un vecino de villa Santa Teresa de San Felipe, luego que en nuestro medio public\u00e1ramos un reporte policial emanado de Carabineros San Felipe, del que&#8230;<\/p>\n","protected":false},"author":482,"featured_media":62051,"comment_status":"open","ping_status":"open","sticky":false,"template":"","format":"standard","meta":{"advanced_seo_description":"","jetpack_seo_html_title":"","jetpack_seo_noindex":false,"_jetpack_memberships_contains_paid_content":false,"footnotes":""},"categories":[1],"tags":[],"class_list":["post-62050","post","type-post","status-publish","format-standard","has-post-thumbnail","hentry","category-cronica"],"jetpack_featured_media_url":"https:\/\/i0.wp.com\/eltrabajo.cl\/portal\/wp-content\/uploads\/2015\/09\/Gonzalo-Elias-Gonzalo-Orellana.jpg?fit=530%2C350&ssl=1","jetpack_sharing_enabled":true,"jetpack_likes_enabled":true,"jetpack-related-posts":[],"_links":{"self":[{"href":"https:\/\/eltrabajo.cl\/portal\/wp-json\/wp\/v2\/posts\/62050","targetHints":{"allow":["GET"]}}],"collection":[{"href":"https:\/\/eltrabajo.cl\/portal\/wp-json\/wp\/v2\/posts"}],"about":[{"href":"https:\/\/eltrabajo.cl\/portal\/wp-json\/wp\/v2\/types\/post"}],"author":[{"embeddable":true,"href":"https:\/\/eltrabajo.cl\/portal\/wp-json\/wp\/v2\/users\/482"}],"replies":[{"embeddable":true,"href":"https:\/\/eltrabajo.cl\/portal\/wp-json\/wp\/v2\/comments?post=62050"}],"version-history":[{"count":0,"href":"https:\/\/eltrabajo.cl\/portal\/wp-json\/wp\/v2\/posts\/62050\/revisions"}],"wp:featuredmedia":[{"embeddable":true,"href":"https:\/\/eltrabajo.cl\/portal\/wp-json\/wp\/v2\/media\/62051"}],"wp:attachment":[{"href":"https:\/\/eltrabajo.cl\/portal\/wp-json\/wp\/v2\/media?parent=62050"}],"wp:term":[{"taxonomy":"category","embeddable":true,"href":"https:\/\/eltrabajo.cl\/portal\/wp-json\/wp\/v2\/categories?post=62050"},{"taxonomy":"post_tag","embeddable":true,"href":"https:\/\/eltrabajo.cl\/portal\/wp-json\/wp\/v2\/tags?post=62050"}],"curies":[{"name":"wp","href":"https:\/\/api.w.org\/{rel}","templated":true}]}}