{"id":62067,"date":"2015-09-17T09:38:14","date_gmt":"2015-09-17T12:38:14","guid":{"rendered":"http:\/\/www.eltrabajo.cl\/portal\/?p=62067"},"modified":"2015-09-17T09:38:14","modified_gmt":"2015-09-17T12:38:14","slug":"carabineros-realizo-corte-de-pelo-a-estudiantes-de-escuela-alegria-catan","status":"publish","type":"post","link":"https:\/\/eltrabajo.cl\/portal\/carabineros-realizo-corte-de-pelo-a-estudiantes-de-escuela-alegria-catan\/","title":{"rendered":"Carabineros realiz\u00f3 corte de pelo a estudiantes de Escuela Alegr\u00eda Cat\u00e1n"},"content":{"rendered":"<figure id=\"attachment_62068\" aria-describedby=\"caption-attachment-62068\" style=\"width: 300px\" class=\"wp-caption alignleft\"><a href=\"https:\/\/i0.wp.com\/www.eltrabajo.cl\/portal\/wp-content\/uploads\/2015\/09\/CARABINEROS-ESCUELA-ALEGRIA-CATAN-1.jpg\"><img data-recalc-dims=\"1\" loading=\"lazy\" decoding=\"async\" class=\"wp-image-62068 size-medium\" src=\"https:\/\/i0.wp.com\/www.eltrabajo.cl\/portal\/wp-content\/uploads\/2015\/09\/CARABINEROS-ESCUELA-ALEGRIA-CATAN-1-300x198.jpg?resize=300%2C198\" alt=\"El Suboficial Jorge Fuentes P\u00e9rez, dirigi\u00f3 personalmente el ensayo de los estudiantes para el desfile de Fiestas Patrias.\" width=\"300\" height=\"198\" srcset=\"https:\/\/i0.wp.com\/eltrabajo.cl\/portal\/wp-content\/uploads\/2015\/09\/CARABINEROS-ESCUELA-ALEGRIA-CATAN-1.jpg?resize=300%2C198&amp;ssl=1 300w, https:\/\/i0.wp.com\/eltrabajo.cl\/portal\/wp-content\/uploads\/2015\/09\/CARABINEROS-ESCUELA-ALEGRIA-CATAN-1.jpg?resize=200%2C132&amp;ssl=1 200w, https:\/\/i0.wp.com\/eltrabajo.cl\/portal\/wp-content\/uploads\/2015\/09\/CARABINEROS-ESCUELA-ALEGRIA-CATAN-1.jpg?resize=227%2C150&amp;ssl=1 227w, https:\/\/i0.wp.com\/eltrabajo.cl\/portal\/wp-content\/uploads\/2015\/09\/CARABINEROS-ESCUELA-ALEGRIA-CATAN-1.jpg?resize=400%2C264&amp;ssl=1 400w, https:\/\/i0.wp.com\/eltrabajo.cl\/portal\/wp-content\/uploads\/2015\/09\/CARABINEROS-ESCUELA-ALEGRIA-CATAN-1.jpg?w=530&amp;ssl=1 530w\" sizes=\"auto, (max-width: 300px) 100vw, 300px\" \/><\/a><figcaption id=\"caption-attachment-62068\" class=\"wp-caption-text\">El Suboficial Jorge Fuentes P\u00e9rez, dirigi\u00f3 personalmente el ensayo de los estudiantes para el desfile de Fiestas Patrias.<\/figcaption><\/figure>\n<p><strong>PUTAENDO<\/strong>.- En el marco de la cooperaci\u00f3n existente entre la Escuela Alegr\u00eda Cat\u00e1n Dabike de Piguch\u00e9n y el Ret\u00e9n de Carabineros de Guzmanes, los efectivos policiales de esa repartici\u00f3n cortaron el pelo a estudiantes del establecimiento educacional.<br \/>\nCecilia Piuzzi, Directora de la Escuela Alegr\u00eda Cat\u00e1n de Piguch\u00e9n precis\u00f3 que siempre han contado con el apoyo y visita de Carabineros de Guzmanes, quienes se han preocupado no tan s\u00f3lo de dar seguridad al colegio, sus estudiantes y comunidad, sino que han desarrollado un acercamiento con los estudiantes en temas preventivos y de orientaci\u00f3n.<br \/>\nPiuzzi destac\u00f3 el hecho que Carabineros de Guzmanes haya cortado el pelo a varios estudiantes, previa autorizaci\u00f3n de sus padres, quienes fueron avisados de la intervenci\u00f3n, en lo que es una pol\u00edtica clara del colegio sobre la participaci\u00f3n integral del estudiante y su entorno.<br \/>\nPara el Suboficial Jorge Fuentes P\u00e9rez, Jefe del Ret\u00e9n de Carabineros de Guzmanes, este v\u00ednculo que se ha logrado formar con este y otros colegios de la comuna ha sido un logro relevante, reafirmado el compromiso de la instituci\u00f3n policial para colaborar cuando sus directores lo requieran.<br \/>\nEl Suboficial P\u00e9rez, aprovechando la ocasi\u00f3n, dirigi\u00f3 personalmente el ensayo de los estudiantes de la Escuela Alegr\u00eda Cat\u00e1n para el desfile de Fiestas Patrias.<br \/>\n<strong>Patricio Gallardo M.<\/strong><\/p>\n","protected":false},"excerpt":{"rendered":"<p>PUTAENDO.- En el marco de la cooperaci\u00f3n existente entre la Escuela Alegr\u00eda Cat\u00e1n Dabike de Piguch\u00e9n y el Ret\u00e9n de Carabineros de Guzmanes, los efectivos policiales de esa repartici\u00f3n cortaron el pelo&#8230;<\/p>\n","protected":false},"author":482,"featured_media":62068,"comment_status":"open","ping_status":"open","sticky":false,"template":"","format":"standard","meta":{"advanced_seo_description":"","jetpack_seo_html_title":"","jetpack_seo_noindex":false,"_jetpack_memberships_contains_paid_content":false,"footnotes":""},"categories":[15],"tags":[],"class_list":["post-62067","post","type-post","status-publish","format-standard","has-post-thumbnail","hentry","category-comunidad"],"jetpack_featured_media_url":"https:\/\/i0.wp.com\/eltrabajo.cl\/portal\/wp-content\/uploads\/2015\/09\/CARABINEROS-ESCUELA-ALEGRIA-CATAN-1.jpg?fit=530%2C350&ssl=1","jetpack_sharing_enabled":true,"jetpack_likes_enabled":true,"jetpack-related-posts":[],"_links":{"self":[{"href":"https:\/\/eltrabajo.cl\/portal\/wp-json\/wp\/v2\/posts\/62067","targetHints":{"allow":["GET"]}}],"collection":[{"href":"https:\/\/eltrabajo.cl\/portal\/wp-json\/wp\/v2\/posts"}],"about":[{"href":"https:\/\/eltrabajo.cl\/portal\/wp-json\/wp\/v2\/types\/post"}],"author":[{"embeddable":true,"href":"https:\/\/eltrabajo.cl\/portal\/wp-json\/wp\/v2\/users\/482"}],"replies":[{"embeddable":true,"href":"https:\/\/eltrabajo.cl\/portal\/wp-json\/wp\/v2\/comments?post=62067"}],"version-history":[{"count":0,"href":"https:\/\/eltrabajo.cl\/portal\/wp-json\/wp\/v2\/posts\/62067\/revisions"}],"wp:featuredmedia":[{"embeddable":true,"href":"https:\/\/eltrabajo.cl\/portal\/wp-json\/wp\/v2\/media\/62068"}],"wp:attachment":[{"href":"https:\/\/eltrabajo.cl\/portal\/wp-json\/wp\/v2\/media?parent=62067"}],"wp:term":[{"taxonomy":"category","embeddable":true,"href":"https:\/\/eltrabajo.cl\/portal\/wp-json\/wp\/v2\/categories?post=62067"},{"taxonomy":"post_tag","embeddable":true,"href":"https:\/\/eltrabajo.cl\/portal\/wp-json\/wp\/v2\/tags?post=62067"}],"curies":[{"name":"wp","href":"https:\/\/api.w.org\/{rel}","templated":true}]}}