{"id":62076,"date":"2015-09-17T09:45:33","date_gmt":"2015-09-17T12:45:33","guid":{"rendered":"http:\/\/www.eltrabajo.cl\/portal\/?p=62076"},"modified":"2015-09-17T09:45:33","modified_gmt":"2015-09-17T12:45:33","slug":"realizan-visita-guiada-por-embalse-chacrillas-a-usuarios-prodesal","status":"publish","type":"post","link":"https:\/\/eltrabajo.cl\/portal\/realizan-visita-guiada-por-embalse-chacrillas-a-usuarios-prodesal\/","title":{"rendered":"Realizan visita guiada por Embalse Chacrillas a usuarios Prodesal"},"content":{"rendered":"<figure id=\"attachment_62077\" aria-describedby=\"caption-attachment-62077\" style=\"width: 300px\" class=\"wp-caption alignleft\"><a href=\"https:\/\/i0.wp.com\/www.eltrabajo.cl\/portal\/wp-content\/uploads\/2015\/09\/Embalse-Chacrillas-Visita-Prodesal.jpg\"><img data-recalc-dims=\"1\" loading=\"lazy\" decoding=\"async\" class=\"wp-image-62077 size-medium\" src=\"https:\/\/i0.wp.com\/www.eltrabajo.cl\/portal\/wp-content\/uploads\/2015\/09\/Embalse-Chacrillas-Visita-Prodesal-300x198.jpg?resize=300%2C198\" alt=\"Usuarios de Prodesal, junto al alcalde Guillermo Reyes visitaron las instalaciones del Embalse Chacrillas, guiados por la inspecci\u00f3n fiscal del embalse.\" width=\"300\" height=\"198\" srcset=\"https:\/\/i0.wp.com\/eltrabajo.cl\/portal\/wp-content\/uploads\/2015\/09\/Embalse-Chacrillas-Visita-Prodesal.jpg?resize=300%2C198&amp;ssl=1 300w, https:\/\/i0.wp.com\/eltrabajo.cl\/portal\/wp-content\/uploads\/2015\/09\/Embalse-Chacrillas-Visita-Prodesal.jpg?resize=200%2C132&amp;ssl=1 200w, https:\/\/i0.wp.com\/eltrabajo.cl\/portal\/wp-content\/uploads\/2015\/09\/Embalse-Chacrillas-Visita-Prodesal.jpg?resize=227%2C150&amp;ssl=1 227w, https:\/\/i0.wp.com\/eltrabajo.cl\/portal\/wp-content\/uploads\/2015\/09\/Embalse-Chacrillas-Visita-Prodesal.jpg?resize=400%2C264&amp;ssl=1 400w, https:\/\/i0.wp.com\/eltrabajo.cl\/portal\/wp-content\/uploads\/2015\/09\/Embalse-Chacrillas-Visita-Prodesal.jpg?w=530&amp;ssl=1 530w\" sizes=\"auto, (max-width: 300px) 100vw, 300px\" \/><\/a><figcaption id=\"caption-attachment-62077\" class=\"wp-caption-text\">Usuarios de Prodesal, junto al alcalde Guillermo Reyes visitaron las instalaciones del Embalse Chacrillas, guiados por la inspecci\u00f3n fiscal del embalse.<\/figcaption><\/figure>\n<ul>\n<li><strong>Gran fascinaci\u00f3n y mucha alegr\u00eda mostraron los usuarios Prodesal al conocer las instalaciones de esta imponente obra al interior del hermoso valle de Los Patos. <\/strong><\/li>\n<\/ul>\n<p><strong>PUTAENDO.-<\/strong> Tras una visita organizada por la Oficina Prodesal Putaendo, acompa\u00f1ada por el alcalde Guillermo Reyes y guiada por la inspecci\u00f3n fiscal del embalse, usuarios del programa conocieron las instalaciones del Embalse Chacrillas.<br \/>\nEn la ocasi\u00f3n, agricultores y ganaderos de diferentes sectores de Putaendo se mostraron felices y asombrados con esta mega obra, como asimismo, por el recorrido que les permiti\u00f3 conocer de cerca este importante proyecto de riego esperado por casi medio siglo.<br \/>\nEste viaje dej\u00f3 de manifiesto el gran inter\u00e9s por conocer el embalse, as\u00ed lo manifest\u00f3 H\u00e9ctor Astudillo agricultor de Quebrada Herrera, quien se\u00f1al\u00f3 que \u201cfue un viaje maravilloso que muchas generaciones estuvieron esperando. Me encant\u00f3 haberlo conocido\u201d. En general todos los usuarios que visitaron Chacrillas expresaron su asombro y entusiasmo al conocer en terreno este gran proyecto.<br \/>\nLos usuarios Prodesal tambi\u00e9n tuvieron la posibilidad de hablar directamente con el inspector fiscal de la obra, quien explic\u00f3 cada uno de los trabajos que se siguen realizando y el procedimiento de llenado del embalse. De esta forma, los beneficiados realizaron recorridos por la cortina, el sector del rebalse y miradores, llegando al puente que atraviesa la zona de inundaci\u00f3n.<br \/>\nPor su parte, el alcalde Guillermo Reyes valor\u00f3 este tipo de instancias para que la comunidad agr\u00edcola y ganadera conozca el embalse, su funcionamiento y los importantes alcances y beneficios que traer\u00e1.<\/p>\n","protected":false},"excerpt":{"rendered":"<p>Gran fascinaci\u00f3n y mucha alegr\u00eda mostraron los usuarios Prodesal al conocer las instalaciones de esta imponente obra al interior del hermoso valle de Los Patos. PUTAENDO.- Tras una visita organizada por la&#8230;<\/p>\n","protected":false},"author":482,"featured_media":62077,"comment_status":"open","ping_status":"open","sticky":false,"template":"","format":"standard","meta":{"advanced_seo_description":"","jetpack_seo_html_title":"","jetpack_seo_noindex":false,"_jetpack_memberships_contains_paid_content":false,"footnotes":""},"categories":[15],"tags":[],"class_list":["post-62076","post","type-post","status-publish","format-standard","has-post-thumbnail","hentry","category-comunidad"],"jetpack_featured_media_url":"https:\/\/i0.wp.com\/eltrabajo.cl\/portal\/wp-content\/uploads\/2015\/09\/Embalse-Chacrillas-Visita-Prodesal.jpg?fit=530%2C350&ssl=1","jetpack_sharing_enabled":true,"jetpack_likes_enabled":true,"jetpack-related-posts":[],"_links":{"self":[{"href":"https:\/\/eltrabajo.cl\/portal\/wp-json\/wp\/v2\/posts\/62076","targetHints":{"allow":["GET"]}}],"collection":[{"href":"https:\/\/eltrabajo.cl\/portal\/wp-json\/wp\/v2\/posts"}],"about":[{"href":"https:\/\/eltrabajo.cl\/portal\/wp-json\/wp\/v2\/types\/post"}],"author":[{"embeddable":true,"href":"https:\/\/eltrabajo.cl\/portal\/wp-json\/wp\/v2\/users\/482"}],"replies":[{"embeddable":true,"href":"https:\/\/eltrabajo.cl\/portal\/wp-json\/wp\/v2\/comments?post=62076"}],"version-history":[{"count":0,"href":"https:\/\/eltrabajo.cl\/portal\/wp-json\/wp\/v2\/posts\/62076\/revisions"}],"wp:featuredmedia":[{"embeddable":true,"href":"https:\/\/eltrabajo.cl\/portal\/wp-json\/wp\/v2\/media\/62077"}],"wp:attachment":[{"href":"https:\/\/eltrabajo.cl\/portal\/wp-json\/wp\/v2\/media?parent=62076"}],"wp:term":[{"taxonomy":"category","embeddable":true,"href":"https:\/\/eltrabajo.cl\/portal\/wp-json\/wp\/v2\/categories?post=62076"},{"taxonomy":"post_tag","embeddable":true,"href":"https:\/\/eltrabajo.cl\/portal\/wp-json\/wp\/v2\/tags?post=62076"}],"curies":[{"name":"wp","href":"https:\/\/api.w.org\/{rel}","templated":true}]}}