{"id":62079,"date":"2015-09-17T09:48:18","date_gmt":"2015-09-17T12:48:18","guid":{"rendered":"http:\/\/www.eltrabajo.cl\/portal\/?p=62079"},"modified":"2015-09-17T09:48:18","modified_gmt":"2015-09-17T12:48:18","slug":"inauguran-huerto-escolar-en-honor-a-exalumno-fallecido","status":"publish","type":"post","link":"https:\/\/eltrabajo.cl\/portal\/inauguran-huerto-escolar-en-honor-a-exalumno-fallecido\/","title":{"rendered":"Inauguran huerto escolar en honor a exalumno fallecido"},"content":{"rendered":"<figure id=\"attachment_62080\" aria-describedby=\"caption-attachment-62080\" style=\"width: 300px\" class=\"wp-caption alignleft\"><a href=\"https:\/\/i0.wp.com\/www.eltrabajo.cl\/portal\/wp-content\/uploads\/2015\/09\/Huerto1.jpg\"><img data-recalc-dims=\"1\" loading=\"lazy\" decoding=\"async\" class=\"wp-image-62080 size-medium\" src=\"https:\/\/i0.wp.com\/www.eltrabajo.cl\/portal\/wp-content\/uploads\/2015\/09\/Huerto1-300x199.jpg?resize=300%2C199\" alt=\"NUNCA OLVIDADO.- La ma\u00f1ana de este mi\u00e9rcoles se inaugur\u00f3 oficialmente el Huerto Alejandro L\u00f3pez de la Plaza en honor al peque\u00f1ito que en vida as\u00ed se llam\u00f3.\" width=\"300\" height=\"199\" srcset=\"https:\/\/i0.wp.com\/eltrabajo.cl\/portal\/wp-content\/uploads\/2015\/09\/Huerto1.jpg?resize=300%2C199&amp;ssl=1 300w, https:\/\/i0.wp.com\/eltrabajo.cl\/portal\/wp-content\/uploads\/2015\/09\/Huerto1.jpg?resize=200%2C133&amp;ssl=1 200w, https:\/\/i0.wp.com\/eltrabajo.cl\/portal\/wp-content\/uploads\/2015\/09\/Huerto1.jpg?resize=226%2C150&amp;ssl=1 226w, https:\/\/i0.wp.com\/eltrabajo.cl\/portal\/wp-content\/uploads\/2015\/09\/Huerto1.jpg?resize=400%2C265&amp;ssl=1 400w, https:\/\/i0.wp.com\/eltrabajo.cl\/portal\/wp-content\/uploads\/2015\/09\/Huerto1.jpg?w=528&amp;ssl=1 528w\" sizes=\"auto, (max-width: 300px) 100vw, 300px\" \/><\/a><figcaption id=\"caption-attachment-62080\" class=\"wp-caption-text\">NUNCA OLVIDADO.- La ma\u00f1ana de este mi\u00e9rcoles se inaugur\u00f3 oficialmente el Huerto Alejandro L\u00f3pez de la Plaza en honor al peque\u00f1ito que en vida as\u00ed se llam\u00f3.<\/figcaption><\/figure>\n<p>Luego que un angelito de apenas ocho a\u00f1os de edad y su t\u00edo de 67 fallecieran tras de ser impactados por un microb\u00fas que se dirig\u00eda a Los Andes en horas de la ma\u00f1ana del jueves 6 de 2012 en el camino Tocornal, a la altura del kil\u00f3metro 10 en el sector de Las Mar\u00edas, la comunidad educativa inaugur\u00f3 ayer mi\u00e9rcoles un proyecto agr\u00edcola escolar que lleva su nombre, Huerto Alejandro L\u00f3pez de la Plaza.<\/p>\n<figure id=\"attachment_62081\" aria-describedby=\"caption-attachment-62081\" style=\"width: 200px\" class=\"wp-caption alignright\"><a href=\"https:\/\/i0.wp.com\/www.eltrabajo.cl\/portal\/wp-content\/uploads\/2015\/09\/alejandro-lopez.jpg\"><img data-recalc-dims=\"1\" loading=\"lazy\" decoding=\"async\" class=\"wp-image-62081 size-thumbnail\" src=\"https:\/\/i0.wp.com\/www.eltrabajo.cl\/portal\/wp-content\/uploads\/2015\/09\/alejandro-lopez-200x132.jpg?resize=200%2C132\" alt=\"Alejandro L\u00f3pez, fallecido en 2012, actualmente tendr\u00eda once a\u00f1os.\" width=\"200\" height=\"132\" srcset=\"https:\/\/i0.wp.com\/eltrabajo.cl\/portal\/wp-content\/uploads\/2015\/09\/alejandro-lopez.jpg?resize=200%2C132&amp;ssl=1 200w, https:\/\/i0.wp.com\/eltrabajo.cl\/portal\/wp-content\/uploads\/2015\/09\/alejandro-lopez.jpg?resize=300%2C198&amp;ssl=1 300w, https:\/\/i0.wp.com\/eltrabajo.cl\/portal\/wp-content\/uploads\/2015\/09\/alejandro-lopez.jpg?resize=227%2C150&amp;ssl=1 227w, https:\/\/i0.wp.com\/eltrabajo.cl\/portal\/wp-content\/uploads\/2015\/09\/alejandro-lopez.jpg?resize=400%2C264&amp;ssl=1 400w, https:\/\/i0.wp.com\/eltrabajo.cl\/portal\/wp-content\/uploads\/2015\/09\/alejandro-lopez.jpg?w=530&amp;ssl=1 530w\" sizes=\"auto, (max-width: 200px) 100vw, 200px\" \/><\/a><figcaption id=\"caption-attachment-62081\" class=\"wp-caption-text\">Alejandro L\u00f3pez, fallecido en 2012, actualmente tendr\u00eda once a\u00f1os.<\/figcaption><\/figure>\n<p>La actividad se realiz\u00f3 en el marco del Programa de promoci\u00f3n de la salud y sistema de certificaci\u00f3n ambiental de la Escuela Rep\u00fablica Argentina, de donde era estudiante el peque\u00f1o. Tambi\u00e9n durante la jornada se desarroll\u00f3 en esa escuela sanfelipe\u00f1a una muestra culinaria y folcl\u00f3rica.<br \/>\n\u00abSi planificas para un a\u00f1o, siembras trigo; si planificas para diez a\u00f1os, siembras \u00e1rboles y si planificas para toda una vida, entonces educas a las personas. Es por eso que en nuestra escuela nos empe\u00f1amos en todas estas propuestas existenciales, para cultivar trigo en este nuevo huerto; para tener la sombra de saludables \u00e1rboles y para formar personas educadas y proporcionarles \u00fatiles herramientas para el Ma\u00f1ana\u00bb, explic\u00f3 a Diario El Trabajo el director de la escuela, Ricardo Y\u00e1\u00f1ez.<br \/>\n<strong>Roberto Gonz\u00e1lez Short<\/strong><br \/>\n<strong>rgonzalez@eltrabajo.cl<\/strong><\/p>\n<p>&nbsp;<\/p>\n","protected":false},"excerpt":{"rendered":"<p>Luego que un angelito de apenas ocho a\u00f1os de edad y su t\u00edo de 67 fallecieran tras de ser impactados por un microb\u00fas que se dirig\u00eda a Los Andes en horas de&#8230;<\/p>\n","protected":false},"author":482,"featured_media":62080,"comment_status":"open","ping_status":"open","sticky":false,"template":"","format":"standard","meta":{"advanced_seo_description":"","jetpack_seo_html_title":"","jetpack_seo_noindex":false,"_jetpack_memberships_contains_paid_content":false,"footnotes":""},"categories":[15],"tags":[],"class_list":["post-62079","post","type-post","status-publish","format-standard","has-post-thumbnail","hentry","category-comunidad"],"jetpack_featured_media_url":"https:\/\/i0.wp.com\/eltrabajo.cl\/portal\/wp-content\/uploads\/2015\/09\/Huerto1.jpg?fit=528%2C350&ssl=1","jetpack_sharing_enabled":true,"jetpack_likes_enabled":true,"jetpack-related-posts":[],"_links":{"self":[{"href":"https:\/\/eltrabajo.cl\/portal\/wp-json\/wp\/v2\/posts\/62079","targetHints":{"allow":["GET"]}}],"collection":[{"href":"https:\/\/eltrabajo.cl\/portal\/wp-json\/wp\/v2\/posts"}],"about":[{"href":"https:\/\/eltrabajo.cl\/portal\/wp-json\/wp\/v2\/types\/post"}],"author":[{"embeddable":true,"href":"https:\/\/eltrabajo.cl\/portal\/wp-json\/wp\/v2\/users\/482"}],"replies":[{"embeddable":true,"href":"https:\/\/eltrabajo.cl\/portal\/wp-json\/wp\/v2\/comments?post=62079"}],"version-history":[{"count":0,"href":"https:\/\/eltrabajo.cl\/portal\/wp-json\/wp\/v2\/posts\/62079\/revisions"}],"wp:featuredmedia":[{"embeddable":true,"href":"https:\/\/eltrabajo.cl\/portal\/wp-json\/wp\/v2\/media\/62080"}],"wp:attachment":[{"href":"https:\/\/eltrabajo.cl\/portal\/wp-json\/wp\/v2\/media?parent=62079"}],"wp:term":[{"taxonomy":"category","embeddable":true,"href":"https:\/\/eltrabajo.cl\/portal\/wp-json\/wp\/v2\/categories?post=62079"},{"taxonomy":"post_tag","embeddable":true,"href":"https:\/\/eltrabajo.cl\/portal\/wp-json\/wp\/v2\/tags?post=62079"}],"curies":[{"name":"wp","href":"https:\/\/api.w.org\/{rel}","templated":true}]}}