{"id":6208,"date":"2011-11-16T09:09:54","date_gmt":"2011-11-16T13:09:54","guid":{"rendered":"http:\/\/www.eltrabajo.cl\/portal\/?p=6208"},"modified":"2011-11-16T09:09:54","modified_gmt":"2011-11-16T13:09:54","slug":"insolita-humillacion-a-estudiante-de-5%c2%ba-basico-por-deuda-de-4-mil-pesos","status":"publish","type":"post","link":"https:\/\/eltrabajo.cl\/portal\/insolita-humillacion-a-estudiante-de-5%c2%ba-basico-por-deuda-de-4-mil-pesos\/","title":{"rendered":"Ins\u00f3lita humillaci\u00f3n a estudiante de 5\u00ba b\u00e1sico por deuda de 4 mil pesos"},"content":{"rendered":"<figure id=\"attachment_6209\" aria-describedby=\"caption-attachment-6209\" style=\"width: 600px\" class=\"wp-caption alignnone\"><a href=\"http:\/\/www.eltrabajo.cl\/portal\/archives\/6208\/cristian-jimenez-junto-a-su-hija-quien-no-para-de-llorar-por-increible-caso-de-discriminacion-en-liceo-2\" rel=\"attachment wp-att-6209\"><img data-recalc-dims=\"1\" loading=\"lazy\" decoding=\"async\" class=\"size-full wp-image-6209\" title=\"cristian jimenez, junto a su hija quien no para de llorar por increible caso de discriminacion en liceo (2)\" src=\"https:\/\/i0.wp.com\/www.eltrabajo.cl\/portal\/wp-content\/uploads\/2011\/11\/cristian-jimenez-junto-a-su-hija-quien-no-para-de-llorar-por-increible-caso-de-discriminacion-en-liceo-2.jpg?resize=600%2C450\" alt=\"\" width=\"600\" height=\"450\" srcset=\"https:\/\/i0.wp.com\/eltrabajo.cl\/portal\/wp-content\/uploads\/2011\/11\/cristian-jimenez-junto-a-su-hija-quien-no-para-de-llorar-por-increible-caso-de-discriminacion-en-liceo-2.jpg?w=600&amp;ssl=1 600w, https:\/\/i0.wp.com\/eltrabajo.cl\/portal\/wp-content\/uploads\/2011\/11\/cristian-jimenez-junto-a-su-hija-quien-no-para-de-llorar-por-increible-caso-de-discriminacion-en-liceo-2.jpg?resize=200%2C150&amp;ssl=1 200w, https:\/\/i0.wp.com\/eltrabajo.cl\/portal\/wp-content\/uploads\/2011\/11\/cristian-jimenez-junto-a-su-hija-quien-no-para-de-llorar-por-increible-caso-de-discriminacion-en-liceo-2.jpg?resize=300%2C225&amp;ssl=1 300w, https:\/\/i0.wp.com\/eltrabajo.cl\/portal\/wp-content\/uploads\/2011\/11\/cristian-jimenez-junto-a-su-hija-quien-no-para-de-llorar-por-increible-caso-de-discriminacion-en-liceo-2.jpg?resize=150%2C112&amp;ssl=1 150w, https:\/\/i0.wp.com\/eltrabajo.cl\/portal\/wp-content\/uploads\/2011\/11\/cristian-jimenez-junto-a-su-hija-quien-no-para-de-llorar-por-increible-caso-de-discriminacion-en-liceo-2.jpg?resize=400%2C300&amp;ssl=1 400w\" sizes=\"auto, (max-width: 600px) 100vw, 600px\" \/><\/a><figcaption id=\"caption-attachment-6209\" class=\"wp-caption-text\">Por una insignificante deuda de cuatro mil pesos, la profesora jefe del curso le impidi\u00f3 a esta ni\u00f1a de 11 a\u00f1os asistir al MIM, humill\u00e1ndola frente a sus compa\u00f1eros al obligarla a bajar del bus que estaba listo para partir.<\/figcaption><\/figure>\n<p>Le impidieron disfrutar de so\u00f1ado viaje al Museo Interactivo Mirador y la obligaron a descender de bus frente a sus compa\u00f1eros por insignificante deuda.<\/p>\n<p><strong>PUTAENDO.-<\/strong> Un incre\u00edble caso de discriminaci\u00f3n afect\u00f3 a una estudiante del quinto b\u00e1sico del Liceo Manuel Mar\u00edn Fritis, porque su apoderado manten\u00eda una deuda de cuatro mil pesos con la directiva del curso.<\/p>\n<p>El hecho ocurri\u00f3 antes de las 7:30 horas de la ma\u00f1ana de este martes, cuando los estudiantes de quinto b\u00e1sico del Liceo Manuel Mar\u00edn Fritis abordaron el microb\u00fas que los llevar\u00eda por todo el d\u00eda al Museo Interactivo Mirador, momento en el cual la tesorera de la directiva de padres y apoderados del curso comenz\u00f3 a pasar lista, pidi\u00e9ndole a una menor de once a\u00f1os, cuyo nombre se mantiene en reserva, que bajara del microb\u00fas pues su apoderado no hab\u00eda cancelado la deuda con la directiva, la que asciende a la cantidad de cuatro mil pesos. La hermana mayor de esta menor que estaba en el lugar le pidi\u00f3 a la tesorera que por favor la esperara, y que durante las pr\u00f3ximas horas cancelar\u00eda el total de la deuda. En ese momento, la tesorera llama a la profesora jefe del curso, que se encontraba en San Felipe esperando la delegaci\u00f3n de estudiantes, la que dijo que si no pagaba la deuda deb\u00eda bajarse, por lo que finalmente la menor en cuesti\u00f3n baj\u00f3 llorando del microb\u00fas ante la mirada de sus compa\u00f1eros de curso y de otros apoderados que estaban en el lugar, quienes repudiaron el hecho.<\/p>\n<p>El padre de la menor, identificado como Christian Jim\u00e9nez, acudi\u00f3 a nuestro medio para denunciar p\u00fablicamente esta situaci\u00f3n, asegurando que nada justificaba la irracional decisi\u00f3n que tom\u00f3 la profesora jefe del curso, que fue finalmente quien orden\u00f3 que su hija no viajara a Santiago, agregando que con todas sus letras entiende que su hija fue discriminada por una deuda que reconoce, pero que de ninguna manera es tan grande como para haber tomado tal medida en contra de su hija que estaba muy entusiasmada con conocer el MIM, y que si le hubiesen avisado un d\u00eda antes que no viajar\u00eda si no pagaba la deuda, hubiese enviado el dinero o simplemente no la hubiese mandado al colegio, para evitar la situaci\u00f3n que vivi\u00f3, y que en este momento la mantiene con una enorme pena y sin querer asistir m\u00e1s al liceo por el temor a ser v\u00edctima de bromas por parte de sus compa\u00f1eros, ya que seguramente todos ellos comentar\u00e1n la hermosa experiencia vivida en Santiago, mientras ella no podr\u00e1 compartir el mismo sentimiento por la situaci\u00f3n que le toc\u00f3 vivir.<\/p>\n<p>Christian Jim\u00e9nez dijo que sin importar las disculpas y las explicaciones que hoy le den, el da\u00f1o ya est\u00e1 hecho, y que no entend\u00eda como por cuatro mil pesos humillaron y discriminaron a su hija de tan solo once a\u00f1os.<\/p>\n<p>El afectado junto a su esposa fueron recibidos por el Alcalde Guillermo Reyes, quien se comprometi\u00f3 a recopilar la informaci\u00f3n necesaria y entregar una versi\u00f3n oficial de este lamentable hecho que demuestra como err\u00f3neas decisiones, como en este caso, pueden causar un da\u00f1o tremendo a una menor de once a\u00f1os por una deuda insignificante.<\/p>\n","protected":false},"excerpt":{"rendered":"<p>Le impidieron disfrutar de so\u00f1ado viaje al Museo Interactivo Mirador y la obligaron a descender de bus frente a sus compa\u00f1eros por insignificante deuda. PUTAENDO.- Un incre\u00edble caso de discriminaci\u00f3n afect\u00f3 a&#8230;<\/p>\n","protected":false},"author":482,"featured_media":6209,"comment_status":"open","ping_status":"open","sticky":false,"template":"","format":"standard","meta":{"advanced_seo_description":"","jetpack_seo_html_title":"","jetpack_seo_noindex":false,"_jetpack_memberships_contains_paid_content":false,"footnotes":""},"categories":[15],"tags":[],"class_list":["post-6208","post","type-post","status-publish","format-standard","has-post-thumbnail","hentry","category-comunidad"],"jetpack_featured_media_url":"https:\/\/i0.wp.com\/eltrabajo.cl\/portal\/wp-content\/uploads\/2011\/11\/cristian-jimenez-junto-a-su-hija-quien-no-para-de-llorar-por-increible-caso-de-discriminacion-en-liceo-2.jpg?fit=600%2C450&ssl=1","jetpack_sharing_enabled":true,"jetpack_likes_enabled":true,"jetpack-related-posts":[],"_links":{"self":[{"href":"https:\/\/eltrabajo.cl\/portal\/wp-json\/wp\/v2\/posts\/6208","targetHints":{"allow":["GET"]}}],"collection":[{"href":"https:\/\/eltrabajo.cl\/portal\/wp-json\/wp\/v2\/posts"}],"about":[{"href":"https:\/\/eltrabajo.cl\/portal\/wp-json\/wp\/v2\/types\/post"}],"author":[{"embeddable":true,"href":"https:\/\/eltrabajo.cl\/portal\/wp-json\/wp\/v2\/users\/482"}],"replies":[{"embeddable":true,"href":"https:\/\/eltrabajo.cl\/portal\/wp-json\/wp\/v2\/comments?post=6208"}],"version-history":[{"count":0,"href":"https:\/\/eltrabajo.cl\/portal\/wp-json\/wp\/v2\/posts\/6208\/revisions"}],"wp:featuredmedia":[{"embeddable":true,"href":"https:\/\/eltrabajo.cl\/portal\/wp-json\/wp\/v2\/media\/6209"}],"wp:attachment":[{"href":"https:\/\/eltrabajo.cl\/portal\/wp-json\/wp\/v2\/media?parent=6208"}],"wp:term":[{"taxonomy":"category","embeddable":true,"href":"https:\/\/eltrabajo.cl\/portal\/wp-json\/wp\/v2\/categories?post=6208"},{"taxonomy":"post_tag","embeddable":true,"href":"https:\/\/eltrabajo.cl\/portal\/wp-json\/wp\/v2\/tags?post=6208"}],"curies":[{"name":"wp","href":"https:\/\/api.w.org\/{rel}","templated":true}]}}