{"id":62083,"date":"2015-09-17T09:50:13","date_gmt":"2015-09-17T12:50:13","guid":{"rendered":"http:\/\/www.eltrabajo.cl\/portal\/?p=62083"},"modified":"2015-09-17T09:50:13","modified_gmt":"2015-09-17T12:50:13","slug":"con-gran-entusiasmo-centro-de-apoyo-a-la-educacion-especial-celebro-fiestas-patrias","status":"publish","type":"post","link":"https:\/\/eltrabajo.cl\/portal\/con-gran-entusiasmo-centro-de-apoyo-a-la-educacion-especial-celebro-fiestas-patrias\/","title":{"rendered":"Con gran entusiasmo Centro de Apoyo a la Educaci\u00f3n Especial celebr\u00f3 Fiestas Patrias"},"content":{"rendered":"<figure id=\"attachment_62084\" aria-describedby=\"caption-attachment-62084\" style=\"width: 300px\" class=\"wp-caption alignleft\"><a href=\"https:\/\/i0.wp.com\/www.eltrabajo.cl\/portal\/wp-content\/uploads\/2015\/09\/CELEBRACION-FIESTAS-PATRIAS-ESCUELA-ESPECIAL-2.jpg\"><img data-recalc-dims=\"1\" loading=\"lazy\" decoding=\"async\" class=\"wp-image-62084 size-medium\" src=\"https:\/\/i0.wp.com\/www.eltrabajo.cl\/portal\/wp-content\/uploads\/2015\/09\/CELEBRACION-FIESTAS-PATRIAS-ESCUELA-ESPECIAL-2-300x198.jpg?resize=300%2C198\" alt=\"En Centro de Apoyo a la Educaci\u00f3n Especial se llev\u00f3 a cabo la fonda \u2018Los Hornitos\u2019 en donde estudiantes disfrutaron de presentaciones art\u00edsticas y un rico c\u00f3ctel.\" width=\"300\" height=\"198\" srcset=\"https:\/\/i0.wp.com\/eltrabajo.cl\/portal\/wp-content\/uploads\/2015\/09\/CELEBRACION-FIESTAS-PATRIAS-ESCUELA-ESPECIAL-2.jpg?resize=300%2C198&amp;ssl=1 300w, https:\/\/i0.wp.com\/eltrabajo.cl\/portal\/wp-content\/uploads\/2015\/09\/CELEBRACION-FIESTAS-PATRIAS-ESCUELA-ESPECIAL-2.jpg?resize=200%2C132&amp;ssl=1 200w, https:\/\/i0.wp.com\/eltrabajo.cl\/portal\/wp-content\/uploads\/2015\/09\/CELEBRACION-FIESTAS-PATRIAS-ESCUELA-ESPECIAL-2.jpg?resize=227%2C150&amp;ssl=1 227w, https:\/\/i0.wp.com\/eltrabajo.cl\/portal\/wp-content\/uploads\/2015\/09\/CELEBRACION-FIESTAS-PATRIAS-ESCUELA-ESPECIAL-2.jpg?resize=400%2C264&amp;ssl=1 400w, https:\/\/i0.wp.com\/eltrabajo.cl\/portal\/wp-content\/uploads\/2015\/09\/CELEBRACION-FIESTAS-PATRIAS-ESCUELA-ESPECIAL-2.jpg?w=530&amp;ssl=1 530w\" sizes=\"auto, (max-width: 300px) 100vw, 300px\" \/><\/a><figcaption id=\"caption-attachment-62084\" class=\"wp-caption-text\">En Centro de Apoyo a la Educaci\u00f3n Especial se llev\u00f3 a cabo la fonda \u2018Los Hornitos\u2019 en donde estudiantes disfrutaron de presentaciones art\u00edsticas y un rico c\u00f3ctel.<\/figcaption><\/figure>\n<p><strong>PUTAENDO<\/strong>.- En la Fonda \u2018Los Hornitos\u2019 se llev\u00f3 a cabo la celebraci\u00f3n de fiestas patrias del Centro de Apoyo a la Educaci\u00f3n Especial que funciona en Calle Juan Rozas.<br \/>\nSi bien es cierto en pr\u00e1cticamente todos los establecimientos educacionales de la comuna se han desarrollado diversas actividades relacionadas con esta importante fecha, el festejo que organiz\u00f3 el Centro de Apoyo a la Educaci\u00f3n Especial de Juan Rozas, es sin lugar a dudas un evento digno de destacar debido a la dedicaci\u00f3n que hubo para la concreci\u00f3n de esta actividad.<br \/>\nCon el compromiso de profesoras, monitoras asistentes apoderados y con el liderazgo de la directora Jessica N\u00fa\u00f1ez, se pudo ornamentar el patio del colegio y trasformarlo en una verdadera fonda que acogi\u00f3 a los padres y amigos del establecimiento, donde los grandes protagonistas fueron los ni\u00f1os y j\u00f3venes estudiantes, que con mucho esfuerzo y dedicaci\u00f3n mostraron lo mejor de su repertorio con bailes t\u00edpicos de distintas zonas del pa\u00eds, en el cual no pod\u00eda faltar por supuesto, su majestad la cueca.<br \/>\nEl entusiasmo de los ni\u00f1os y j\u00f3venes contagi\u00f3 a todos los presentes, que emocionados les reconoc\u00edan sus bailes, poes\u00eda y puesta en escena con un cerrado aplauso que instaba a estos grandes talentos a seguir mostrando todo lo preparado por sus profesoras y monitoras.<br \/>\nAl finalizar la celebraci\u00f3n, la Directora del Centro de Apoyo a la Educaci\u00f3n Especial bail\u00f3 un pie de cueca, al que se sum\u00f3 tambi\u00e9n con mucho entusiasmo el Director del Departamento de Educaci\u00f3n Municipal Patricio Moreno.<br \/>\nLos presentes compartieron un rico c\u00f3ctel con las m\u00e1s ricas sopaipillas, choripanes, calzones rotos, bebidas y jugos para celebrar como corresponde la llegada del 18.<br \/>\n<strong>Patricio Gallardo M.<\/strong><\/p>\n","protected":false},"excerpt":{"rendered":"<p>PUTAENDO.- En la Fonda \u2018Los Hornitos\u2019 se llev\u00f3 a cabo la celebraci\u00f3n de fiestas patrias del Centro de Apoyo a la Educaci\u00f3n Especial que funciona en Calle Juan Rozas. Si bien es&#8230;<\/p>\n","protected":false},"author":482,"featured_media":62084,"comment_status":"open","ping_status":"open","sticky":false,"template":"","format":"standard","meta":{"advanced_seo_description":"","jetpack_seo_html_title":"","jetpack_seo_noindex":false,"_jetpack_memberships_contains_paid_content":false,"footnotes":""},"categories":[15],"tags":[],"class_list":["post-62083","post","type-post","status-publish","format-standard","has-post-thumbnail","hentry","category-comunidad"],"jetpack_featured_media_url":"https:\/\/i0.wp.com\/eltrabajo.cl\/portal\/wp-content\/uploads\/2015\/09\/CELEBRACION-FIESTAS-PATRIAS-ESCUELA-ESPECIAL-2.jpg?fit=530%2C350&ssl=1","jetpack_sharing_enabled":true,"jetpack_likes_enabled":true,"jetpack-related-posts":[],"_links":{"self":[{"href":"https:\/\/eltrabajo.cl\/portal\/wp-json\/wp\/v2\/posts\/62083","targetHints":{"allow":["GET"]}}],"collection":[{"href":"https:\/\/eltrabajo.cl\/portal\/wp-json\/wp\/v2\/posts"}],"about":[{"href":"https:\/\/eltrabajo.cl\/portal\/wp-json\/wp\/v2\/types\/post"}],"author":[{"embeddable":true,"href":"https:\/\/eltrabajo.cl\/portal\/wp-json\/wp\/v2\/users\/482"}],"replies":[{"embeddable":true,"href":"https:\/\/eltrabajo.cl\/portal\/wp-json\/wp\/v2\/comments?post=62083"}],"version-history":[{"count":0,"href":"https:\/\/eltrabajo.cl\/portal\/wp-json\/wp\/v2\/posts\/62083\/revisions"}],"wp:featuredmedia":[{"embeddable":true,"href":"https:\/\/eltrabajo.cl\/portal\/wp-json\/wp\/v2\/media\/62084"}],"wp:attachment":[{"href":"https:\/\/eltrabajo.cl\/portal\/wp-json\/wp\/v2\/media?parent=62083"}],"wp:term":[{"taxonomy":"category","embeddable":true,"href":"https:\/\/eltrabajo.cl\/portal\/wp-json\/wp\/v2\/categories?post=62083"},{"taxonomy":"post_tag","embeddable":true,"href":"https:\/\/eltrabajo.cl\/portal\/wp-json\/wp\/v2\/tags?post=62083"}],"curies":[{"name":"wp","href":"https:\/\/api.w.org\/{rel}","templated":true}]}}