{"id":62089,"date":"2015-09-17T09:53:35","date_gmt":"2015-09-17T12:53:35","guid":{"rendered":"http:\/\/www.eltrabajo.cl\/portal\/?p=62089"},"modified":"2015-09-17T09:53:35","modified_gmt":"2015-09-17T12:53:35","slug":"juzgado-impide-al-municipio-cesar-contrato-con-empresa-parquimetros","status":"publish","type":"post","link":"https:\/\/eltrabajo.cl\/portal\/juzgado-impide-al-municipio-cesar-contrato-con-empresa-parquimetros\/","title":{"rendered":"Juzgado impide al municipio cesar contrato con empresa parqu\u00edmetros"},"content":{"rendered":"<figure id=\"attachment_62090\" aria-describedby=\"caption-attachment-62090\" style=\"width: 300px\" class=\"wp-caption alignleft\"><a href=\"https:\/\/i0.wp.com\/www.eltrabajo.cl\/portal\/wp-content\/uploads\/2015\/09\/retiro-se%C3%B1aletica-parquimetros-andes.jpg\"><img data-recalc-dims=\"1\" loading=\"lazy\" decoding=\"async\" class=\"wp-image-62090 size-medium\" src=\"https:\/\/i0.wp.com\/www.eltrabajo.cl\/portal\/wp-content\/uploads\/2015\/09\/retiro-se%C3%B1aletica-parquimetros-andes-300x198.jpg?resize=300%2C198\" alt=\"Personal de la Municipalidad de Los Andes debi\u00f3 volver a colocar la se\u00f1al\u00e9tica que hab\u00eda retirado.\" width=\"300\" height=\"198\" srcset=\"https:\/\/i0.wp.com\/eltrabajo.cl\/portal\/wp-content\/uploads\/2015\/09\/retiro-se%C3%B1aletica-parquimetros-andes.jpg?resize=300%2C198&amp;ssl=1 300w, https:\/\/i0.wp.com\/eltrabajo.cl\/portal\/wp-content\/uploads\/2015\/09\/retiro-se%C3%B1aletica-parquimetros-andes.jpg?resize=200%2C132&amp;ssl=1 200w, https:\/\/i0.wp.com\/eltrabajo.cl\/portal\/wp-content\/uploads\/2015\/09\/retiro-se%C3%B1aletica-parquimetros-andes.jpg?resize=227%2C150&amp;ssl=1 227w, https:\/\/i0.wp.com\/eltrabajo.cl\/portal\/wp-content\/uploads\/2015\/09\/retiro-se%C3%B1aletica-parquimetros-andes.jpg?resize=400%2C264&amp;ssl=1 400w, https:\/\/i0.wp.com\/eltrabajo.cl\/portal\/wp-content\/uploads\/2015\/09\/retiro-se%C3%B1aletica-parquimetros-andes.jpg?w=530&amp;ssl=1 530w\" sizes=\"auto, (max-width: 300px) 100vw, 300px\" \/><\/a><figcaption id=\"caption-attachment-62090\" class=\"wp-caption-text\">Personal de la Municipalidad de Los Andes debi\u00f3 volver a colocar la se\u00f1al\u00e9tica que hab\u00eda retirado.<\/figcaption><\/figure>\n<ul>\n<li><strong>Alcalde Navarro consider\u00f3 sorprendente y carente de todo requisito jur\u00eddico s\u00f3lido lo obrado por la magistrado de ese tribunal.<\/strong><\/li>\n<\/ul>\n<p><strong>LOS ANDES.<\/strong>&#8211; Justo cuando el municipio proced\u00eda a notificar a la empresa concesionaria del servicio de parqu\u00edmetros sobre el cese del contrato y el retiro de la se\u00f1al\u00e9tica correspondiente, el Segundo Juzgado Civil de Los Andes orden\u00f3 detener la aplicaci\u00f3n de este decreto edilicio contraviniendo el dictamen de la Corte de Apelaciones que daba luz verde a su ejecuci\u00f3n.<br \/>\nAl respecto, el alcalde Mauricio Navarro se mostr\u00f3 sorprendido por la decisi\u00f3n del tribunal, asegurando que no re\u00fane los requisitos jur\u00eddicos m\u00ednimos para su fundamentaci\u00f3n y sobre todo porque pasa a llevar la determinaci\u00f3n de un tribunal superior.<br \/>\nEs por ello que el alcalde anunci\u00f3 la presentaci\u00f3n de un recurso de apelaci\u00f3n ante la Corte de Apelaciones para que por tercera vez deje sin efecto esta medida de suspensi\u00f3n del decreto municipal que pone fin al contrato de parqu\u00edmetros en el centro de la ciudad.<br \/>\n\u00abLa percepci\u00f3n de este alcalde es que a trav\u00e9s de este tipo de resoluciones lo \u00fanico que se logra respecto del municipio y de la comunidad es una completa confusi\u00f3n, pero lo que es peor, contrariando abiertamente determinaciones de los tribunales superiores de justicia y debo recordar que la Corte de Apelaciones ya en dos oportunidades se ha pronunciado en favor del municipio y lo mismo hizo la Corte Suprema\u00bb, expuso.<br \/>\nAgreg\u00f3 la determinaci\u00f3n de la jueza titular del segundo juzgado civil Ivette Mourguet Besoain obedece solamente a una medida dilatoria para mantener la vigencia del contrato mientras la Corte de Apelaciones revisa este recurso.<br \/>\nNavarro puntualiz\u00f3 que por esta decisi\u00f3n sorprendente de la jueza los andinos estar\u00e1n obligados a pagar parqu\u00edmetros hasta que la Corte de Apelaciones no emita nuevamente un fallo respecto al recurso que presentar\u00e1 la municipalidad.<br \/>\nSubray\u00f3 en la medida prejudicial dictada por la jueza no existe ning\u00fan nuevo antecedentes que permita obrar en favor de la empresa, \u00aby solamente un nuevo fallo de la Corte de Apelaciones puede poner t\u00e9rmino a esta vigencia y por eso mientras eso se resuelve el contrato se mantiene vigente\u00bb.<br \/>\nEl edil dijo que en su opini\u00f3n como abogado hay una mala aplicaci\u00f3n del derecho por parte de la magistrado Mourguet, \u00aby dir\u00eda hasta de un abuso del derecho, pues si bien todo el mundo tiene el derecho de interponer los recursos que estime pertinentes, sin embargo la racionalidad de estos recursos debe ser sopesado por el juez y desafortunadamente la jueza del Segundo Juzgado Civil en este caso, sin ning\u00fan fundamento jur\u00eddico, le ha dado lugar a esta suspensi\u00f3n solicitada por la empresa\u00bb.<br \/>\nAsimismo, el alcalde dijo que es altamente sospecho en los mismos momentos en que se est\u00e1 ejecutando un decreto de t\u00e9rmino de contrato con la empresa, la magistrado resuelva suspender este decreto edilicio contraviniendo resoluciones de la corte.<br \/>\nRespecto de las personas que no pagaron parqu\u00edmetro entre el 1 de setiembre y este mi\u00e9rcoles 16, no les ocurrir\u00e1 nada porque el contrato estaba terminado y tampoco ser\u00e1n multados, \u00abpero a contar de este jueves 17 de septiembre si deber\u00e1n cancelar\u00bb.<br \/>\nConsultado el edil por los mil 200 millones de pesos que entreg\u00f3 la empresa de parqu\u00edmetros para la pavimentaci\u00f3n de calle Arturo Prat, afirm\u00f3 que eso es otra materia que tambi\u00e9n ser\u00e1 objeto de discusi\u00f3n en Tribunales, \u00abpero no tiene ninguna relaci\u00f3n con la suspensi\u00f3n o no de los efectos de este juicio y la opini\u00f3n del municipio es que durante este tiempo la empresa ha percibido ingresos que superan largamente ese aporte e incluso deber\u00eda haber una compensaci\u00f3n favorable al municipio\u00bb.<\/p>\n","protected":false},"excerpt":{"rendered":"<p>Alcalde Navarro consider\u00f3 sorprendente y carente de todo requisito jur\u00eddico s\u00f3lido lo obrado por la magistrado de ese tribunal. LOS ANDES.&#8211; Justo cuando el municipio proced\u00eda a notificar a la empresa concesionaria&#8230;<\/p>\n","protected":false},"author":482,"featured_media":62090,"comment_status":"open","ping_status":"open","sticky":false,"template":"","format":"standard","meta":{"advanced_seo_description":"","jetpack_seo_html_title":"","jetpack_seo_noindex":false,"_jetpack_memberships_contains_paid_content":false,"footnotes":""},"categories":[1],"tags":[],"class_list":["post-62089","post","type-post","status-publish","format-standard","has-post-thumbnail","hentry","category-cronica"],"jetpack_featured_media_url":"https:\/\/i0.wp.com\/eltrabajo.cl\/portal\/wp-content\/uploads\/2015\/09\/retiro-se%C3%B1aletica-parquimetros-andes.jpg?fit=530%2C350&ssl=1","jetpack_sharing_enabled":true,"jetpack_likes_enabled":true,"jetpack-related-posts":[],"_links":{"self":[{"href":"https:\/\/eltrabajo.cl\/portal\/wp-json\/wp\/v2\/posts\/62089","targetHints":{"allow":["GET"]}}],"collection":[{"href":"https:\/\/eltrabajo.cl\/portal\/wp-json\/wp\/v2\/posts"}],"about":[{"href":"https:\/\/eltrabajo.cl\/portal\/wp-json\/wp\/v2\/types\/post"}],"author":[{"embeddable":true,"href":"https:\/\/eltrabajo.cl\/portal\/wp-json\/wp\/v2\/users\/482"}],"replies":[{"embeddable":true,"href":"https:\/\/eltrabajo.cl\/portal\/wp-json\/wp\/v2\/comments?post=62089"}],"version-history":[{"count":0,"href":"https:\/\/eltrabajo.cl\/portal\/wp-json\/wp\/v2\/posts\/62089\/revisions"}],"wp:featuredmedia":[{"embeddable":true,"href":"https:\/\/eltrabajo.cl\/portal\/wp-json\/wp\/v2\/media\/62090"}],"wp:attachment":[{"href":"https:\/\/eltrabajo.cl\/portal\/wp-json\/wp\/v2\/media?parent=62089"}],"wp:term":[{"taxonomy":"category","embeddable":true,"href":"https:\/\/eltrabajo.cl\/portal\/wp-json\/wp\/v2\/categories?post=62089"},{"taxonomy":"post_tag","embeddable":true,"href":"https:\/\/eltrabajo.cl\/portal\/wp-json\/wp\/v2\/tags?post=62089"}],"curies":[{"name":"wp","href":"https:\/\/api.w.org\/{rel}","templated":true}]}}