{"id":62092,"date":"2015-09-17T09:55:20","date_gmt":"2015-09-17T12:55:20","guid":{"rendered":"http:\/\/www.eltrabajo.cl\/portal\/?p=62092"},"modified":"2015-09-17T09:55:20","modified_gmt":"2015-09-17T12:55:20","slug":"consejo-com-seguridad-publica-aprueba-proyectos-por-250-millones","status":"publish","type":"post","link":"https:\/\/eltrabajo.cl\/portal\/consejo-com-seguridad-publica-aprueba-proyectos-por-250-millones\/","title":{"rendered":"Consejo Com. Seguridad P\u00fablica aprueba proyectos por $250 millones"},"content":{"rendered":"<figure id=\"attachment_62093\" aria-describedby=\"caption-attachment-62093\" style=\"width: 300px\" class=\"wp-caption alignleft\"><a href=\"https:\/\/i0.wp.com\/www.eltrabajo.cl\/portal\/wp-content\/uploads\/2015\/09\/Consejo-municipal.jpg\"><img data-recalc-dims=\"1\" loading=\"lazy\" decoding=\"async\" class=\"wp-image-62093 size-medium\" src=\"https:\/\/i0.wp.com\/www.eltrabajo.cl\/portal\/wp-content\/uploads\/2015\/09\/Consejo-municipal-300x198.jpg?resize=300%2C198\" alt=\"El Consejo Comunal de Seguridad P\u00fablica desarroll\u00f3 la tercera sesi\u00f3n, en donde destinaron m\u00e1s de $200 millones para distintos proyectos en San Felipe.\" width=\"300\" height=\"198\" srcset=\"https:\/\/i0.wp.com\/eltrabajo.cl\/portal\/wp-content\/uploads\/2015\/09\/Consejo-municipal.jpg?resize=300%2C198&amp;ssl=1 300w, https:\/\/i0.wp.com\/eltrabajo.cl\/portal\/wp-content\/uploads\/2015\/09\/Consejo-municipal.jpg?resize=200%2C132&amp;ssl=1 200w, https:\/\/i0.wp.com\/eltrabajo.cl\/portal\/wp-content\/uploads\/2015\/09\/Consejo-municipal.jpg?resize=227%2C150&amp;ssl=1 227w, https:\/\/i0.wp.com\/eltrabajo.cl\/portal\/wp-content\/uploads\/2015\/09\/Consejo-municipal.jpg?resize=400%2C264&amp;ssl=1 400w, https:\/\/i0.wp.com\/eltrabajo.cl\/portal\/wp-content\/uploads\/2015\/09\/Consejo-municipal.jpg?w=530&amp;ssl=1 530w\" sizes=\"auto, (max-width: 300px) 100vw, 300px\" \/><\/a><figcaption id=\"caption-attachment-62093\" class=\"wp-caption-text\">El Consejo Comunal de Seguridad P\u00fablica desarroll\u00f3 la tercera sesi\u00f3n, en donde destinaron m\u00e1s de $200 millones para distintos proyectos en San Felipe.<\/figcaption><\/figure>\n<p>Las iniciativas van de la mano de mejorar las c\u00e1maras de seguridad, la implementaci\u00f3n de mayor luminaria, mejor infraestructura y la instalaci\u00f3n de juegos antivand\u00e1licos en diversos puntos de la comuna.<br \/>\nEl Consejo Comunal de Seguridad P\u00fablica desarroll\u00f3 la tercera sesi\u00f3n, con la presencia de la totalidad de los consejeros, el Gobernador Eduardo Le\u00f3n y el Alcalde de la Municipalidad de San Felipe, Patricio Freire donde aprobaron una importante inversi\u00f3n para desarrollar proyectos en diversos puntos de la comuna que supera los $250 millones. Estos dineros fueron divididos en dos grandes \u00e1reas: La primera, situacional con $185 millones, de los cuales $30 millones se utilizar\u00e1n para mejorar las c\u00e1maras de seguridad instaladas en la comuna, m\u00e1s una inversi\u00f3n de 100 millones para mejorar espacios p\u00fablicos, infraestructura e iluminaci\u00f3n en avenida Chacabuco. Adem\u00e1s, de la instalaci\u00f3n de juegos antivand\u00e1licos en 11 plazuelas de San Felipe, tanto del sector urbano como rural.<br \/>\nEn tanto, en el \u00e1mbito sicosocial, el consejo aprob\u00f3 proyectos de intervenci\u00f3n con los barrios, que viene de la l\u00ednea de la mediaci\u00f3n comunitaria, que tambi\u00e9n tiene inversi\u00f3n focalizada y potenciar\u00e1n la participaci\u00f3n y cohesi\u00f3n social para apoyar la prevenci\u00f3n de la delincuencia en los sectores que los profesionales desarrollar\u00e1n su trabajo.<br \/>\nEstos recursos llegar\u00edan durante el mes de noviembre, donde se implementar\u00e1n dichos proyectos.<br \/>\nEn este sentido, Alexis Guerrero, Coordinador Plan Comunal de Seguridad P\u00fablica, destac\u00f3 la millonaria inversi\u00f3n que entrega el Gobierno de la Presidenta Bachelet a la comuna, lo que significa un aporte enorme en relaci\u00f3n a a\u00f1os anteriores. \u201cHay gran satisfacci\u00f3n porque existi\u00f3 una alta participaci\u00f3n de los consejeros, quienes mediante un proceso participativo lograron aprobar la inversi\u00f3n de la comuna de San Felipe. Esto viene a triplicar la inversi\u00f3n que se hab\u00eda hecho en Gobiernos anteriores\u201d, manifest\u00f3.<br \/>\nEn tanto, el gobernador Eduardo Le\u00f3n se\u00f1al\u00f3 que \u201cel Gobierno prometi\u00f3 una inversi\u00f3n importante y as\u00ed ocurri\u00f3. Los consejeros han definido una cartera amplia, de $250 millones, que han sido destinados en recuperar los espacios p\u00fablicos: Es decir, recuperar, iluminar y mejorar los espacios para que la comunidad los utilice. Estamos cumpliendo, lo comprometido est\u00e1 hecho y ahora se enviar\u00e1 al Ministerio del Interior, a la Subsecretar\u00eda de prevenci\u00f3n del Delito, los proyectos elegidos y esperamos que en noviembre estemos ejecutando la licitaci\u00f3n de ellos\u201d, concluy\u00f3 la autoridad provincial.<\/p>\n","protected":false},"excerpt":{"rendered":"<p>Las iniciativas van de la mano de mejorar las c\u00e1maras de seguridad, la implementaci\u00f3n de mayor luminaria, mejor infraestructura y la instalaci\u00f3n de juegos antivand\u00e1licos en diversos puntos de la comuna. El&#8230;<\/p>\n","protected":false},"author":482,"featured_media":62093,"comment_status":"open","ping_status":"open","sticky":false,"template":"","format":"standard","meta":{"advanced_seo_description":"","jetpack_seo_html_title":"","jetpack_seo_noindex":false,"_jetpack_memberships_contains_paid_content":false,"footnotes":""},"categories":[1],"tags":[],"class_list":["post-62092","post","type-post","status-publish","format-standard","has-post-thumbnail","hentry","category-cronica"],"jetpack_featured_media_url":"https:\/\/i0.wp.com\/eltrabajo.cl\/portal\/wp-content\/uploads\/2015\/09\/Consejo-municipal.jpg?fit=530%2C350&ssl=1","jetpack_sharing_enabled":true,"jetpack_likes_enabled":true,"jetpack-related-posts":[],"_links":{"self":[{"href":"https:\/\/eltrabajo.cl\/portal\/wp-json\/wp\/v2\/posts\/62092","targetHints":{"allow":["GET"]}}],"collection":[{"href":"https:\/\/eltrabajo.cl\/portal\/wp-json\/wp\/v2\/posts"}],"about":[{"href":"https:\/\/eltrabajo.cl\/portal\/wp-json\/wp\/v2\/types\/post"}],"author":[{"embeddable":true,"href":"https:\/\/eltrabajo.cl\/portal\/wp-json\/wp\/v2\/users\/482"}],"replies":[{"embeddable":true,"href":"https:\/\/eltrabajo.cl\/portal\/wp-json\/wp\/v2\/comments?post=62092"}],"version-history":[{"count":0,"href":"https:\/\/eltrabajo.cl\/portal\/wp-json\/wp\/v2\/posts\/62092\/revisions"}],"wp:featuredmedia":[{"embeddable":true,"href":"https:\/\/eltrabajo.cl\/portal\/wp-json\/wp\/v2\/media\/62093"}],"wp:attachment":[{"href":"https:\/\/eltrabajo.cl\/portal\/wp-json\/wp\/v2\/media?parent=62092"}],"wp:term":[{"taxonomy":"category","embeddable":true,"href":"https:\/\/eltrabajo.cl\/portal\/wp-json\/wp\/v2\/categories?post=62092"},{"taxonomy":"post_tag","embeddable":true,"href":"https:\/\/eltrabajo.cl\/portal\/wp-json\/wp\/v2\/tags?post=62092"}],"curies":[{"name":"wp","href":"https:\/\/api.w.org\/{rel}","templated":true}]}}