{"id":62098,"date":"2015-09-17T09:59:47","date_gmt":"2015-09-17T12:59:47","guid":{"rendered":"http:\/\/www.eltrabajo.cl\/portal\/?p=62098"},"modified":"2015-09-17T09:59:47","modified_gmt":"2015-09-17T12:59:47","slug":"mal-padre-que-cometia-incesto-con-su-hija-podria-pasar-10-anos-en-carcel","status":"publish","type":"post","link":"https:\/\/eltrabajo.cl\/portal\/mal-padre-que-cometia-incesto-con-su-hija-podria-pasar-10-anos-en-carcel\/","title":{"rendered":"Mal padre que comet\u00eda incesto con su hija podr\u00eda pasar 10 a\u00f1os en c\u00e1rcel"},"content":{"rendered":"<figure id=\"attachment_62099\" aria-describedby=\"caption-attachment-62099\" style=\"width: 300px\" class=\"wp-caption alignleft\"><a href=\"https:\/\/i0.wp.com\/www.eltrabajo.cl\/portal\/wp-content\/uploads\/2015\/09\/ABEL-RIQUELME-JARA.jpg\"><img data-recalc-dims=\"1\" loading=\"lazy\" decoding=\"async\" class=\"wp-image-62099 size-medium\" src=\"https:\/\/i0.wp.com\/www.eltrabajo.cl\/portal\/wp-content\/uploads\/2015\/09\/ABEL-RIQUELME-JARA-300x199.jpg?resize=300%2C199\" alt=\"Abel Riquelme Jara fue condenado por el Tribunal Oral en Lo Penal de San Felipe, donde podr\u00eda ser sentenciado a una pena que alcanzar\u00eda los 10 a\u00f1os de c\u00e1rcel por abuso sexual y violaci\u00f3n a su hija menor en forma reiterada.\" width=\"300\" height=\"199\" srcset=\"https:\/\/i0.wp.com\/eltrabajo.cl\/portal\/wp-content\/uploads\/2015\/09\/ABEL-RIQUELME-JARA.jpg?resize=300%2C199&amp;ssl=1 300w, https:\/\/i0.wp.com\/eltrabajo.cl\/portal\/wp-content\/uploads\/2015\/09\/ABEL-RIQUELME-JARA.jpg?resize=200%2C133&amp;ssl=1 200w, https:\/\/i0.wp.com\/eltrabajo.cl\/portal\/wp-content\/uploads\/2015\/09\/ABEL-RIQUELME-JARA.jpg?resize=226%2C150&amp;ssl=1 226w, https:\/\/i0.wp.com\/eltrabajo.cl\/portal\/wp-content\/uploads\/2015\/09\/ABEL-RIQUELME-JARA.jpg?resize=400%2C265&amp;ssl=1 400w, https:\/\/i0.wp.com\/eltrabajo.cl\/portal\/wp-content\/uploads\/2015\/09\/ABEL-RIQUELME-JARA.jpg?w=528&amp;ssl=1 528w\" sizes=\"auto, (max-width: 300px) 100vw, 300px\" \/><\/a><figcaption id=\"caption-attachment-62099\" class=\"wp-caption-text\">Abel Riquelme Jara fue condenado por el Tribunal Oral en Lo Penal de San Felipe, donde podr\u00eda ser sentenciado a una pena que alcanzar\u00eda los 10 a\u00f1os de c\u00e1rcel por abuso sexual y violaci\u00f3n a su hija menor en forma reiterada.<\/figcaption><\/figure>\n<ul>\n<li><strong>Una ni\u00f1a de actuales 13 a\u00f1os encontr\u00f3 la justicia tras los crueles actos a los que era sometida por su padre desde hace seis a\u00f1os, quien de manera reiterada sufri\u00f3 torturas de connotaci\u00f3n sexual en su vivienda en la comuna de Llay Llay.<\/strong><\/li>\n<\/ul>\n<p>Una ni\u00f1a debi\u00f3 soportar por cerca de seis angustiosos a\u00f1os, los brutales episodios de abuso sexual y violaci\u00f3n de su propio padre, que en forma reiterada somet\u00eda a la menor en la comuna de Llay Llay.<br \/>\nEste violento episodio de violencia intrafamiliar logro quedar al descubierto y se logr\u00f3 llevar el caso a manos de la Fiscal\u00eda que acus\u00f3 las aberraciones perpetradas por Abel Esteban Riquelme Jara, el que finalmente fue condenado por el Tribunal Oral en Lo Penal de San Felipe, pudiendo recibir una sentencia superior a los 10 a\u00f1os de c\u00e1rcel por estos actos criminales.<br \/>\nHasta el pasado 19 de octubre de 2014, Abel Riquelme Jara, de 43 a\u00f1os de edad, se desempe\u00f1aba como electricista en una minera en el norte del pa\u00eds, desplaz\u00e1ndose en sus d\u00edas de descanso hasta su domicilio en la villa El Salitre de la comuna de Llay Llay, lugar donde resid\u00edan su esposa y sus dos mellizos, un hijo y una hija de 12 a\u00f1os de edad; \u00e9sta \u00faltima fue quien result\u00f3 v\u00edctima de violaci\u00f3n.<br \/>\nAquel domingo, Abel estuvo bebiendo en un restor\u00e1n donde compart\u00eda con sus dos hijos mientras miraban un partido de f\u00fatbol por televisi\u00f3n. Al retornar a su vivienda completamente ebrio, inici\u00f3 una discusi\u00f3n con su esposa con la excusa de una aparente infidelidad. Situaci\u00f3n que fue subiendo de tono hasta el extremo de comenzar a romper enseres del inmueble a vista de los menores, quienes atormentados observaban este episodio de violencia intrafamiliar.<br \/>\nEl hombre encolerizado con su mujer, habr\u00eda dejado entrever los abusos sexuales a los que somet\u00eda a su propia hija, poniendo un cuchillo en el cuello de la esposa, profiriendo amenazas de muerte. Estos hechos continuaron cuando la madre de los menores escap\u00f3 de la vivienda y se dirigi\u00f3 hasta la Subcomisar\u00eda de Carabineros para pedir auxilio.<br \/>\nDurante ese lapso de tiempo, ambos menores quedaron a solas con su padre quien orden\u00f3 a su hijo salir al antejard\u00edn de la morada y oblig\u00f3 a su hija a entrar a la cocina para abusarla y violarla sin contemplaciones. Mismo actos bestiales que fueron ocasionados desde que la ni\u00f1a ten\u00eda s\u00f3lo seis a\u00f1os de edad.<br \/>\nHasta el lugar concurri\u00f3 personal de Carabineros junto a la madre de los menores, encontrando a su hija llorando, quien aprovech\u00f3 la presencia policial para relatar los crueles abusos por parte de su progenitor.<br \/>\nFue as\u00ed que Carabineros arrest\u00f3 de inmediato a este sujeto quien fue sometido a control de detenci\u00f3n en el Juzgado de Garant\u00eda de San Felipe para ser formalizado por los delitos de abuso sexual y violaci\u00f3n reiterada, amenazas y lesiones en contra de su esposa e hija, quedando bajo la cautelar de prisi\u00f3n preventiva.<br \/>\nEl caso qued\u00f3 en manos de la Fiscal Daniela Quevedo, quien llev\u00f3 a juicio al hoy condenado Abel Riquelme Jara que durante las audiencias en el Tribunal Oral en Lo Penal confes\u00f3 sus actos criminales en contra de su hija, por el cual la terna de jueces, al ponderar estos relatos y las contundentes pruebas presentadas por el Ministerio P\u00fablico, consider\u00f3 culpable al acusado de estos delitos.<br \/>\nPor su parte la Fiscal\u00eda persigue una condena superior a los diez a\u00f1os de c\u00e1rcel, sentencia que ser\u00e1 dada a conocer en los pr\u00f3ximos d\u00edas por la terna de jueces del Tribunal Oral de San Felipe.<br \/>\n<strong>Pablo Salinas Sald\u00edas<\/strong><\/p>\n","protected":false},"excerpt":{"rendered":"<p>Una ni\u00f1a de actuales 13 a\u00f1os encontr\u00f3 la justicia tras los crueles actos a los que era sometida por su padre desde hace seis a\u00f1os, quien de manera reiterada sufri\u00f3 torturas de&#8230;<\/p>\n","protected":false},"author":482,"featured_media":62099,"comment_status":"open","ping_status":"open","sticky":false,"template":"","format":"standard","meta":{"advanced_seo_description":"","jetpack_seo_html_title":"","jetpack_seo_noindex":false,"_jetpack_memberships_contains_paid_content":false,"footnotes":""},"categories":[21],"tags":[],"class_list":["post-62098","post","type-post","status-publish","format-standard","has-post-thumbnail","hentry","category-policial"],"jetpack_featured_media_url":"https:\/\/i0.wp.com\/eltrabajo.cl\/portal\/wp-content\/uploads\/2015\/09\/ABEL-RIQUELME-JARA.jpg?fit=528%2C350&ssl=1","jetpack_sharing_enabled":true,"jetpack_likes_enabled":true,"jetpack-related-posts":[],"_links":{"self":[{"href":"https:\/\/eltrabajo.cl\/portal\/wp-json\/wp\/v2\/posts\/62098","targetHints":{"allow":["GET"]}}],"collection":[{"href":"https:\/\/eltrabajo.cl\/portal\/wp-json\/wp\/v2\/posts"}],"about":[{"href":"https:\/\/eltrabajo.cl\/portal\/wp-json\/wp\/v2\/types\/post"}],"author":[{"embeddable":true,"href":"https:\/\/eltrabajo.cl\/portal\/wp-json\/wp\/v2\/users\/482"}],"replies":[{"embeddable":true,"href":"https:\/\/eltrabajo.cl\/portal\/wp-json\/wp\/v2\/comments?post=62098"}],"version-history":[{"count":0,"href":"https:\/\/eltrabajo.cl\/portal\/wp-json\/wp\/v2\/posts\/62098\/revisions"}],"wp:featuredmedia":[{"embeddable":true,"href":"https:\/\/eltrabajo.cl\/portal\/wp-json\/wp\/v2\/media\/62099"}],"wp:attachment":[{"href":"https:\/\/eltrabajo.cl\/portal\/wp-json\/wp\/v2\/media?parent=62098"}],"wp:term":[{"taxonomy":"category","embeddable":true,"href":"https:\/\/eltrabajo.cl\/portal\/wp-json\/wp\/v2\/categories?post=62098"},{"taxonomy":"post_tag","embeddable":true,"href":"https:\/\/eltrabajo.cl\/portal\/wp-json\/wp\/v2\/tags?post=62098"}],"curies":[{"name":"wp","href":"https:\/\/api.w.org\/{rel}","templated":true}]}}