{"id":62101,"date":"2015-09-17T10:03:09","date_gmt":"2015-09-17T13:03:09","guid":{"rendered":"http:\/\/www.eltrabajo.cl\/portal\/?p=62101"},"modified":"2015-09-17T10:03:09","modified_gmt":"2015-09-17T13:03:09","slug":"solo-danos-menores-y-algunos-cortes-de-luz-dejo-el-terremoto","status":"publish","type":"post","link":"https:\/\/eltrabajo.cl\/portal\/solo-danos-menores-y-algunos-cortes-de-luz-dejo-el-terremoto\/","title":{"rendered":"Solo da\u00f1os menores y algunos cortes de luz dej\u00f3 el terremoto"},"content":{"rendered":"<figure id=\"attachment_62102\" aria-describedby=\"caption-attachment-62102\" style=\"width: 300px\" class=\"wp-caption alignleft\"><a href=\"https:\/\/i0.wp.com\/www.eltrabajo.cl\/portal\/wp-content\/uploads\/2015\/09\/templo-curimon-terremoto.jpg\"><img data-recalc-dims=\"1\" loading=\"lazy\" decoding=\"async\" class=\"wp-image-62102 size-medium\" src=\"https:\/\/i0.wp.com\/www.eltrabajo.cl\/portal\/wp-content\/uploads\/2015\/09\/templo-curimon-terremoto-300x198.jpg?resize=300%2C198\" alt=\"El templo de Curim\u00f3n present\u00f3 algunos da\u00f1os menores por el desprendimiento de adobe de una de sus paredes.\" width=\"300\" height=\"198\" srcset=\"https:\/\/i0.wp.com\/eltrabajo.cl\/portal\/wp-content\/uploads\/2015\/09\/templo-curimon-terremoto.jpg?resize=300%2C198&amp;ssl=1 300w, https:\/\/i0.wp.com\/eltrabajo.cl\/portal\/wp-content\/uploads\/2015\/09\/templo-curimon-terremoto.jpg?resize=200%2C132&amp;ssl=1 200w, https:\/\/i0.wp.com\/eltrabajo.cl\/portal\/wp-content\/uploads\/2015\/09\/templo-curimon-terremoto.jpg?resize=228%2C150&amp;ssl=1 228w, https:\/\/i0.wp.com\/eltrabajo.cl\/portal\/wp-content\/uploads\/2015\/09\/templo-curimon-terremoto.jpg?resize=400%2C263&amp;ssl=1 400w, https:\/\/i0.wp.com\/eltrabajo.cl\/portal\/wp-content\/uploads\/2015\/09\/templo-curimon-terremoto.jpg?w=530&amp;ssl=1 530w\" sizes=\"auto, (max-width: 300px) 100vw, 300px\" \/><\/a><figcaption id=\"caption-attachment-62102\" class=\"wp-caption-text\">El templo de Curim\u00f3n present\u00f3 algunos da\u00f1os menores por el desprendimiento de adobe de una de sus paredes.<\/figcaption><\/figure>\n<p>El valle de Aconcagua enfrent\u00f3 de buena forma el terremoto que afect\u00f3 a nuestro pa\u00eds en horas de la tarde de ayer, movimiento tel\u00farico que seg\u00fan el Centro Sismol\u00f3gico Nacional tuvo una magnitud 8,4 Richter, con epicentro a 46 kil\u00f3metros al oeste de Canela Baja y una profundidad 15,7 kil\u00f3metros, lugar que se encuentra a 224 kil\u00f3metros de la capital de la provincia de San Felipe.<br \/>\nSeg\u00fan informaciones del Comit\u00e9 de Operaciones de Emergencia, COE de San Felipe, que se estableci\u00f3 en primera instancia en la Primera Compa\u00f1\u00eda de Bomberos de San Felipe, encabezado por el Gobernador Eduardo Le\u00f3n, no hubo grandes problemas debido al movimiento, solo algunos cortes parciales en la energ\u00eda el\u00e9ctrica, por lo que Chilquinta implant\u00f3 un comit\u00e9 de emergencia para solucionar los cortes existentes.<br \/>\nLa iglesia del convento de San Francisco de Curim\u00f3n, monumento nacional, solo tuvo un desprendimiento menor en una de sus paredes, mientras que la ruta 60 CH solo registr\u00f3 algunos desprendimientos de rocas, pero que no afectaron el normal desplazamiento de veh\u00edculos.<br \/>\nComo es normal en estos casos se registraron cortes del servicio de comunicaci\u00f3n v\u00eda celular, cuesti\u00f3n que al cierre de esta edici\u00f3n ya se estaba normalizando.<\/p>\n<p><strong>Los Andes<\/strong><br \/>\nEl COE de la provincia de Los Andes, en tanto, inform\u00f3 cortes de energ\u00eda el\u00e9ctrica en algunos sectores de la provincia, principalmente en comunas de Rinconada (con 30% de la poblaci\u00f3n sin luz el\u00e9ctrica) y el sector sur de Los Andes (Centenario y El Horizonte), donde Chilquinta tambi\u00e9n se encuentra trabajando.<br \/>\nSeg\u00fan informa Esval, no se registraron problemas en el suministro de agua potable.<br \/>\nAdem\u00e1s se confirm\u00f3 que el paso fronterizo Los Libertadores se encuentra sin da\u00f1os. Asimismo se registr\u00f3 una ca\u00edda de rocas de gran tama\u00f1o en el sector Los Azules, la cual fue retirada por Vialidad.<\/p>\n<p><strong>Suspenden clases en la Regi\u00f3n<\/strong><br \/>\nAl cierre de la presente edici\u00f3n de Diario El Trabajo, el COE regional inform\u00f3 que se suspend\u00edan las clases el d\u00eda de hoy en todo el valle de Aconcagua debido al fuerte sismo, situaci\u00f3n que gener\u00f3 confusi\u00f3n en un primer minuto ya que algunas informaciones daban cuenta que la medida regir\u00eda solo para Valpara\u00edso, lo que posteriormente se confirm\u00f3 para toda la regi\u00f3n.<br \/>\n<strong>Mat\u00edas Ortiz<\/strong><\/p>\n","protected":false},"excerpt":{"rendered":"<p>El valle de Aconcagua enfrent\u00f3 de buena forma el terremoto que afect\u00f3 a nuestro pa\u00eds en horas de la tarde de ayer, movimiento tel\u00farico que seg\u00fan el Centro Sismol\u00f3gico Nacional tuvo una&#8230;<\/p>\n","protected":false},"author":482,"featured_media":62102,"comment_status":"open","ping_status":"open","sticky":false,"template":"","format":"standard","meta":{"advanced_seo_description":"","jetpack_seo_html_title":"","jetpack_seo_noindex":false,"_jetpack_memberships_contains_paid_content":false,"footnotes":""},"categories":[15],"tags":[],"class_list":["post-62101","post","type-post","status-publish","format-standard","has-post-thumbnail","hentry","category-comunidad"],"jetpack_featured_media_url":"https:\/\/i0.wp.com\/eltrabajo.cl\/portal\/wp-content\/uploads\/2015\/09\/templo-curimon-terremoto.jpg?fit=530%2C349&ssl=1","jetpack_sharing_enabled":true,"jetpack_likes_enabled":true,"jetpack-related-posts":[],"_links":{"self":[{"href":"https:\/\/eltrabajo.cl\/portal\/wp-json\/wp\/v2\/posts\/62101","targetHints":{"allow":["GET"]}}],"collection":[{"href":"https:\/\/eltrabajo.cl\/portal\/wp-json\/wp\/v2\/posts"}],"about":[{"href":"https:\/\/eltrabajo.cl\/portal\/wp-json\/wp\/v2\/types\/post"}],"author":[{"embeddable":true,"href":"https:\/\/eltrabajo.cl\/portal\/wp-json\/wp\/v2\/users\/482"}],"replies":[{"embeddable":true,"href":"https:\/\/eltrabajo.cl\/portal\/wp-json\/wp\/v2\/comments?post=62101"}],"version-history":[{"count":0,"href":"https:\/\/eltrabajo.cl\/portal\/wp-json\/wp\/v2\/posts\/62101\/revisions"}],"wp:featuredmedia":[{"embeddable":true,"href":"https:\/\/eltrabajo.cl\/portal\/wp-json\/wp\/v2\/media\/62102"}],"wp:attachment":[{"href":"https:\/\/eltrabajo.cl\/portal\/wp-json\/wp\/v2\/media?parent=62101"}],"wp:term":[{"taxonomy":"category","embeddable":true,"href":"https:\/\/eltrabajo.cl\/portal\/wp-json\/wp\/v2\/categories?post=62101"},{"taxonomy":"post_tag","embeddable":true,"href":"https:\/\/eltrabajo.cl\/portal\/wp-json\/wp\/v2\/tags?post=62101"}],"curies":[{"name":"wp","href":"https:\/\/api.w.org\/{rel}","templated":true}]}}