{"id":62104,"date":"2015-09-21T09:24:07","date_gmt":"2015-09-21T12:24:07","guid":{"rendered":"http:\/\/www.eltrabajo.cl\/portal\/?p=62104"},"modified":"2015-09-21T09:24:07","modified_gmt":"2015-09-21T12:24:07","slug":"certifican-a-usuarios-prodesal-en-cultivo-de-hortalizas","status":"publish","type":"post","link":"https:\/\/eltrabajo.cl\/portal\/certifican-a-usuarios-prodesal-en-cultivo-de-hortalizas\/","title":{"rendered":"Certifican a usuarios Prodesal en cultivo de hortalizas"},"content":{"rendered":"<figure id=\"attachment_62105\" aria-describedby=\"caption-attachment-62105\" style=\"width: 300px\" class=\"wp-caption alignleft\"><a href=\"https:\/\/i0.wp.com\/www.eltrabajo.cl\/portal\/wp-content\/uploads\/2015\/09\/Usuarios-Prodesal-llay-llay.jpg\"><img data-recalc-dims=\"1\" loading=\"lazy\" decoding=\"async\" class=\"wp-image-62105 size-medium\" src=\"https:\/\/i0.wp.com\/www.eltrabajo.cl\/portal\/wp-content\/uploads\/2015\/09\/Usuarios-Prodesal-llay-llay-300x198.jpg?resize=300%2C198\" alt=\"Durante la tarde del jueves reci\u00e9n pasado, autoridades certificaron la realizaci\u00f3n del curso de cultivo de hortalizas a usuarios de Prodesal Llay Llay. \" width=\"300\" height=\"198\" srcset=\"https:\/\/i0.wp.com\/eltrabajo.cl\/portal\/wp-content\/uploads\/2015\/09\/Usuarios-Prodesal-llay-llay.jpg?resize=300%2C198&amp;ssl=1 300w, https:\/\/i0.wp.com\/eltrabajo.cl\/portal\/wp-content\/uploads\/2015\/09\/Usuarios-Prodesal-llay-llay.jpg?resize=200%2C132&amp;ssl=1 200w, https:\/\/i0.wp.com\/eltrabajo.cl\/portal\/wp-content\/uploads\/2015\/09\/Usuarios-Prodesal-llay-llay.jpg?resize=228%2C150&amp;ssl=1 228w, https:\/\/i0.wp.com\/eltrabajo.cl\/portal\/wp-content\/uploads\/2015\/09\/Usuarios-Prodesal-llay-llay.jpg?resize=400%2C263&amp;ssl=1 400w, https:\/\/i0.wp.com\/eltrabajo.cl\/portal\/wp-content\/uploads\/2015\/09\/Usuarios-Prodesal-llay-llay.jpg?w=530&amp;ssl=1 530w\" sizes=\"auto, (max-width: 300px) 100vw, 300px\" \/><\/a><figcaption id=\"caption-attachment-62105\" class=\"wp-caption-text\">Durante la tarde del jueves reci\u00e9n pasado, autoridades certificaron la realizaci\u00f3n del curso de cultivo de hortalizas a usuarios de Prodesal Llay Llay.<\/figcaption><\/figure>\n<p><strong>LLAY LLAY<\/strong>.- Con la entrega de sus respectivos certificados finaliz\u00f3 el curso de \u2018Cultivo de hortalizas al aire libre y en invernadero\u2019, dirigido a usuarios Prodesal. El proyecto se desarroll\u00f3 financiado por Cristal Chile y ejecutado por la OTEC del Sence San Lorenzo, respaldado por el equipo Prodesal de la Municipalidad de LlayLlay.<br \/>\nEl cierre del proceso, se realiz\u00f3 en el casino de la Empresa Cristal Chile, la tarde del pasado viernes 11 de septiembre.<br \/>\nEn la actividad estuvo presente Roberto P\u00e9rez de la Planta Cristal Chile Llay Llay, la analista del sector de Responsabilidad empresarial de Cristal Chile, B\u00e1rbara Basualtto; los jefes de Prodesal: Ra\u00fal Vega de la l\u00ednea agr\u00edcola y Guillermo V\u00e1squez de la l\u00ednea Ganadera; los t\u00e9cnicos Ivonne Jeria y Adri\u00e1n Silva, los usuarios del Programa y sus familiares.<br \/>\nEl jefe t\u00e9cnico de Prodesal Agr\u00edcola, Ra\u00fal Vega indic\u00f3 \u201cel curso dur\u00f3 48 horas. Se realizaron las clases por m\u00e1s de un mes. Se dirigi\u00f3 a usuarios que trabajan en el rubro de hortalizas y que est\u00e1n motivados a adquirir nuevas recomendaciones como un manejo m\u00e1s sano de cultivo\u201d.<br \/>\nGuillermo V\u00e1squez, jefe t\u00e9cnico deProdesal Ganadero, resalt\u00f3 la importancia de la entrega de capacitaci\u00f3n \u201cfue un curso muy completo. Se efectu\u00f3 con gran \u00e9xito y gran apoyo para los usuarios. Esperamos que se siga repitiendo en el tiempo\u201d.<br \/>\nEl ingeniero agr\u00f3nomo Enrique Mu\u00f1oz encargado de la capacitaci\u00f3n expres\u00f3 \u201cdentro de los conocimientos impartidos estuvo la parte de producci\u00f3n, y un cultivo sustentable de hortalizas respetuoso con el medioambiente\u201d.<br \/>\n<strong>Marianela Quevedo<\/strong><\/p>\n","protected":false},"excerpt":{"rendered":"<p>LLAY LLAY.- Con la entrega de sus respectivos certificados finaliz\u00f3 el curso de \u2018Cultivo de hortalizas al aire libre y en invernadero\u2019, dirigido a usuarios Prodesal. El proyecto se desarroll\u00f3 financiado por&#8230;<\/p>\n","protected":false},"author":482,"featured_media":62105,"comment_status":"open","ping_status":"open","sticky":false,"template":"","format":"standard","meta":{"advanced_seo_description":"","jetpack_seo_html_title":"","jetpack_seo_noindex":false,"_jetpack_memberships_contains_paid_content":false,"footnotes":""},"categories":[1],"tags":[],"class_list":["post-62104","post","type-post","status-publish","format-standard","has-post-thumbnail","hentry","category-cronica"],"jetpack_featured_media_url":"https:\/\/i0.wp.com\/eltrabajo.cl\/portal\/wp-content\/uploads\/2015\/09\/Usuarios-Prodesal-llay-llay.jpg?fit=530%2C349&ssl=1","jetpack_sharing_enabled":true,"jetpack_likes_enabled":true,"jetpack-related-posts":[],"_links":{"self":[{"href":"https:\/\/eltrabajo.cl\/portal\/wp-json\/wp\/v2\/posts\/62104","targetHints":{"allow":["GET"]}}],"collection":[{"href":"https:\/\/eltrabajo.cl\/portal\/wp-json\/wp\/v2\/posts"}],"about":[{"href":"https:\/\/eltrabajo.cl\/portal\/wp-json\/wp\/v2\/types\/post"}],"author":[{"embeddable":true,"href":"https:\/\/eltrabajo.cl\/portal\/wp-json\/wp\/v2\/users\/482"}],"replies":[{"embeddable":true,"href":"https:\/\/eltrabajo.cl\/portal\/wp-json\/wp\/v2\/comments?post=62104"}],"version-history":[{"count":0,"href":"https:\/\/eltrabajo.cl\/portal\/wp-json\/wp\/v2\/posts\/62104\/revisions"}],"wp:featuredmedia":[{"embeddable":true,"href":"https:\/\/eltrabajo.cl\/portal\/wp-json\/wp\/v2\/media\/62105"}],"wp:attachment":[{"href":"https:\/\/eltrabajo.cl\/portal\/wp-json\/wp\/v2\/media?parent=62104"}],"wp:term":[{"taxonomy":"category","embeddable":true,"href":"https:\/\/eltrabajo.cl\/portal\/wp-json\/wp\/v2\/categories?post=62104"},{"taxonomy":"post_tag","embeddable":true,"href":"https:\/\/eltrabajo.cl\/portal\/wp-json\/wp\/v2\/tags?post=62104"}],"curies":[{"name":"wp","href":"https:\/\/api.w.org\/{rel}","templated":true}]}}