{"id":62107,"date":"2015-09-21T09:26:11","date_gmt":"2015-09-21T12:26:11","guid":{"rendered":"http:\/\/www.eltrabajo.cl\/portal\/?p=62107"},"modified":"2015-09-21T09:26:11","modified_gmt":"2015-09-21T12:26:11","slug":"con-desfile-militar-homenajean-aniversario-patrio-y-glorias-del-ejercito","status":"publish","type":"post","link":"https:\/\/eltrabajo.cl\/portal\/con-desfile-militar-homenajean-aniversario-patrio-y-glorias-del-ejercito\/","title":{"rendered":"Con desfile militar homenajean aniversario patrio y Glorias del Ej\u00e9rcito"},"content":{"rendered":"<figure id=\"attachment_62108\" aria-describedby=\"caption-attachment-62108\" style=\"width: 300px\" class=\"wp-caption alignleft\"><a href=\"https:\/\/i0.wp.com\/www.eltrabajo.cl\/portal\/wp-content\/uploads\/2015\/09\/Desfile-Aniversario-Los-Andes-5.jpg\"><img data-recalc-dims=\"1\" loading=\"lazy\" decoding=\"async\" class=\"wp-image-62108 size-medium\" src=\"https:\/\/i0.wp.com\/www.eltrabajo.cl\/portal\/wp-content\/uploads\/2015\/09\/Desfile-Aniversario-Los-Andes-5-300x198.jpg?resize=300%2C198\" alt=\"El desfile se llev\u00f3 a cabo por los batallones que conforman el Regimiento Reforzado N\u00ba 3 Yungay.\" width=\"300\" height=\"198\" srcset=\"https:\/\/i0.wp.com\/eltrabajo.cl\/portal\/wp-content\/uploads\/2015\/09\/Desfile-Aniversario-Los-Andes-5.jpg?resize=300%2C198&amp;ssl=1 300w, https:\/\/i0.wp.com\/eltrabajo.cl\/portal\/wp-content\/uploads\/2015\/09\/Desfile-Aniversario-Los-Andes-5.jpg?resize=200%2C132&amp;ssl=1 200w, https:\/\/i0.wp.com\/eltrabajo.cl\/portal\/wp-content\/uploads\/2015\/09\/Desfile-Aniversario-Los-Andes-5.jpg?resize=227%2C150&amp;ssl=1 227w, https:\/\/i0.wp.com\/eltrabajo.cl\/portal\/wp-content\/uploads\/2015\/09\/Desfile-Aniversario-Los-Andes-5.jpg?resize=400%2C264&amp;ssl=1 400w, https:\/\/i0.wp.com\/eltrabajo.cl\/portal\/wp-content\/uploads\/2015\/09\/Desfile-Aniversario-Los-Andes-5.jpg?w=530&amp;ssl=1 530w\" sizes=\"auto, (max-width: 300px) 100vw, 300px\" \/><\/a><figcaption id=\"caption-attachment-62108\" class=\"wp-caption-text\">El desfile se llev\u00f3 a cabo por los batallones que conforman el Regimiento Reforzado N\u00ba 3 Yungay.<\/figcaption><\/figure>\n<ul>\n<li><strong>Gran cantidad de p\u00fablico asisti\u00f3 al evento realizado en pleno centro.<\/strong><\/li>\n<\/ul>\n<p><strong>LOS ANDES.<\/strong>&#8211; Con un desfile militar a cargo de los batallones que conforman el Regimiento Reforzado N\u00ba 3 Yungay, la ciudad de Los Andes conmemor\u00f3 los 205 a\u00f1os de la Independencia de Chile y las Glorias del Ej\u00e9rcito.<br \/>\nEl acto estuvo encabezado por la gobernadora provincial Mar\u00eda Victoria Rodr\u00edguez, el Comandante del Regimiento Yungay, Teniente Coronel Alejandro Kluck Valenzuela y el Director de la Escuela de Monta\u00f1a, Coronel Luis Rojas Edwards, adem\u00e1s de altas autoridades locales.<br \/>\nPrevio al desfile se llev\u00f3 a cabo un esquinazo a cargo de los conjuntos folcl\u00f3ricos Valle y Cordillera y de la Uni\u00f3n Comunal de Juntas de Vecinos.<\/p>\n<figure id=\"attachment_62109\" aria-describedby=\"caption-attachment-62109\" style=\"width: 300px\" class=\"wp-caption alignright\"><a href=\"https:\/\/i0.wp.com\/www.eltrabajo.cl\/portal\/wp-content\/uploads\/2015\/09\/Desfile-Aniversario-Los-Andes-1.jpg\"><img data-recalc-dims=\"1\" loading=\"lazy\" decoding=\"async\" class=\"wp-image-62109 size-medium\" src=\"https:\/\/i0.wp.com\/www.eltrabajo.cl\/portal\/wp-content\/uploads\/2015\/09\/Desfile-Aniversario-Los-Andes-1-300x198.jpg?resize=300%2C198\" alt=\"En el desfile recibieron la condecoraci\u00f3n \u2018Medalla 18 de septiembre\u2019 los conscriptos en los que destaca el esp\u00edritu militar, disciplina, compa\u00f1erismo y lealtad.\" width=\"300\" height=\"198\" srcset=\"https:\/\/i0.wp.com\/eltrabajo.cl\/portal\/wp-content\/uploads\/2015\/09\/Desfile-Aniversario-Los-Andes-1.jpg?resize=300%2C198&amp;ssl=1 300w, https:\/\/i0.wp.com\/eltrabajo.cl\/portal\/wp-content\/uploads\/2015\/09\/Desfile-Aniversario-Los-Andes-1.jpg?resize=200%2C132&amp;ssl=1 200w, https:\/\/i0.wp.com\/eltrabajo.cl\/portal\/wp-content\/uploads\/2015\/09\/Desfile-Aniversario-Los-Andes-1.jpg?resize=227%2C150&amp;ssl=1 227w, https:\/\/i0.wp.com\/eltrabajo.cl\/portal\/wp-content\/uploads\/2015\/09\/Desfile-Aniversario-Los-Andes-1.jpg?resize=400%2C264&amp;ssl=1 400w, https:\/\/i0.wp.com\/eltrabajo.cl\/portal\/wp-content\/uploads\/2015\/09\/Desfile-Aniversario-Los-Andes-1.jpg?w=530&amp;ssl=1 530w\" sizes=\"auto, (max-width: 300px) 100vw, 300px\" \/><\/a><figcaption id=\"caption-attachment-62109\" class=\"wp-caption-text\">En el desfile recibieron la condecoraci\u00f3n \u2018Medalla 18 de septiembre\u2019 los conscriptos en los que destaca el esp\u00edritu militar, disciplina, compa\u00f1erismo y lealtad.<\/figcaption><\/figure>\n<p>En la ocasi\u00f3n, el Comandante Kluck resalt\u00f3 la importancia del Ej\u00e9rcito en la independencia de la patria y que no solamente est\u00e1 dada en los campos de batalla, sino tambi\u00e9n en el apoyo en las cat\u00e1strofes naturales que ha vivido el pa\u00eds<br \/>\n\u201cEl Ej\u00e9rcito, enlazado en la Patria desde sus or\u00edgenes, ha sido el celoso guardi\u00e1n de la libertad conquistada con el sacrificio de quienes se levantaron contra el dominio espa\u00f1ol a comienzos del Siglo 19. Desde entonces la historia de Chile se ha ido escribiendo junto a la de su Ej\u00e9rcito\u201d, agreg\u00f3.<br \/>\nEn la oportunidad recibieron la condecoraci\u00f3n \u2018Medalla 18 de septiembre\u2019 que premia el esp\u00edritu militar, disciplina, compa\u00f1erismo y lealtad los soldados conscriptos, para Cristi\u00e1n Andr\u00e9s Cofr\u00e9 \u00c1lvarez y Eduardo Andr\u00e9s Rojas Mellado.<br \/>\nPor su parte, la Gobernadora Rodr\u00edguez sostuvo que para la provincia es muy importante conciliar los intereses civiles y militares, \u201cporque tenemos muchos puntos de encuentro, como el servicio p\u00fablico, la b\u00fasqueda del bienestar, proteger la seguridad, la paz, prevenir situaciones de riesgo y celebrar las Glorias del Ej\u00e9rcito que nos dieron la Independencia de ser un pa\u00eds libre y soberano, lo que es invaluable\u201d.<br \/>\n\u201cEn este momento dif\u00edcil que afect\u00f3 a nuestro pa\u00eds despu\u00e9s del terremoto es necesario mantener a\u00fan m\u00e1s unidas nuestras relaciones y trabajar en conjunto con la ciudadan\u00eda, con los vecinos de Los Andes para construir ese Chile m\u00e1s justo y solidario, porque aunque estamos celebrando nuestras Fiestas Patrias no podemos olvidar a nuestros hermanos del norte y ya estaremos organizando alguna actividad\u201d, expres\u00f3.<\/p>\n","protected":false},"excerpt":{"rendered":"<p>Gran cantidad de p\u00fablico asisti\u00f3 al evento realizado en pleno centro. LOS ANDES.&#8211; Con un desfile militar a cargo de los batallones que conforman el Regimiento Reforzado N\u00ba 3 Yungay, la ciudad&#8230;<\/p>\n","protected":false},"author":482,"featured_media":62108,"comment_status":"open","ping_status":"open","sticky":false,"template":"","format":"standard","meta":{"advanced_seo_description":"","jetpack_seo_html_title":"","jetpack_seo_noindex":false,"_jetpack_memberships_contains_paid_content":false,"footnotes":""},"categories":[15],"tags":[],"class_list":["post-62107","post","type-post","status-publish","format-standard","has-post-thumbnail","hentry","category-comunidad"],"jetpack_featured_media_url":"https:\/\/i0.wp.com\/eltrabajo.cl\/portal\/wp-content\/uploads\/2015\/09\/Desfile-Aniversario-Los-Andes-5.jpg?fit=530%2C350&ssl=1","jetpack_sharing_enabled":true,"jetpack_likes_enabled":true,"jetpack-related-posts":[],"_links":{"self":[{"href":"https:\/\/eltrabajo.cl\/portal\/wp-json\/wp\/v2\/posts\/62107","targetHints":{"allow":["GET"]}}],"collection":[{"href":"https:\/\/eltrabajo.cl\/portal\/wp-json\/wp\/v2\/posts"}],"about":[{"href":"https:\/\/eltrabajo.cl\/portal\/wp-json\/wp\/v2\/types\/post"}],"author":[{"embeddable":true,"href":"https:\/\/eltrabajo.cl\/portal\/wp-json\/wp\/v2\/users\/482"}],"replies":[{"embeddable":true,"href":"https:\/\/eltrabajo.cl\/portal\/wp-json\/wp\/v2\/comments?post=62107"}],"version-history":[{"count":0,"href":"https:\/\/eltrabajo.cl\/portal\/wp-json\/wp\/v2\/posts\/62107\/revisions"}],"wp:featuredmedia":[{"embeddable":true,"href":"https:\/\/eltrabajo.cl\/portal\/wp-json\/wp\/v2\/media\/62108"}],"wp:attachment":[{"href":"https:\/\/eltrabajo.cl\/portal\/wp-json\/wp\/v2\/media?parent=62107"}],"wp:term":[{"taxonomy":"category","embeddable":true,"href":"https:\/\/eltrabajo.cl\/portal\/wp-json\/wp\/v2\/categories?post=62107"},{"taxonomy":"post_tag","embeddable":true,"href":"https:\/\/eltrabajo.cl\/portal\/wp-json\/wp\/v2\/tags?post=62107"}],"curies":[{"name":"wp","href":"https:\/\/api.w.org\/{rel}","templated":true}]}}