{"id":62114,"date":"2015-09-21T09:35:29","date_gmt":"2015-09-21T12:35:29","guid":{"rendered":"http:\/\/www.eltrabajo.cl\/portal\/?p=62114"},"modified":"2015-09-21T09:35:29","modified_gmt":"2015-09-21T12:35:29","slug":"te-deum-y-esquinazo-celebrado-en-estas-fiestas-patrias","status":"publish","type":"post","link":"https:\/\/eltrabajo.cl\/portal\/te-deum-y-esquinazo-celebrado-en-estas-fiestas-patrias\/","title":{"rendered":"Te Deum y esquinazo celebrado en estas Fiestas Patrias"},"content":{"rendered":"<figure id=\"attachment_62118\" aria-describedby=\"caption-attachment-62118\" style=\"width: 300px\" class=\"wp-caption alignleft\"><a href=\"https:\/\/i0.wp.com\/www.eltrabajo.cl\/portal\/wp-content\/uploads\/2015\/09\/Deum4.jpg\"><img data-recalc-dims=\"1\" loading=\"lazy\" decoding=\"async\" class=\"wp-image-62118 size-medium\" src=\"https:\/\/i0.wp.com\/www.eltrabajo.cl\/portal\/wp-content\/uploads\/2015\/09\/Deum4-300x198.jpg?resize=300%2C198\" alt=\"GRAN ESQUINAZO.- La cueca no pudo faltar en el esquinazo ofrecido a las autoridades para celebrar tambi\u00e9n las glorias de nuestra patria y de su Ej\u00e9rcito.\" width=\"300\" height=\"198\" srcset=\"https:\/\/i0.wp.com\/eltrabajo.cl\/portal\/wp-content\/uploads\/2015\/09\/Deum4.jpg?resize=300%2C198&amp;ssl=1 300w, https:\/\/i0.wp.com\/eltrabajo.cl\/portal\/wp-content\/uploads\/2015\/09\/Deum4.jpg?resize=200%2C132&amp;ssl=1 200w, https:\/\/i0.wp.com\/eltrabajo.cl\/portal\/wp-content\/uploads\/2015\/09\/Deum4.jpg?resize=227%2C150&amp;ssl=1 227w, https:\/\/i0.wp.com\/eltrabajo.cl\/portal\/wp-content\/uploads\/2015\/09\/Deum4.jpg?resize=400%2C264&amp;ssl=1 400w, https:\/\/i0.wp.com\/eltrabajo.cl\/portal\/wp-content\/uploads\/2015\/09\/Deum4.jpg?w=530&amp;ssl=1 530w\" sizes=\"auto, (max-width: 300px) 100vw, 300px\" \/><\/a><figcaption id=\"caption-attachment-62118\" class=\"wp-caption-text\">GRAN ESQUINAZO.- La cueca no pudo faltar en el esquinazo ofrecido a las autoridades para celebrar tambi\u00e9n las glorias de nuestra patria y de su Ej\u00e9rcito.<\/figcaption><\/figure>\n<p>Este 18 de septiembre se celebr\u00f3 un nuevo Te Deum por el aniversario de nuestra patria en las Catedral de San Felipe, evento que cont\u00f3 con la presencia de los gobernadores Eduardo Le\u00f3n Lazcano Mar\u00eda Victoria Rodr\u00edguez, adem\u00e1s de los alcaldes Patricio Freire de San Felipe; Pedro Caballer\u00eda D\u00edaz de Rinconada y Claudio Zurita de Santa Mar\u00eda, as\u00ed como autoridades regionales y un destacamento del Regimiento Reforzado N\u00b03 Yungay con asiento en la ciudad de Los Andes, autoridades de Carabineros, concejales y representantes de las distintas agrupaciones sociales de la comuna.<br \/>\nEl Obispo Cristian Contreras solicit\u00f3 un minuto de silencio por las v\u00edctimas del terremoto ocurrido en nuestro pa\u00eds el d\u00eda 16 de septiembre. Al comenzar su homil\u00eda expres\u00f3 \u00abChile, nuestra patria querida, mira hacia el cielo para dar gracias a Dios. Es el sentir de un pueblo libre y soberano que se enorgullece de sus nobles tradiciones. Es la familia chilena la que vibra en todos los rincones de esta tierra al son del himno nacional mientras mira la blanca cordillera que se prolonga en ese cielo azul que nos invita a so\u00f1ar con la eternidad\u00bb.<\/p>\n<p><strong>SOBRE LOS PRESOS<\/strong><br \/>\nContreras tambi\u00e9n tuvo palabras sobre los privados de libertad de las c\u00e1rceles de Aconcagua, \u00abnos duele el hacinamiento en que viven los presos, hacinamiento indigno que imposibilita su rehabilitaci\u00f3n. Junto con esta queja, comparto con Uds. la com\u00fan preocupaci\u00f3n por la delincuencia que por estos d\u00edas se hace sentir con una inusitada violencia y estrategias o m\u00e9todos cada d\u00eda m\u00e1s sofisticados\u00bb.<\/p>\n<p><strong>SOBRE LA VIDA<\/strong><br \/>\nTambi\u00e9n Monse\u00f1or habl\u00f3 sobre la vida, \u00abun ni\u00f1o que presenta problemas en su gestaci\u00f3n, adem\u00e1s de las maravillas que hoy d\u00eda hace la medicina, es una persona \u00fanica que trae una misi\u00f3n particular al mundo. La supresi\u00f3n de un ni\u00f1o considerado \u2018no deseado\u2019, \u00bfse puede hablar sinceramente de \u2018no deseado\u2019?, es una injusticia e implica un trauma que puede marcar de por vida a una mam\u00e1 que, desgraciadamente aborta, muchas veces presionada por terceros. Por eso lejos de condenarla, queremos ayudarla y apoyarla como lo hacen los programas de la Iglesia con las madres adolescentes o con las fundaciones que apoyan legalmente la adopci\u00f3n de los ni\u00f1os as\u00ed nacidos\u00bb.<br \/>\nLuego de esta ponencia religiosa, se desarroll\u00f3 un esquinazo frente a la Plaza de Armas como parte del mismo programa de Fiesta Patrias.<br \/>\n<strong>Roberto Gonz\u00e1lez Short<\/strong><br \/>\n<strong>Rgonzalez@eltrabajo.cl<\/strong><\/p>\n<div class=\"tiled-gallery type-rectangular tiled-gallery-unresized\" data-original-width=\"640\" data-carousel-extra='null' itemscope itemtype=\"http:\/\/schema.org\/ImageGallery\" > <div class=\"gallery-row\" style=\"width: 640px; height: 283px;\" data-original-width=\"640\" data-original-height=\"283\" > <div class=\"gallery-group images-1\" style=\"width: 428px; height: 283px;\" data-original-width=\"428\" data-original-height=\"283\" > <div class=\"tiled-gallery-item tiled-gallery-item-large\" itemprop=\"associatedMedia\" itemscope itemtype=\"http:\/\/schema.org\/ImageObject\"> <a href=\"https:\/\/eltrabajo.cl\/portal\/te-deum-y-esquinazo-celebrado-en-estas-fiestas-patrias\/deum1\/\" border=\"0\" itemprop=\"url\"> <meta itemprop=\"width\" content=\"424\"> <meta itemprop=\"height\" content=\"279\"> <img decoding=\"async\" class=\"\" data-attachment-id=\"62116\" data-orig-file=\"https:\/\/eltrabajo.cl\/portal\/wp-content\/uploads\/2015\/09\/Deum1.jpg\" data-orig-size=\"530,349\" data-comments-opened=\"1\" data-image-meta=\"{&quot;aperture&quot;:&quot;0&quot;,&quot;credit&quot;:&quot;&quot;,&quot;camera&quot;:&quot;&quot;,&quot;caption&quot;:&quot;&quot;,&quot;created_timestamp&quot;:&quot;0&quot;,&quot;copyright&quot;:&quot;&quot;,&quot;focal_length&quot;:&quot;0&quot;,&quot;iso&quot;:&quot;0&quot;,&quot;shutter_speed&quot;:&quot;0&quot;,&quot;title&quot;:&quot;&quot;,&quot;orientation&quot;:&quot;0&quot;}\" data-image-title=\"Deum1\" data-image-description=\"&lt;p&gt;LAS AUTORIDADES.- Al Te Deum asistieron los gobernadores Eduardo Le\u00f3n Lazcano Mar\u00eda Victoria Rodr\u00edguez, adem\u00e1s de los alcaldes Patricio Freire de San Felipe; Pedro Caballer\u00eda D\u00edaz de Rinconada y Claudio Zurita de Santa Mar\u00eda entre otros.&lt;\/p&gt; \" data-medium-file=\"https:\/\/i0.wp.com\/eltrabajo.cl\/portal\/wp-content\/uploads\/2015\/09\/Deum1.jpg?fit=300%2C198&#038;ssl=1\" data-large-file=\"https:\/\/i0.wp.com\/eltrabajo.cl\/portal\/wp-content\/uploads\/2015\/09\/Deum1.jpg?fit=530%2C349&#038;ssl=1\" src=\"https:\/\/i0.wp.com\/eltrabajo.cl\/portal\/wp-content\/uploads\/2015\/09\/Deum1.jpg?w=424&#038;h=279&#038;ssl=1\" srcset=\"https:\/\/i0.wp.com\/eltrabajo.cl\/portal\/wp-content\/uploads\/2015\/09\/Deum1.jpg?w=530&amp;ssl=1 530w, https:\/\/i0.wp.com\/eltrabajo.cl\/portal\/wp-content\/uploads\/2015\/09\/Deum1.jpg?resize=200%2C132&amp;ssl=1 200w, https:\/\/i0.wp.com\/eltrabajo.cl\/portal\/wp-content\/uploads\/2015\/09\/Deum1.jpg?resize=300%2C198&amp;ssl=1 300w, https:\/\/i0.wp.com\/eltrabajo.cl\/portal\/wp-content\/uploads\/2015\/09\/Deum1.jpg?resize=228%2C150&amp;ssl=1 228w, https:\/\/i0.wp.com\/eltrabajo.cl\/portal\/wp-content\/uploads\/2015\/09\/Deum1.jpg?resize=400%2C263&amp;ssl=1 400w\" width=\"424\" height=\"279\" loading=\"lazy\" data-original-width=\"424\" data-original-height=\"279\" itemprop=\"http:\/\/schema.org\/image\" title=\"Deum1\" alt=\"LAS AUTORIDADES.- Al Te Deum asistieron los gobernadores Eduardo Le\u00f3n Lazcano Mar\u00eda Victoria Rodr\u00edguez, adem\u00e1s de los alcaldes Patricio Freire de San Felipe; Pedro Caballer\u00eda D\u00edaz de Rinconada y Claudio Zurita de Santa Mar\u00eda entre otros.\" style=\"width: 424px; height: 279px;\" \/> <\/a> <div class=\"tiled-gallery-caption\" itemprop=\"caption description\"> LAS AUTORIDADES.- Al Te Deum asistieron los gobernadores Eduardo Le\u00f3n Lazcano Mar\u00eda Victoria Rodr\u00edguez, adem\u00e1s de los alcaldes Patricio Freire de San Felipe; Pedro Caballer\u00eda D\u00edaz de Rinconada y Claudio Zurita de Santa Mar\u00eda entre otros. <\/div> <\/div> <\/div> <!-- close group --> <div class=\"gallery-group images-2\" style=\"width: 212px; height: 283px;\" data-original-width=\"212\" data-original-height=\"283\" > <div class=\"tiled-gallery-item tiled-gallery-item-small\" itemprop=\"associatedMedia\" itemscope itemtype=\"http:\/\/schema.org\/ImageObject\"> <a href=\"https:\/\/eltrabajo.cl\/portal\/te-deum-y-esquinazo-celebrado-en-estas-fiestas-patrias\/deum3\/\" border=\"0\" itemprop=\"url\"> <meta itemprop=\"width\" content=\"208\"> <meta itemprop=\"height\" content=\"138\"> <img decoding=\"async\" class=\"\" data-attachment-id=\"62117\" data-orig-file=\"https:\/\/eltrabajo.cl\/portal\/wp-content\/uploads\/2015\/09\/Deum3.jpg\" data-orig-size=\"530,350\" data-comments-opened=\"1\" data-image-meta=\"{&quot;aperture&quot;:&quot;0&quot;,&quot;credit&quot;:&quot;&quot;,&quot;camera&quot;:&quot;&quot;,&quot;caption&quot;:&quot;&quot;,&quot;created_timestamp&quot;:&quot;0&quot;,&quot;copyright&quot;:&quot;&quot;,&quot;focal_length&quot;:&quot;0&quot;,&quot;iso&quot;:&quot;0&quot;,&quot;shutter_speed&quot;:&quot;0&quot;,&quot;title&quot;:&quot;&quot;,&quot;orientation&quot;:&quot;0&quot;}\" data-image-title=\"Deum3\" data-image-description=\"&lt;p&gt;CORO OFICIAL.- El coro oficial para esta actividad hizo de las suyas, talento y potencia en cada una de sus participaciones.&lt;\/p&gt; \" data-medium-file=\"https:\/\/i0.wp.com\/eltrabajo.cl\/portal\/wp-content\/uploads\/2015\/09\/Deum3.jpg?fit=300%2C198&#038;ssl=1\" data-large-file=\"https:\/\/i0.wp.com\/eltrabajo.cl\/portal\/wp-content\/uploads\/2015\/09\/Deum3.jpg?fit=530%2C350&#038;ssl=1\" src=\"https:\/\/i0.wp.com\/eltrabajo.cl\/portal\/wp-content\/uploads\/2015\/09\/Deum3.jpg?w=208&#038;h=138&#038;ssl=1\" srcset=\"https:\/\/i0.wp.com\/eltrabajo.cl\/portal\/wp-content\/uploads\/2015\/09\/Deum3.jpg?w=530&amp;ssl=1 530w, https:\/\/i0.wp.com\/eltrabajo.cl\/portal\/wp-content\/uploads\/2015\/09\/Deum3.jpg?resize=200%2C132&amp;ssl=1 200w, https:\/\/i0.wp.com\/eltrabajo.cl\/portal\/wp-content\/uploads\/2015\/09\/Deum3.jpg?resize=300%2C198&amp;ssl=1 300w, https:\/\/i0.wp.com\/eltrabajo.cl\/portal\/wp-content\/uploads\/2015\/09\/Deum3.jpg?resize=227%2C150&amp;ssl=1 227w, https:\/\/i0.wp.com\/eltrabajo.cl\/portal\/wp-content\/uploads\/2015\/09\/Deum3.jpg?resize=400%2C264&amp;ssl=1 400w\" width=\"208\" height=\"138\" loading=\"lazy\" data-original-width=\"208\" data-original-height=\"138\" itemprop=\"http:\/\/schema.org\/image\" title=\"Deum3\" alt=\"CORO OFICIAL.- El coro oficial para esta actividad hizo de las suyas, talento y potencia en cada una de sus participaciones.\" style=\"width: 208px; height: 138px;\" \/> <\/a> <div class=\"tiled-gallery-caption\" itemprop=\"caption description\"> CORO OFICIAL.- El coro oficial para esta actividad hizo de las suyas, talento y potencia en cada una de sus participaciones. <\/div> <\/div> <div class=\"tiled-gallery-item tiled-gallery-item-small\" itemprop=\"associatedMedia\" itemscope itemtype=\"http:\/\/schema.org\/ImageObject\"> <a href=\"https:\/\/eltrabajo.cl\/portal\/te-deum-y-esquinazo-celebrado-en-estas-fiestas-patrias\/deum5\/\" border=\"0\" itemprop=\"url\"> <meta itemprop=\"width\" content=\"208\"> <meta itemprop=\"height\" content=\"137\"> <img decoding=\"async\" class=\"\" data-attachment-id=\"62119\" data-orig-file=\"https:\/\/eltrabajo.cl\/portal\/wp-content\/uploads\/2015\/09\/Deum5.jpg\" data-orig-size=\"530,350\" data-comments-opened=\"1\" data-image-meta=\"{&quot;aperture&quot;:&quot;0&quot;,&quot;credit&quot;:&quot;&quot;,&quot;camera&quot;:&quot;&quot;,&quot;caption&quot;:&quot;&quot;,&quot;created_timestamp&quot;:&quot;0&quot;,&quot;copyright&quot;:&quot;&quot;,&quot;focal_length&quot;:&quot;0&quot;,&quot;iso&quot;:&quot;0&quot;,&quot;shutter_speed&quot;:&quot;0&quot;,&quot;title&quot;:&quot;&quot;,&quot;orientation&quot;:&quot;0&quot;}\" data-image-title=\"Deum5\" data-image-description=\"&lt;p&gt;LA JUVENTUDO IMPONE.- Este destacamento del Regimiento Reforzado N\u00b03 Yungay con asiento en la ciudad de Los Andes, hizo gala de su juventud y presencia esc\u00e9nica en esta actividad.&lt;\/p&gt; \" data-medium-file=\"https:\/\/i0.wp.com\/eltrabajo.cl\/portal\/wp-content\/uploads\/2015\/09\/Deum5.jpg?fit=300%2C198&#038;ssl=1\" data-large-file=\"https:\/\/i0.wp.com\/eltrabajo.cl\/portal\/wp-content\/uploads\/2015\/09\/Deum5.jpg?fit=530%2C350&#038;ssl=1\" src=\"https:\/\/i0.wp.com\/eltrabajo.cl\/portal\/wp-content\/uploads\/2015\/09\/Deum5.jpg?w=208&#038;h=137&#038;ssl=1\" srcset=\"https:\/\/i0.wp.com\/eltrabajo.cl\/portal\/wp-content\/uploads\/2015\/09\/Deum5.jpg?w=530&amp;ssl=1 530w, https:\/\/i0.wp.com\/eltrabajo.cl\/portal\/wp-content\/uploads\/2015\/09\/Deum5.jpg?resize=200%2C132&amp;ssl=1 200w, https:\/\/i0.wp.com\/eltrabajo.cl\/portal\/wp-content\/uploads\/2015\/09\/Deum5.jpg?resize=300%2C198&amp;ssl=1 300w, https:\/\/i0.wp.com\/eltrabajo.cl\/portal\/wp-content\/uploads\/2015\/09\/Deum5.jpg?resize=227%2C150&amp;ssl=1 227w, https:\/\/i0.wp.com\/eltrabajo.cl\/portal\/wp-content\/uploads\/2015\/09\/Deum5.jpg?resize=400%2C264&amp;ssl=1 400w\" width=\"208\" height=\"137\" loading=\"lazy\" data-original-width=\"208\" data-original-height=\"137\" itemprop=\"http:\/\/schema.org\/image\" title=\"Deum5\" alt=\"LA JUVENTUDO IMPONE.- Este destacamento del Regimiento Reforzado N\u00b03 Yungay con asiento en la ciudad de Los Andes, hizo gala de su juventud y presencia esc\u00e9nica en esta actividad.\" style=\"width: 208px; height: 137px;\" \/> <\/a> <div class=\"tiled-gallery-caption\" itemprop=\"caption description\"> LA JUVENTUDO IMPONE.- Este destacamento del Regimiento Reforzado N\u00b03 Yungay con asiento en la ciudad de Los Andes, hizo gala de su juventud y presencia esc\u00e9nica en esta actividad. <\/div> <\/div> <\/div> <!-- close group --> <\/div> <!-- close row --> <div class=\"gallery-row\" style=\"width: 640px; height: 426px;\" data-original-width=\"640\" data-original-height=\"426\" > <div class=\"gallery-group images-1\" style=\"width: 640px; height: 426px;\" data-original-width=\"640\" data-original-height=\"426\" > <div class=\"tiled-gallery-item tiled-gallery-item-large\" itemprop=\"associatedMedia\" itemscope itemtype=\"http:\/\/schema.org\/ImageObject\"> <a href=\"https:\/\/eltrabajo.cl\/portal\/te-deum-y-esquinazo-celebrado-en-estas-fiestas-patrias\/deum2\/\" border=\"0\" itemprop=\"url\"> <meta itemprop=\"width\" content=\"636\"> <meta itemprop=\"height\" content=\"422\"> <img decoding=\"async\" class=\"\" data-attachment-id=\"62115\" data-orig-file=\"https:\/\/eltrabajo.cl\/portal\/wp-content\/uploads\/2015\/09\/Deum2.jpg\" data-orig-size=\"528,350\" data-comments-opened=\"1\" data-image-meta=\"{&quot;aperture&quot;:&quot;0&quot;,&quot;credit&quot;:&quot;&quot;,&quot;camera&quot;:&quot;&quot;,&quot;caption&quot;:&quot;&quot;,&quot;created_timestamp&quot;:&quot;0&quot;,&quot;copyright&quot;:&quot;&quot;,&quot;focal_length&quot;:&quot;0&quot;,&quot;iso&quot;:&quot;0&quot;,&quot;shutter_speed&quot;:&quot;0&quot;,&quot;title&quot;:&quot;&quot;,&quot;orientation&quot;:&quot;0&quot;}\" data-image-title=\"Deum2\" data-image-description=\"&lt;p&gt;MUTUO RESPETO.- Monse\u00f1or Cristian Contreras salud\u00f3 una a una, a cada una de las autoridades presentes al cierre de su trabajo lit\u00fargico.&lt;\/p&gt; \" data-medium-file=\"https:\/\/i0.wp.com\/eltrabajo.cl\/portal\/wp-content\/uploads\/2015\/09\/Deum2.jpg?fit=300%2C199&#038;ssl=1\" data-large-file=\"https:\/\/i0.wp.com\/eltrabajo.cl\/portal\/wp-content\/uploads\/2015\/09\/Deum2.jpg?fit=528%2C350&#038;ssl=1\" src=\"https:\/\/i0.wp.com\/eltrabajo.cl\/portal\/wp-content\/uploads\/2015\/09\/Deum2.jpg?w=636&#038;h=422&#038;ssl=1\" srcset=\"https:\/\/i0.wp.com\/eltrabajo.cl\/portal\/wp-content\/uploads\/2015\/09\/Deum2.jpg?w=528&amp;ssl=1 528w, https:\/\/i0.wp.com\/eltrabajo.cl\/portal\/wp-content\/uploads\/2015\/09\/Deum2.jpg?resize=200%2C133&amp;ssl=1 200w, https:\/\/i0.wp.com\/eltrabajo.cl\/portal\/wp-content\/uploads\/2015\/09\/Deum2.jpg?resize=300%2C199&amp;ssl=1 300w, https:\/\/i0.wp.com\/eltrabajo.cl\/portal\/wp-content\/uploads\/2015\/09\/Deum2.jpg?resize=226%2C150&amp;ssl=1 226w, https:\/\/i0.wp.com\/eltrabajo.cl\/portal\/wp-content\/uploads\/2015\/09\/Deum2.jpg?resize=400%2C265&amp;ssl=1 400w\" width=\"636\" height=\"422\" loading=\"lazy\" data-original-width=\"636\" data-original-height=\"422\" itemprop=\"http:\/\/schema.org\/image\" title=\"Deum2\" alt=\"MUTUO RESPETO.- Monse\u00f1or Cristian Contreras salud\u00f3 una a una, a cada una de las autoridades presentes al cierre de su trabajo lit\u00fargico.\" style=\"width: 636px; height: 422px;\" \/> <\/a> <div class=\"tiled-gallery-caption\" itemprop=\"caption description\"> MUTUO RESPETO.- Monse\u00f1or Cristian Contreras salud\u00f3 una a una, a cada una de las autoridades presentes al cierre de su trabajo lit\u00fargico. <\/div> <\/div> <\/div> <!-- close group --> <\/div> <!-- close row --> <\/div>\n","protected":false},"excerpt":{"rendered":"<p>Este 18 de septiembre se celebr\u00f3 un nuevo Te Deum por el aniversario de nuestra patria en las Catedral de San Felipe, evento que cont\u00f3 con la presencia de los gobernadores Eduardo&#8230;<\/p>\n","protected":false},"author":482,"featured_media":62118,"comment_status":"open","ping_status":"open","sticky":false,"template":"","format":"standard","meta":{"advanced_seo_description":"","jetpack_seo_html_title":"","jetpack_seo_noindex":false,"_jetpack_memberships_contains_paid_content":false,"footnotes":""},"categories":[15],"tags":[],"class_list":["post-62114","post","type-post","status-publish","format-standard","has-post-thumbnail","hentry","category-comunidad"],"jetpack_featured_media_url":"https:\/\/i0.wp.com\/eltrabajo.cl\/portal\/wp-content\/uploads\/2015\/09\/Deum4.jpg?fit=530%2C350&ssl=1","jetpack_sharing_enabled":true,"jetpack_likes_enabled":true,"jetpack-related-posts":[],"_links":{"self":[{"href":"https:\/\/eltrabajo.cl\/portal\/wp-json\/wp\/v2\/posts\/62114","targetHints":{"allow":["GET"]}}],"collection":[{"href":"https:\/\/eltrabajo.cl\/portal\/wp-json\/wp\/v2\/posts"}],"about":[{"href":"https:\/\/eltrabajo.cl\/portal\/wp-json\/wp\/v2\/types\/post"}],"author":[{"embeddable":true,"href":"https:\/\/eltrabajo.cl\/portal\/wp-json\/wp\/v2\/users\/482"}],"replies":[{"embeddable":true,"href":"https:\/\/eltrabajo.cl\/portal\/wp-json\/wp\/v2\/comments?post=62114"}],"version-history":[{"count":0,"href":"https:\/\/eltrabajo.cl\/portal\/wp-json\/wp\/v2\/posts\/62114\/revisions"}],"wp:featuredmedia":[{"embeddable":true,"href":"https:\/\/eltrabajo.cl\/portal\/wp-json\/wp\/v2\/media\/62118"}],"wp:attachment":[{"href":"https:\/\/eltrabajo.cl\/portal\/wp-json\/wp\/v2\/media?parent=62114"}],"wp:term":[{"taxonomy":"category","embeddable":true,"href":"https:\/\/eltrabajo.cl\/portal\/wp-json\/wp\/v2\/categories?post=62114"},{"taxonomy":"post_tag","embeddable":true,"href":"https:\/\/eltrabajo.cl\/portal\/wp-json\/wp\/v2\/tags?post=62114"}],"curies":[{"name":"wp","href":"https:\/\/api.w.org\/{rel}","templated":true}]}}