{"id":62122,"date":"2015-09-21T09:38:20","date_gmt":"2015-09-21T12:38:20","guid":{"rendered":"http:\/\/www.eltrabajo.cl\/portal\/?p=62122"},"modified":"2015-09-21T09:38:20","modified_gmt":"2015-09-21T12:38:20","slug":"tras-terremoto-resulta-danada-iglesia-de-santa-filomena-en-santa-maria","status":"publish","type":"post","link":"https:\/\/eltrabajo.cl\/portal\/tras-terremoto-resulta-danada-iglesia-de-santa-filomena-en-santa-maria\/","title":{"rendered":"Tras terremoto resulta da\u00f1ada Iglesia de Santa Filomena en Santa Mar\u00eda"},"content":{"rendered":"<figure id=\"attachment_62123\" aria-describedby=\"caption-attachment-62123\" style=\"width: 300px\" class=\"wp-caption alignleft\"><a href=\"https:\/\/i0.wp.com\/www.eltrabajo.cl\/portal\/wp-content\/uploads\/2015\/09\/Iglesia-Santa-Filomena-1.jpg\"><img data-recalc-dims=\"1\" loading=\"lazy\" decoding=\"async\" class=\"wp-image-62123 size-medium\" src=\"https:\/\/i0.wp.com\/www.eltrabajo.cl\/portal\/wp-content\/uploads\/2015\/09\/Iglesia-Santa-Filomena-1-300x198.jpg?resize=300%2C198\" alt=\"El Director de Obras del municipio realiz\u00f3 una inspecci\u00f3n estableciendo que los da\u00f1os al templo podr\u00edan haber sido superficiales, pero de igual forma cerraron el frontis para evitar accidentes.\" width=\"300\" height=\"198\" srcset=\"https:\/\/i0.wp.com\/eltrabajo.cl\/portal\/wp-content\/uploads\/2015\/09\/Iglesia-Santa-Filomena-1.jpg?resize=300%2C198&amp;ssl=1 300w, https:\/\/i0.wp.com\/eltrabajo.cl\/portal\/wp-content\/uploads\/2015\/09\/Iglesia-Santa-Filomena-1.jpg?resize=200%2C132&amp;ssl=1 200w, https:\/\/i0.wp.com\/eltrabajo.cl\/portal\/wp-content\/uploads\/2015\/09\/Iglesia-Santa-Filomena-1.jpg?resize=227%2C150&amp;ssl=1 227w, https:\/\/i0.wp.com\/eltrabajo.cl\/portal\/wp-content\/uploads\/2015\/09\/Iglesia-Santa-Filomena-1.jpg?resize=400%2C264&amp;ssl=1 400w, https:\/\/i0.wp.com\/eltrabajo.cl\/portal\/wp-content\/uploads\/2015\/09\/Iglesia-Santa-Filomena-1.jpg?w=530&amp;ssl=1 530w\" sizes=\"auto, (max-width: 300px) 100vw, 300px\" \/><\/a><figcaption id=\"caption-attachment-62123\" class=\"wp-caption-text\">El Director de Obras del municipio realiz\u00f3 una inspecci\u00f3n estableciendo que los da\u00f1os al templo podr\u00edan haber sido superficiales, pero de igual forma cerraron el frontis para evitar accidentes.<\/figcaption><\/figure>\n<p><strong>SANTA MAR\u00cdA<\/strong>.- Despu\u00e9s del movimiento s\u00edsmico del d\u00eda 16 de septiembre, al clarear el d\u00eda, se pudo ver los da\u00f1os sufridos por esta hermosa iglesia que fue restaurada hace un a\u00f1o con un costo de sobre 1.200 millones de pesos. Tras una inspecci\u00f3n por parte del Director de Obras y sus asesores de la Municipalidad de Santa Mar\u00eda, se pudo constatar que al parecer los da\u00f1os eran superficiales y de estuco.<\/p>\n<figure id=\"attachment_62124\" aria-describedby=\"caption-attachment-62124\" style=\"width: 300px\" class=\"wp-caption alignright\"><a href=\"https:\/\/i0.wp.com\/www.eltrabajo.cl\/portal\/wp-content\/uploads\/2015\/09\/Iglesia-Santa-Filomena-2.jpg\"><img data-recalc-dims=\"1\" loading=\"lazy\" decoding=\"async\" class=\"wp-image-62124 size-medium\" src=\"https:\/\/i0.wp.com\/www.eltrabajo.cl\/portal\/wp-content\/uploads\/2015\/09\/Iglesia-Santa-Filomena-2-300x198.jpg?resize=300%2C198\" alt=\"Como es un monumento Nacional, ser\u00e1 el Ministerio de Obras P\u00fablicas quien determine la gravedad de los da\u00f1os.\" width=\"300\" height=\"198\" srcset=\"https:\/\/i0.wp.com\/eltrabajo.cl\/portal\/wp-content\/uploads\/2015\/09\/Iglesia-Santa-Filomena-2.jpg?resize=300%2C198&amp;ssl=1 300w, https:\/\/i0.wp.com\/eltrabajo.cl\/portal\/wp-content\/uploads\/2015\/09\/Iglesia-Santa-Filomena-2.jpg?resize=200%2C132&amp;ssl=1 200w, https:\/\/i0.wp.com\/eltrabajo.cl\/portal\/wp-content\/uploads\/2015\/09\/Iglesia-Santa-Filomena-2.jpg?resize=227%2C150&amp;ssl=1 227w, https:\/\/i0.wp.com\/eltrabajo.cl\/portal\/wp-content\/uploads\/2015\/09\/Iglesia-Santa-Filomena-2.jpg?resize=400%2C264&amp;ssl=1 400w, https:\/\/i0.wp.com\/eltrabajo.cl\/portal\/wp-content\/uploads\/2015\/09\/Iglesia-Santa-Filomena-2.jpg?w=530&amp;ssl=1 530w\" sizes=\"auto, (max-width: 300px) 100vw, 300px\" \/><\/a><figcaption id=\"caption-attachment-62124\" class=\"wp-caption-text\">Como es un monumento Nacional, ser\u00e1 el Ministerio de Obras P\u00fablicas quien determine la gravedad de los da\u00f1os.<\/figcaption><\/figure>\n<p>Aunque no quiso referirse oficialmente sobre la inspecci\u00f3n, el Director de obras hizo el recorrido que incluy\u00f3 la subida hasta lo m\u00e1s alto de la torre del campanario, demostr\u00f3, a simple vista, que los da\u00f1os eran sobre estuco y techumbre y no se apreciaron da\u00f1os estructurales.<br \/>\nSin embargo, por motivos de seguridad, se aisl\u00f3 el frontis de la iglesia y se solicitar\u00e1 una inspecci\u00f3n acuciosa por parte de expertos del Ministerio de Obras P\u00fablicas, por tratarse de un Monumento Nacional.<br \/>\n<strong>Roberto Mercado Aced<\/strong><\/p>\n","protected":false},"excerpt":{"rendered":"<p>SANTA MAR\u00cdA.- Despu\u00e9s del movimiento s\u00edsmico del d\u00eda 16 de septiembre, al clarear el d\u00eda, se pudo ver los da\u00f1os sufridos por esta hermosa iglesia que fue restaurada hace un a\u00f1o con&#8230;<\/p>\n","protected":false},"author":482,"featured_media":62123,"comment_status":"open","ping_status":"open","sticky":false,"template":"","format":"standard","meta":{"advanced_seo_description":"","jetpack_seo_html_title":"","jetpack_seo_noindex":false,"_jetpack_memberships_contains_paid_content":false,"footnotes":""},"categories":[15],"tags":[],"class_list":["post-62122","post","type-post","status-publish","format-standard","has-post-thumbnail","hentry","category-comunidad"],"jetpack_featured_media_url":"https:\/\/i0.wp.com\/eltrabajo.cl\/portal\/wp-content\/uploads\/2015\/09\/Iglesia-Santa-Filomena-1.jpg?fit=530%2C350&ssl=1","jetpack_sharing_enabled":true,"jetpack_likes_enabled":true,"jetpack-related-posts":[],"_links":{"self":[{"href":"https:\/\/eltrabajo.cl\/portal\/wp-json\/wp\/v2\/posts\/62122","targetHints":{"allow":["GET"]}}],"collection":[{"href":"https:\/\/eltrabajo.cl\/portal\/wp-json\/wp\/v2\/posts"}],"about":[{"href":"https:\/\/eltrabajo.cl\/portal\/wp-json\/wp\/v2\/types\/post"}],"author":[{"embeddable":true,"href":"https:\/\/eltrabajo.cl\/portal\/wp-json\/wp\/v2\/users\/482"}],"replies":[{"embeddable":true,"href":"https:\/\/eltrabajo.cl\/portal\/wp-json\/wp\/v2\/comments?post=62122"}],"version-history":[{"count":0,"href":"https:\/\/eltrabajo.cl\/portal\/wp-json\/wp\/v2\/posts\/62122\/revisions"}],"wp:featuredmedia":[{"embeddable":true,"href":"https:\/\/eltrabajo.cl\/portal\/wp-json\/wp\/v2\/media\/62123"}],"wp:attachment":[{"href":"https:\/\/eltrabajo.cl\/portal\/wp-json\/wp\/v2\/media?parent=62122"}],"wp:term":[{"taxonomy":"category","embeddable":true,"href":"https:\/\/eltrabajo.cl\/portal\/wp-json\/wp\/v2\/categories?post=62122"},{"taxonomy":"post_tag","embeddable":true,"href":"https:\/\/eltrabajo.cl\/portal\/wp-json\/wp\/v2\/tags?post=62122"}],"curies":[{"name":"wp","href":"https:\/\/api.w.org\/{rel}","templated":true}]}}