{"id":62126,"date":"2015-09-21T09:39:21","date_gmt":"2015-09-21T12:39:21","guid":{"rendered":"http:\/\/www.eltrabajo.cl\/portal\/?p=62126"},"modified":"2015-09-21T09:39:21","modified_gmt":"2015-09-21T12:39:21","slug":"bomberos-putaendinos-viajaron-a-salamanca-a-apoyar-labores-de-busqueda-y-rastreo","status":"publish","type":"post","link":"https:\/\/eltrabajo.cl\/portal\/bomberos-putaendinos-viajaron-a-salamanca-a-apoyar-labores-de-busqueda-y-rastreo\/","title":{"rendered":"Bomberos putaendinos viajaron a Salamanca a apoyar labores de b\u00fasqueda y rastreo"},"content":{"rendered":"<figure id=\"attachment_62127\" aria-describedby=\"caption-attachment-62127\" style=\"width: 300px\" class=\"wp-caption alignleft\"><a href=\"https:\/\/i0.wp.com\/www.eltrabajo.cl\/portal\/wp-content\/uploads\/2015\/09\/BOMBEROS-PUTAENDO.jpg\"><img data-recalc-dims=\"1\" loading=\"lazy\" decoding=\"async\" class=\"wp-image-62127 size-medium\" src=\"https:\/\/i0.wp.com\/www.eltrabajo.cl\/portal\/wp-content\/uploads\/2015\/09\/BOMBEROS-PUTAENDO-300x198.jpg?resize=300%2C198\" alt=\"Los voluntarios que viajaron a la Coquimbo Hern\u00e1n Reyes, Francisco Silva, Basti\u00e1n Llano, Efra\u00edn Lobos, Antonio Flores, Rodrigo Espinoza y Juan Vera, quienes estar\u00e1n a cargo del bombero y prevencionista de riesgos Cristian Villarroel.\" width=\"300\" height=\"198\" srcset=\"https:\/\/i0.wp.com\/eltrabajo.cl\/portal\/wp-content\/uploads\/2015\/09\/BOMBEROS-PUTAENDO.jpg?resize=300%2C198&amp;ssl=1 300w, https:\/\/i0.wp.com\/eltrabajo.cl\/portal\/wp-content\/uploads\/2015\/09\/BOMBEROS-PUTAENDO.jpg?resize=200%2C132&amp;ssl=1 200w, https:\/\/i0.wp.com\/eltrabajo.cl\/portal\/wp-content\/uploads\/2015\/09\/BOMBEROS-PUTAENDO.jpg?resize=228%2C150&amp;ssl=1 228w, https:\/\/i0.wp.com\/eltrabajo.cl\/portal\/wp-content\/uploads\/2015\/09\/BOMBEROS-PUTAENDO.jpg?resize=400%2C263&amp;ssl=1 400w, https:\/\/i0.wp.com\/eltrabajo.cl\/portal\/wp-content\/uploads\/2015\/09\/BOMBEROS-PUTAENDO.jpg?w=530&amp;ssl=1 530w\" sizes=\"auto, (max-width: 300px) 100vw, 300px\" \/><\/a><figcaption id=\"caption-attachment-62127\" class=\"wp-caption-text\">Los voluntarios que viajaron a la Coquimbo Hern\u00e1n Reyes, Francisco Silva, Basti\u00e1n Llano, Efra\u00edn Lobos, Antonio Flores, Rodrigo Espinoza y Juan Vera, quienes estar\u00e1n a cargo del bombero y prevencionista de riesgos Cristian Villarroel.<\/figcaption><\/figure>\n<p><strong>PUTAENDO<\/strong>.- Personal especializado del grupo Raem (Rescate Apoyo a Emergencias Mineras) perteneciente al Cuerpo de Bomberos de Putaendo, acudi\u00f3 hasta la Regi\u00f3n de Coquimbo, espec\u00edficamente a la comuna de Salamanca para efectuar labores de b\u00fasqueda y rastreo.<br \/>\nFrancisco Correa, 2do Comandante del Cuerpo de Bomberos de Putaendo, declar\u00f3 que la delegaci\u00f3n de ocho voluntarios especializados en rescate minero y urbano, forman parte de los 25 bomberos de la fuerza de tarea, que contempla adem\u00e1s las comunas de Cabildo y Llay \u2013 Llay, quienes permanecer\u00e1n en la comuna de Salamanca hasta el pr\u00f3ximo jueves 24 de Septiembre.<br \/>\nCorrea precis\u00f3 que luego de sobrevolar sectores monta\u00f1osos del interior de Salamanca, las autoridades de gobierno verificaron que son varias las viviendas que colapsaron tras el terremoto del pasado 16 de septiembre, motivo por el cual los efectivos bomberiles de Putaendo Llay &#8211; Llay y Cabildo ya fueron enviados a esa zona para trabajar en labores de b\u00fasqueda y rastreo de personas, bajo la coordinaci\u00f3n del Grupo Usar de Bomberos de Chile.<br \/>\nLos Bomberos de Putaendo que este domingo a primera hora viajaron hasta Salamanca son los voluntarios Hern\u00e1n Reyes, Francisco Silva, Basti\u00e1n Llano, Efra\u00edn Lobos, Antonio Flores, Rodrigo Espinoza y Juan Vera, quienes estar\u00e1n a cargo del experimentado bombero y prevencionista de riesgos Cristian Villarroel.<br \/>\nEl oficial bomberil a\u00f1adi\u00f3 que en esta ocasi\u00f3n destinaron el apoyo de la Unidad B-2, forestal 4&#215;4 que reforzar\u00e1 el trabajo del personal, agregando que los voluntarios de nuestra comuna ocupar\u00e1n todo el equipamiento de rescate en altura proporcionado por la Municipalidad de Putaendo, que les permitir\u00e1 desarrollar sus funciones sin mayores inconvenientes ni necesidad de reabastecer a lo menos durante diez d\u00edas.<br \/>\n<strong>Patricio Gallardo M.<\/strong><\/p>\n","protected":false},"excerpt":{"rendered":"<p>PUTAENDO.- Personal especializado del grupo Raem (Rescate Apoyo a Emergencias Mineras) perteneciente al Cuerpo de Bomberos de Putaendo, acudi\u00f3 hasta la Regi\u00f3n de Coquimbo, espec\u00edficamente a la comuna de Salamanca para efectuar&#8230;<\/p>\n","protected":false},"author":482,"featured_media":62127,"comment_status":"open","ping_status":"open","sticky":false,"template":"","format":"standard","meta":{"advanced_seo_description":"","jetpack_seo_html_title":"","jetpack_seo_noindex":false,"_jetpack_memberships_contains_paid_content":false,"footnotes":""},"categories":[1],"tags":[],"class_list":["post-62126","post","type-post","status-publish","format-standard","has-post-thumbnail","hentry","category-cronica"],"jetpack_featured_media_url":"https:\/\/i0.wp.com\/eltrabajo.cl\/portal\/wp-content\/uploads\/2015\/09\/BOMBEROS-PUTAENDO.jpg?fit=530%2C349&ssl=1","jetpack_sharing_enabled":true,"jetpack_likes_enabled":true,"jetpack-related-posts":[],"_links":{"self":[{"href":"https:\/\/eltrabajo.cl\/portal\/wp-json\/wp\/v2\/posts\/62126","targetHints":{"allow":["GET"]}}],"collection":[{"href":"https:\/\/eltrabajo.cl\/portal\/wp-json\/wp\/v2\/posts"}],"about":[{"href":"https:\/\/eltrabajo.cl\/portal\/wp-json\/wp\/v2\/types\/post"}],"author":[{"embeddable":true,"href":"https:\/\/eltrabajo.cl\/portal\/wp-json\/wp\/v2\/users\/482"}],"replies":[{"embeddable":true,"href":"https:\/\/eltrabajo.cl\/portal\/wp-json\/wp\/v2\/comments?post=62126"}],"version-history":[{"count":0,"href":"https:\/\/eltrabajo.cl\/portal\/wp-json\/wp\/v2\/posts\/62126\/revisions"}],"wp:featuredmedia":[{"embeddable":true,"href":"https:\/\/eltrabajo.cl\/portal\/wp-json\/wp\/v2\/media\/62127"}],"wp:attachment":[{"href":"https:\/\/eltrabajo.cl\/portal\/wp-json\/wp\/v2\/media?parent=62126"}],"wp:term":[{"taxonomy":"category","embeddable":true,"href":"https:\/\/eltrabajo.cl\/portal\/wp-json\/wp\/v2\/categories?post=62126"},{"taxonomy":"post_tag","embeddable":true,"href":"https:\/\/eltrabajo.cl\/portal\/wp-json\/wp\/v2\/tags?post=62126"}],"curies":[{"name":"wp","href":"https:\/\/api.w.org\/{rel}","templated":true}]}}