{"id":62129,"date":"2015-09-21T09:41:00","date_gmt":"2015-09-21T12:41:00","guid":{"rendered":"http:\/\/www.eltrabajo.cl\/portal\/?p=62129"},"modified":"2015-09-21T09:41:00","modified_gmt":"2015-09-21T12:41:00","slug":"realizan-dialogos-para-nueva-politica-deportiva-en-llay-llay","status":"publish","type":"post","link":"https:\/\/eltrabajo.cl\/portal\/realizan-dialogos-para-nueva-politica-deportiva-en-llay-llay\/","title":{"rendered":"Realizan di\u00e1logos para nueva pol\u00edtica deportiva en Llay Llay"},"content":{"rendered":"<figure id=\"attachment_62130\" aria-describedby=\"caption-attachment-62130\" style=\"width: 300px\" class=\"wp-caption alignleft\"><a href=\"https:\/\/i0.wp.com\/www.eltrabajo.cl\/portal\/wp-content\/uploads\/2015\/09\/Reunion-IND.jpg\"><img data-recalc-dims=\"1\" loading=\"lazy\" decoding=\"async\" class=\"wp-image-62130 size-medium\" src=\"https:\/\/i0.wp.com\/www.eltrabajo.cl\/portal\/wp-content\/uploads\/2015\/09\/Reunion-IND-300x198.jpg?resize=300%2C198\" alt=\"En el Liceo Polit\u00e9cnico, realizaron una charla con la comunidad el Seremi de Deporte Daniel Duclos, el Gobernador Eduardo Le\u00f3n y el Director Regional de IND, V\u00edctor Torres y el Concejal Patricio Dur\u00e1n.\" width=\"300\" height=\"198\" srcset=\"https:\/\/i0.wp.com\/eltrabajo.cl\/portal\/wp-content\/uploads\/2015\/09\/Reunion-IND.jpg?resize=300%2C198&amp;ssl=1 300w, https:\/\/i0.wp.com\/eltrabajo.cl\/portal\/wp-content\/uploads\/2015\/09\/Reunion-IND.jpg?resize=200%2C132&amp;ssl=1 200w, https:\/\/i0.wp.com\/eltrabajo.cl\/portal\/wp-content\/uploads\/2015\/09\/Reunion-IND.jpg?resize=227%2C150&amp;ssl=1 227w, https:\/\/i0.wp.com\/eltrabajo.cl\/portal\/wp-content\/uploads\/2015\/09\/Reunion-IND.jpg?resize=400%2C264&amp;ssl=1 400w, https:\/\/i0.wp.com\/eltrabajo.cl\/portal\/wp-content\/uploads\/2015\/09\/Reunion-IND.jpg?w=530&amp;ssl=1 530w\" sizes=\"auto, (max-width: 300px) 100vw, 300px\" \/><\/a><figcaption id=\"caption-attachment-62130\" class=\"wp-caption-text\">En el Liceo Polit\u00e9cnico, realizaron una charla con la comunidad el Seremi de Deporte Daniel Duclos, el Gobernador Eduardo Le\u00f3n y el Director Regional de IND, V\u00edctor Torres y el Concejal Patricio Dur\u00e1n.<\/figcaption><\/figure>\n<p>La actividad se llev\u00f3 a cabo en el Liceo Polit\u00e9cnico y permiti\u00f3 conocer la opini\u00f3n de la comunidad sobre las necesidades deportivas en su comuna.<\/p>\n<p>Hasta la comuna de Llay Llay, espec\u00edficamente al Liceo Polit\u00e9cnico, arribaron el Seremi de Deporte Daniel Duclos, el Gobernador Eduardo Le\u00f3n y el Director Regional de IND, V\u00edctor Torres y el Concejal Patricio Dur\u00e1n, para iniciar el di\u00e1logo con la comunidad sobre reflexi\u00f3n deportiva y recreativa para Chile en el marco de la nueva pol\u00edtica del deporte que busca modernizar la actual que data del 2002 y que ha sido preponderante para el Gobierno de la Presidenta Bachelet.<br \/>\nLa intenci\u00f3n es recoger informaci\u00f3n desde las comunidades locales, para establecer esta nueva carta de navegaci\u00f3n en cuanto al Deporte, el que se desarrollar\u00e1, en una primera instancia, con una pol\u00edtica nacional decenal (10 a\u00f1os), en segundo plano, un plan regional y en una \u00faltima etapa, que se estima para 2017, se realizar\u00e1n planificaciones comunales de deporte junto a los municipios para fortalecer los planes de desarrollo que el Ministerio de Deporte est\u00e1 instaurando.<br \/>\nEl Gobernador Eduardo Le\u00f3n, se mostr\u00f3 conforme con la realizaci\u00f3n de esta importante iniciativa que en la Provincia han sido dos comunas beneficiadas con estos di\u00e1logos -San Felipe y Llay Llay- de un universo de 24 a nivel regional. \u201cLa actual pol\u00edtica nacional del deporte ya tiene mucho tiempo y el Gobierno de la Presidenta Bachelet ha decidido renovarla de manera participativa. El mundo y nuestro pa\u00eds est\u00e1 muy diverso en cuanto a las necesidades deportivas y esta pol\u00edtica se realizar\u00e1 haciendo di\u00e1logos en casi la mitad de las comunas de todo Chile. En nuestra Provincia est\u00e1 San Felipe y Llay Llay, as\u00ed que agradecemos a quienes han venido a participar\u201d, puntualiz\u00f3 la actividad.<br \/>\nEn tanto, el Director Regional de IND, V\u00edctor Torres, \u201cnecesitamos saber qu\u00e9 es lo que la gente quiere. Las cosas han cambiado y hay que volver a preguntarle a la gente. Es una oportunidad \u00fanica para que la gente opine que es lo que quiere para su comuna. Esta informaci\u00f3n ser\u00e1 clave para la pol\u00edtica nacional, donde se pretende la participaci\u00f3n de 10 mil personas y una vez que se realice eso, van a haber espacios para que se discuta lo necesario para cada comuna en unos a\u00f1os m\u00e1s\u201d, se\u00f1al\u00f3.<br \/>\nLos participantes pudieron compartir y debatir ideas en torno a ejes tem\u00e1ticos: descentralizaci\u00f3n pol\u00edtica, descentralizaci\u00f3n administrativa, descentralizaci\u00f3n fiscal, fortalecimiento de las capacidades locales y regionales participaci\u00f3n y control democr\u00e1tico, sustentabilidad e innovaci\u00f3n territorial.<br \/>\nEn tanto, las autoridades manifestaron que las propuestas que finalmente sean integradas en la agenda a entregar a la Presidenta de la Rep\u00fablica Michelle Bachelet, permitir\u00e1n identificar necesidades a incorporar en las pol\u00edticas de deporte tanto a nivel regional como nacional.<\/p>\n","protected":false},"excerpt":{"rendered":"<p>La actividad se llev\u00f3 a cabo en el Liceo Polit\u00e9cnico y permiti\u00f3 conocer la opini\u00f3n de la comunidad sobre las necesidades deportivas en su comuna. Hasta la comuna de Llay Llay, espec\u00edficamente&#8230;<\/p>\n","protected":false},"author":482,"featured_media":62130,"comment_status":"open","ping_status":"open","sticky":false,"template":"","format":"standard","meta":{"advanced_seo_description":"","jetpack_seo_html_title":"","jetpack_seo_noindex":false,"_jetpack_memberships_contains_paid_content":false,"footnotes":""},"categories":[1],"tags":[],"class_list":["post-62129","post","type-post","status-publish","format-standard","has-post-thumbnail","hentry","category-cronica"],"jetpack_featured_media_url":"https:\/\/i0.wp.com\/eltrabajo.cl\/portal\/wp-content\/uploads\/2015\/09\/Reunion-IND.jpg?fit=530%2C350&ssl=1","jetpack_sharing_enabled":true,"jetpack_likes_enabled":true,"jetpack-related-posts":[],"_links":{"self":[{"href":"https:\/\/eltrabajo.cl\/portal\/wp-json\/wp\/v2\/posts\/62129","targetHints":{"allow":["GET"]}}],"collection":[{"href":"https:\/\/eltrabajo.cl\/portal\/wp-json\/wp\/v2\/posts"}],"about":[{"href":"https:\/\/eltrabajo.cl\/portal\/wp-json\/wp\/v2\/types\/post"}],"author":[{"embeddable":true,"href":"https:\/\/eltrabajo.cl\/portal\/wp-json\/wp\/v2\/users\/482"}],"replies":[{"embeddable":true,"href":"https:\/\/eltrabajo.cl\/portal\/wp-json\/wp\/v2\/comments?post=62129"}],"version-history":[{"count":0,"href":"https:\/\/eltrabajo.cl\/portal\/wp-json\/wp\/v2\/posts\/62129\/revisions"}],"wp:featuredmedia":[{"embeddable":true,"href":"https:\/\/eltrabajo.cl\/portal\/wp-json\/wp\/v2\/media\/62130"}],"wp:attachment":[{"href":"https:\/\/eltrabajo.cl\/portal\/wp-json\/wp\/v2\/media?parent=62129"}],"wp:term":[{"taxonomy":"category","embeddable":true,"href":"https:\/\/eltrabajo.cl\/portal\/wp-json\/wp\/v2\/categories?post=62129"},{"taxonomy":"post_tag","embeddable":true,"href":"https:\/\/eltrabajo.cl\/portal\/wp-json\/wp\/v2\/tags?post=62129"}],"curies":[{"name":"wp","href":"https:\/\/api.w.org\/{rel}","templated":true}]}}