{"id":62132,"date":"2015-09-21T09:44:42","date_gmt":"2015-09-21T12:44:42","guid":{"rendered":"http:\/\/www.eltrabajo.cl\/portal\/?p=62132"},"modified":"2015-09-21T09:44:42","modified_gmt":"2015-09-21T12:44:42","slug":"minero-relata-odisea-vivida-a-300-m-de-profundidad-durante-terremoto","status":"publish","type":"post","link":"https:\/\/eltrabajo.cl\/portal\/minero-relata-odisea-vivida-a-300-m-de-profundidad-durante-terremoto\/","title":{"rendered":"Minero relata odisea vivida a 300 m. de profundidad durante terremoto"},"content":{"rendered":"<figure id=\"attachment_62133\" aria-describedby=\"caption-attachment-62133\" style=\"width: 300px\" class=\"wp-caption alignleft\"><a href=\"https:\/\/i0.wp.com\/www.eltrabajo.cl\/portal\/wp-content\/uploads\/2015\/09\/MINERO-LUIS-TORRIJO.jpg\"><img data-recalc-dims=\"1\" loading=\"lazy\" decoding=\"async\" class=\"wp-image-62133 size-medium\" src=\"https:\/\/i0.wp.com\/www.eltrabajo.cl\/portal\/wp-content\/uploads\/2015\/09\/MINERO-LUIS-TORRIJO-300x198.jpg?resize=300%2C198\" alt=\"Minero Luis Torrijo: \u00abMe ubiqu\u00e9 en un espacio del cerro en la mina mientras ca\u00edan enormes piedras durante el terremoto\u00bb\" width=\"300\" height=\"198\" srcset=\"https:\/\/i0.wp.com\/eltrabajo.cl\/portal\/wp-content\/uploads\/2015\/09\/MINERO-LUIS-TORRIJO.jpg?resize=300%2C198&amp;ssl=1 300w, https:\/\/i0.wp.com\/eltrabajo.cl\/portal\/wp-content\/uploads\/2015\/09\/MINERO-LUIS-TORRIJO.jpg?resize=200%2C132&amp;ssl=1 200w, https:\/\/i0.wp.com\/eltrabajo.cl\/portal\/wp-content\/uploads\/2015\/09\/MINERO-LUIS-TORRIJO.jpg?resize=227%2C150&amp;ssl=1 227w, https:\/\/i0.wp.com\/eltrabajo.cl\/portal\/wp-content\/uploads\/2015\/09\/MINERO-LUIS-TORRIJO.jpg?resize=400%2C264&amp;ssl=1 400w, https:\/\/i0.wp.com\/eltrabajo.cl\/portal\/wp-content\/uploads\/2015\/09\/MINERO-LUIS-TORRIJO.jpg?w=530&amp;ssl=1 530w\" sizes=\"auto, (max-width: 300px) 100vw, 300px\" \/><\/a><figcaption id=\"caption-attachment-62133\" class=\"wp-caption-text\">Minero Luis Torrijo: \u00abMe ubiqu\u00e9 en un espacio del cerro en la mina mientras ca\u00edan enormes piedras durante el terremoto\u00bb<\/figcaption><\/figure>\n<p><strong>PUTAENDO<\/strong>.- El conocido minero y vecino de Las Compuertas en Quebrada Herrera, Luis Torrijo, relat\u00f3 los dif\u00edciles momentos vividos durante el terremoto del mi\u00e9rcoles al interior de la Mina La Leona, situada en El Arenal.<br \/>\nEl protagonista de esta historia narr\u00f3 que estaba trabajando solo al interior de la mina a unos 300 metros de profundidad en l\u00ednea recta, cuando se dio cuenta por el ruido del cerro que estaba comenzando a temblar, lo que en un principio pens\u00f3 se tratar\u00eda de un sismo m\u00e1s, sin embargo al percatarse de la magnitud del movimiento tel\u00farico y que comenzaban a caer grandes piedras, decidi\u00f3 refugiarse en un peque\u00f1o espacio existente en una de las laderas del cerro, acci\u00f3n que le permiti\u00f3 protegerse de las grandes piedras que pasaban por su lado.<\/p>\n<figure id=\"attachment_62134\" aria-describedby=\"caption-attachment-62134\" style=\"width: 300px\" class=\"wp-caption alignright\"><a href=\"https:\/\/i0.wp.com\/www.eltrabajo.cl\/portal\/wp-content\/uploads\/2015\/09\/PIEDRAS-CARRETERA-PUTAENDO-CABILDO-1.jpg\"><img data-recalc-dims=\"1\" loading=\"lazy\" decoding=\"async\" class=\"wp-image-62134 size-medium\" src=\"https:\/\/i0.wp.com\/www.eltrabajo.cl\/portal\/wp-content\/uploads\/2015\/09\/PIEDRAS-CARRETERA-PUTAENDO-CABILDO-1-300x198.jpg?resize=300%2C198\" alt=\"La magnitud del terrremoto fue tal que bloque\u00f3 el camino a Cabildo con enormes piedras que cayeron a la ruta.\" width=\"300\" height=\"198\" srcset=\"https:\/\/i0.wp.com\/eltrabajo.cl\/portal\/wp-content\/uploads\/2015\/09\/PIEDRAS-CARRETERA-PUTAENDO-CABILDO-1.jpg?resize=300%2C198&amp;ssl=1 300w, https:\/\/i0.wp.com\/eltrabajo.cl\/portal\/wp-content\/uploads\/2015\/09\/PIEDRAS-CARRETERA-PUTAENDO-CABILDO-1.jpg?resize=200%2C132&amp;ssl=1 200w, https:\/\/i0.wp.com\/eltrabajo.cl\/portal\/wp-content\/uploads\/2015\/09\/PIEDRAS-CARRETERA-PUTAENDO-CABILDO-1.jpg?resize=227%2C150&amp;ssl=1 227w, https:\/\/i0.wp.com\/eltrabajo.cl\/portal\/wp-content\/uploads\/2015\/09\/PIEDRAS-CARRETERA-PUTAENDO-CABILDO-1.jpg?resize=400%2C264&amp;ssl=1 400w, https:\/\/i0.wp.com\/eltrabajo.cl\/portal\/wp-content\/uploads\/2015\/09\/PIEDRAS-CARRETERA-PUTAENDO-CABILDO-1.jpg?w=530&amp;ssl=1 530w\" sizes=\"auto, (max-width: 300px) 100vw, 300px\" \/><\/a><figcaption id=\"caption-attachment-62134\" class=\"wp-caption-text\">La magnitud del terrremoto fue tal que bloque\u00f3 el camino a Cabildo con enormes piedras que cayeron a la ruta.<\/figcaption><\/figure>\n<p>\u00abEl terremoto de 1985 lo viv\u00ed dentro de una mina en Illapel, pero lo de ahora fue realmente incre\u00edble, ver como se corr\u00eda el cerro fue algo sencillamente maravilloso, pero muy peligroso, y yo sab\u00eda que en ese lugar estar\u00eda seguro, porque es roca firme y es imposible que se cayera (\u2026) las piedras pasaban por mi lado y el ruido era infernal, pero siempre supe que no me pasar\u00eda nada porque soy un hombre muy creyente y cuando ingreso a la mina siempre le pido a dios por mis trabajadores y por m\u00ed\u00bb, asegur\u00f3 Luis Torrijo.<br \/>\nTorrijo en la actualidad tiene 79 a\u00f1os y desde los 14 se desempe\u00f1a en el rubro minero, por lo que al referirse a la experiencia que le toc\u00f3 vivir, expresa que ya transcurrido el terremoto, determin\u00f3 quedarse en el refugio y no arriesgarse a un eventual derrumbe intentando salir del lugar, aunque manten\u00eda como segunda alternativa evacuar por una chimenea.<br \/>\nEn este sentido Luis Torrijo declar\u00f3 que por una medida de seguridad cuando ingresa a la mina cierra con llave la puerta de la mina pues en el \u00faltimo tiempo le han robado herramientas y que su hija junto con otro joven que ocasionalmente trabaja tambi\u00e9n en la mina, derribaron la puerta e ingresaron, a lo que se sum\u00f3 tambi\u00e9n Carabineros.<br \/>\nEl afectado se\u00f1al\u00f3 que los derrumbes que hab\u00eda al interior de la mina eran antiguos, pero que efectivamente pudo haber otros por la fuerza del terremoto.<br \/>\n<strong>Patricio Gallardo M.<\/strong><\/p>\n","protected":false},"excerpt":{"rendered":"<p>PUTAENDO.- El conocido minero y vecino de Las Compuertas en Quebrada Herrera, Luis Torrijo, relat\u00f3 los dif\u00edciles momentos vividos durante el terremoto del mi\u00e9rcoles al interior de la Mina La Leona, situada&#8230;<\/p>\n","protected":false},"author":482,"featured_media":62133,"comment_status":"open","ping_status":"open","sticky":false,"template":"","format":"standard","meta":{"advanced_seo_description":"","jetpack_seo_html_title":"","jetpack_seo_noindex":false,"_jetpack_memberships_contains_paid_content":false,"footnotes":""},"categories":[15],"tags":[],"class_list":["post-62132","post","type-post","status-publish","format-standard","has-post-thumbnail","hentry","category-comunidad"],"jetpack_featured_media_url":"https:\/\/i0.wp.com\/eltrabajo.cl\/portal\/wp-content\/uploads\/2015\/09\/MINERO-LUIS-TORRIJO.jpg?fit=530%2C350&ssl=1","jetpack_sharing_enabled":true,"jetpack_likes_enabled":true,"jetpack-related-posts":[],"_links":{"self":[{"href":"https:\/\/eltrabajo.cl\/portal\/wp-json\/wp\/v2\/posts\/62132","targetHints":{"allow":["GET"]}}],"collection":[{"href":"https:\/\/eltrabajo.cl\/portal\/wp-json\/wp\/v2\/posts"}],"about":[{"href":"https:\/\/eltrabajo.cl\/portal\/wp-json\/wp\/v2\/types\/post"}],"author":[{"embeddable":true,"href":"https:\/\/eltrabajo.cl\/portal\/wp-json\/wp\/v2\/users\/482"}],"replies":[{"embeddable":true,"href":"https:\/\/eltrabajo.cl\/portal\/wp-json\/wp\/v2\/comments?post=62132"}],"version-history":[{"count":0,"href":"https:\/\/eltrabajo.cl\/portal\/wp-json\/wp\/v2\/posts\/62132\/revisions"}],"wp:featuredmedia":[{"embeddable":true,"href":"https:\/\/eltrabajo.cl\/portal\/wp-json\/wp\/v2\/media\/62133"}],"wp:attachment":[{"href":"https:\/\/eltrabajo.cl\/portal\/wp-json\/wp\/v2\/media?parent=62132"}],"wp:term":[{"taxonomy":"category","embeddable":true,"href":"https:\/\/eltrabajo.cl\/portal\/wp-json\/wp\/v2\/categories?post=62132"},{"taxonomy":"post_tag","embeddable":true,"href":"https:\/\/eltrabajo.cl\/portal\/wp-json\/wp\/v2\/tags?post=62132"}],"curies":[{"name":"wp","href":"https:\/\/api.w.org\/{rel}","templated":true}]}}