{"id":62136,"date":"2015-09-21T09:47:27","date_gmt":"2015-09-21T12:47:27","guid":{"rendered":"http:\/\/www.eltrabajo.cl\/portal\/?p=62136"},"modified":"2015-09-21T09:47:27","modified_gmt":"2015-09-21T12:47:27","slug":"confirman-responsabilidad-de-motociclista-fallecido-en-accidente-en-enrique-de-la-fuente","status":"publish","type":"post","link":"https:\/\/eltrabajo.cl\/portal\/confirman-responsabilidad-de-motociclista-fallecido-en-accidente-en-enrique-de-la-fuente\/","title":{"rendered":"Confirman responsabilidad de motociclista fallecido en accidente en Enrique de la Fuente"},"content":{"rendered":"<figure id=\"attachment_62137\" aria-describedby=\"caption-attachment-62137\" style=\"width: 300px\" class=\"wp-caption alignleft\"><a href=\"https:\/\/i0.wp.com\/www.eltrabajo.cl\/portal\/wp-content\/uploads\/2015\/09\/moto_peugeot111.jpg\"><img data-recalc-dims=\"1\" loading=\"lazy\" decoding=\"async\" class=\"wp-image-62137 size-medium\" src=\"https:\/\/i0.wp.com\/www.eltrabajo.cl\/portal\/wp-content\/uploads\/2015\/09\/moto_peugeot111-300x198.jpg?resize=300%2C198\" alt=\"El motociclista fallecido identificado como Miguel \u00c1ngel Porras Hern\u00e1ndez se habr\u00eda cruzado en la calzada lo que provoc\u00f3 el fatal accidente. \" width=\"300\" height=\"198\" srcset=\"https:\/\/i0.wp.com\/eltrabajo.cl\/portal\/wp-content\/uploads\/2015\/09\/moto_peugeot111.jpg?resize=300%2C198&amp;ssl=1 300w, https:\/\/i0.wp.com\/eltrabajo.cl\/portal\/wp-content\/uploads\/2015\/09\/moto_peugeot111.jpg?resize=200%2C132&amp;ssl=1 200w, https:\/\/i0.wp.com\/eltrabajo.cl\/portal\/wp-content\/uploads\/2015\/09\/moto_peugeot111.jpg?resize=228%2C150&amp;ssl=1 228w, https:\/\/i0.wp.com\/eltrabajo.cl\/portal\/wp-content\/uploads\/2015\/09\/moto_peugeot111.jpg?resize=400%2C263&amp;ssl=1 400w, https:\/\/i0.wp.com\/eltrabajo.cl\/portal\/wp-content\/uploads\/2015\/09\/moto_peugeot111.jpg?w=530&amp;ssl=1 530w\" sizes=\"auto, (max-width: 300px) 100vw, 300px\" \/><\/a><figcaption id=\"caption-attachment-62137\" class=\"wp-caption-text\">El motociclista fallecido identificado como Miguel \u00c1ngel Porras Hern\u00e1ndez se habr\u00eda cruzado en la calzada lo que provoc\u00f3 el fatal accidente.<\/figcaption><\/figure>\n<ul>\n<li><strong>Persecutor ratific\u00f3 que el conductor del auto iba en normal estado de temperancia y circulando por su pista cuando fue impactado por el veh\u00edculo menor.<\/strong><\/li>\n<\/ul>\n<p><strong>LOS ANDES.-<\/strong> Tras los peritajes iniciales de la SIAT de Carabineros, el fiscal Osvaldo Basso confirm\u00f3 que el motociclista que result\u00f3 fallecido en la colisi\u00f3n frontal con un autom\u00f3vil la tarde del jueves en avenida Enrique de la Fuente, fue quien traspas\u00f3 el eje central de la calzada y gener\u00f3 este accidente.<br \/>\n\u201cSe est\u00e1 investigando la causa basal de este accidente y por eso se dispuso la concurrencia de la SIAT, pero lo cierto es que se trabaja sobre una hip\u00f3tesis, que es la m\u00e1s probable, en la que el motociclista habr\u00eda traspasado el eje central de la calzada y colision\u00f3 de frente al veh\u00edculo que ven\u00eda en sentido contrario\u201d, explic\u00f3.<br \/>\nEl persecutor manifest\u00f3 que el conductor del autom\u00f3vil Peugeot Juan Carlos Carre\u00f1o lo hac\u00eda en normal estado de temperancia, \u201craz\u00f3n por la cual de verificarse y comprobarse esta causa basal con el informe pertinente de la SIAT y las alcoholemias de rigor, se tomar\u00e1n las decisiones pertinentes respecto a este caso\u201d.<br \/>\nBasso remarc\u00f3 adem\u00e1s que el conductor del autom\u00f3vil siempre permaneci\u00f3 en el lugar conforme a lo que establece la Ley Emilia, \u201clleg\u00f3 Carabineros, prest\u00f3 declaraci\u00f3n, se hizo la alcoholemia, dio su versi\u00f3n a la polic\u00eda que es la que nosotros tambi\u00e9n estamos dando y que ha sido la que ha sido corroborada por testigos que vieron el accidente\u201d.<br \/>\nEl fiscal dijo adem\u00e1s que esperan contar con el informe de autopsia y ex\u00e1menes complementarios al cuerpo del motociclista Miguel \u00c1ngel Porras Hern\u00e1ndez para determinar si este se encontraba bajo los efectos del alcohol o estado de ebriedad.<\/p>\n","protected":false},"excerpt":{"rendered":"<p>Persecutor ratific\u00f3 que el conductor del auto iba en normal estado de temperancia y circulando por su pista cuando fue impactado por el veh\u00edculo menor. LOS ANDES.- Tras los peritajes iniciales de&#8230;<\/p>\n","protected":false},"author":482,"featured_media":62137,"comment_status":"open","ping_status":"open","sticky":false,"template":"","format":"standard","meta":{"advanced_seo_description":"","jetpack_seo_html_title":"","jetpack_seo_noindex":false,"_jetpack_memberships_contains_paid_content":false,"footnotes":""},"categories":[21],"tags":[],"class_list":["post-62136","post","type-post","status-publish","format-standard","has-post-thumbnail","hentry","category-policial"],"jetpack_featured_media_url":"https:\/\/i0.wp.com\/eltrabajo.cl\/portal\/wp-content\/uploads\/2015\/09\/moto_peugeot111.jpg?fit=530%2C349&ssl=1","jetpack_sharing_enabled":true,"jetpack_likes_enabled":true,"jetpack-related-posts":[],"_links":{"self":[{"href":"https:\/\/eltrabajo.cl\/portal\/wp-json\/wp\/v2\/posts\/62136","targetHints":{"allow":["GET"]}}],"collection":[{"href":"https:\/\/eltrabajo.cl\/portal\/wp-json\/wp\/v2\/posts"}],"about":[{"href":"https:\/\/eltrabajo.cl\/portal\/wp-json\/wp\/v2\/types\/post"}],"author":[{"embeddable":true,"href":"https:\/\/eltrabajo.cl\/portal\/wp-json\/wp\/v2\/users\/482"}],"replies":[{"embeddable":true,"href":"https:\/\/eltrabajo.cl\/portal\/wp-json\/wp\/v2\/comments?post=62136"}],"version-history":[{"count":0,"href":"https:\/\/eltrabajo.cl\/portal\/wp-json\/wp\/v2\/posts\/62136\/revisions"}],"wp:featuredmedia":[{"embeddable":true,"href":"https:\/\/eltrabajo.cl\/portal\/wp-json\/wp\/v2\/media\/62137"}],"wp:attachment":[{"href":"https:\/\/eltrabajo.cl\/portal\/wp-json\/wp\/v2\/media?parent=62136"}],"wp:term":[{"taxonomy":"category","embeddable":true,"href":"https:\/\/eltrabajo.cl\/portal\/wp-json\/wp\/v2\/categories?post=62136"},{"taxonomy":"post_tag","embeddable":true,"href":"https:\/\/eltrabajo.cl\/portal\/wp-json\/wp\/v2\/tags?post=62136"}],"curies":[{"name":"wp","href":"https:\/\/api.w.org\/{rel}","templated":true}]}}