{"id":62139,"date":"2015-09-21T09:49:22","date_gmt":"2015-09-21T12:49:22","guid":{"rendered":"http:\/\/www.eltrabajo.cl\/portal\/?p=62139"},"modified":"2015-09-21T09:49:22","modified_gmt":"2015-09-21T12:49:22","slug":"carabinero-herido-tras-ser-atropellado-por-adolescente-en-moto-robada","status":"publish","type":"post","link":"https:\/\/eltrabajo.cl\/portal\/carabinero-herido-tras-ser-atropellado-por-adolescente-en-moto-robada\/","title":{"rendered":"Carabinero herido tras ser atropellado por adolescente en moto robada"},"content":{"rendered":"<figure id=\"attachment_62140\" aria-describedby=\"caption-attachment-62140\" style=\"width: 300px\" class=\"wp-caption alignleft\"><a href=\"https:\/\/i0.wp.com\/www.eltrabajo.cl\/portal\/wp-content\/uploads\/2015\/09\/ADOLESCENTE-DETENIDO-2.jpg\"><img data-recalc-dims=\"1\" loading=\"lazy\" decoding=\"async\" class=\"wp-image-62140 size-medium\" src=\"https:\/\/i0.wp.com\/www.eltrabajo.cl\/portal\/wp-content\/uploads\/2015\/09\/ADOLESCENTE-DETENIDO-2-300x197.jpg?resize=300%2C197\" alt=\"El adolescente de 17 a\u00f1os circulaba en una motocicleta encargada por robo atropellando al Carabinero que realizaba controles vehiculares en la comuna de Llay Llay.\" width=\"300\" height=\"197\" srcset=\"https:\/\/i0.wp.com\/eltrabajo.cl\/portal\/wp-content\/uploads\/2015\/09\/ADOLESCENTE-DETENIDO-2.jpg?resize=300%2C197&amp;ssl=1 300w, https:\/\/i0.wp.com\/eltrabajo.cl\/portal\/wp-content\/uploads\/2015\/09\/ADOLESCENTE-DETENIDO-2.jpg?resize=200%2C131&amp;ssl=1 200w, https:\/\/i0.wp.com\/eltrabajo.cl\/portal\/wp-content\/uploads\/2015\/09\/ADOLESCENTE-DETENIDO-2.jpg?resize=228%2C150&amp;ssl=1 228w, https:\/\/i0.wp.com\/eltrabajo.cl\/portal\/wp-content\/uploads\/2015\/09\/ADOLESCENTE-DETENIDO-2.jpg?resize=400%2C263&amp;ssl=1 400w, https:\/\/i0.wp.com\/eltrabajo.cl\/portal\/wp-content\/uploads\/2015\/09\/ADOLESCENTE-DETENIDO-2.jpg?w=530&amp;ssl=1 530w\" sizes=\"auto, (max-width: 300px) 100vw, 300px\" \/><\/a><figcaption id=\"caption-attachment-62140\" class=\"wp-caption-text\">El adolescente de 17 a\u00f1os circulaba en una motocicleta encargada por robo atropellando al Carabinero que realizaba controles vehiculares en la comuna de Llay Llay.<\/figcaption><\/figure>\n<ul>\n<li><strong>Este 18 de septiembre, el funcionario policial realizaba controles vehiculares en la comuna de Llay Llay cuando fue embestido por el motociclista que result\u00f3 ser un adolescente de 17 a\u00f1os de edad que fue detenido.<\/strong><\/li>\n<\/ul>\n<p>Con fractura en uno de sus dedos de la mano y m\u00faltiples erosiones en su cuerpo de car\u00e1cter grave, result\u00f3 un funcionario de Carabineros quien qued\u00f3 literalmente tendido sobre la calzada, luego de ser embestido por un motociclista que intentaba eludir un control policial este 18 de septiembre en la comuna de Llay Llay.<br \/>\nEl hecho se produjo a eso de las 18:35 horas, en los momentos que efectivos de la Subcomisar\u00eda de esa localidad realizaba patrullajes preventivos en el sector rural Las Pe\u00f1as. Los oficiales interceptaron al conductor de una motocicleta que se movilizaba sin las placas patentes, quien al realizar una mala maniobra, atropell\u00f3 al carabinero que se encontraba con su indumentaria reflectante realizando fiscalizaciones, provocando que ambos cayeran sobre el pavimento resultando heridos.<br \/>\nA ra\u00edz de estos hechos, otros funcionarios de Carabineros interceptaron al conductor del m\u00f3vil estableciendo que se trataba de un menor de 17 a\u00f1os de edad identificado con las iniciales C.P.L.H. quien se encontraba en normal estado de temperancia alcoh\u00f3lica, sin mantener documentaci\u00f3n del veh\u00edculo ni licencia de conducir.<br \/>\nAdem\u00e1s, Carabineros inform\u00f3 que la motocicleta registraba un encargo por robo, el pasado 3 de agosto en la comuna de San Felipe, por lo cual el adolescente fue detenido por los cargos de receptaci\u00f3n y cuasidelito de lesiones graves en contra del funcionario policial, quien debi\u00f3 ser conducido hasta un centro asistencial para tratar sus lesiones, sin riesgo vital.<br \/>\nEl detenido qued\u00f3 a disposici\u00f3n de la Fiscal\u00eda para ser procesado luego de practicarle el control de detenci\u00f3n el Juzgado de Garant\u00eda de San Felipe. Por su parte el Capit\u00e1n de Carabineros Felipe Maureira, lament\u00f3 el hecho ocurrido al funcionario precisando que \u201cla comunidad debe actuar con mayor responsabilidad en la conducci\u00f3n de veh\u00edculos. Sin embargo la presencia de Carabineros seguir\u00e1 presente en la ciudadan\u00eda con el fin de evitar la ocurrencia de delitos\u201d.<br \/>\n<strong>Pablo Salinas Sald\u00edas<\/strong><\/p>\n","protected":false},"excerpt":{"rendered":"<p>Este 18 de septiembre, el funcionario policial realizaba controles vehiculares en la comuna de Llay Llay cuando fue embestido por el motociclista que result\u00f3 ser un adolescente de 17 a\u00f1os de edad&#8230;<\/p>\n","protected":false},"author":482,"featured_media":62140,"comment_status":"open","ping_status":"open","sticky":false,"template":"","format":"standard","meta":{"advanced_seo_description":"","jetpack_seo_html_title":"","jetpack_seo_noindex":false,"_jetpack_memberships_contains_paid_content":false,"footnotes":""},"categories":[21],"tags":[],"class_list":["post-62139","post","type-post","status-publish","format-standard","has-post-thumbnail","hentry","category-policial"],"jetpack_featured_media_url":"https:\/\/i0.wp.com\/eltrabajo.cl\/portal\/wp-content\/uploads\/2015\/09\/ADOLESCENTE-DETENIDO-2.jpg?fit=530%2C348&ssl=1","jetpack_sharing_enabled":true,"jetpack_likes_enabled":true,"jetpack-related-posts":[],"_links":{"self":[{"href":"https:\/\/eltrabajo.cl\/portal\/wp-json\/wp\/v2\/posts\/62139","targetHints":{"allow":["GET"]}}],"collection":[{"href":"https:\/\/eltrabajo.cl\/portal\/wp-json\/wp\/v2\/posts"}],"about":[{"href":"https:\/\/eltrabajo.cl\/portal\/wp-json\/wp\/v2\/types\/post"}],"author":[{"embeddable":true,"href":"https:\/\/eltrabajo.cl\/portal\/wp-json\/wp\/v2\/users\/482"}],"replies":[{"embeddable":true,"href":"https:\/\/eltrabajo.cl\/portal\/wp-json\/wp\/v2\/comments?post=62139"}],"version-history":[{"count":0,"href":"https:\/\/eltrabajo.cl\/portal\/wp-json\/wp\/v2\/posts\/62139\/revisions"}],"wp:featuredmedia":[{"embeddable":true,"href":"https:\/\/eltrabajo.cl\/portal\/wp-json\/wp\/v2\/media\/62140"}],"wp:attachment":[{"href":"https:\/\/eltrabajo.cl\/portal\/wp-json\/wp\/v2\/media?parent=62139"}],"wp:term":[{"taxonomy":"category","embeddable":true,"href":"https:\/\/eltrabajo.cl\/portal\/wp-json\/wp\/v2\/categories?post=62139"},{"taxonomy":"post_tag","embeddable":true,"href":"https:\/\/eltrabajo.cl\/portal\/wp-json\/wp\/v2\/tags?post=62139"}],"curies":[{"name":"wp","href":"https:\/\/api.w.org\/{rel}","templated":true}]}}