{"id":62142,"date":"2015-09-21T09:50:33","date_gmt":"2015-09-21T12:50:33","guid":{"rendered":"http:\/\/www.eltrabajo.cl\/portal\/?p=62142"},"modified":"2015-09-21T09:51:12","modified_gmt":"2015-09-21T12:51:12","slug":"de-un-escopetazo-adulto-mayor-de-64-anos-se-quita-la-vida-en-sector-la-troya","status":"publish","type":"post","link":"https:\/\/eltrabajo.cl\/portal\/de-un-escopetazo-adulto-mayor-de-64-anos-se-quita-la-vida-en-sector-la-troya\/","title":{"rendered":"De un escopetazo adulto mayor de 64 a\u00f1os se quita la vida en sector La Troya"},"content":{"rendered":"<figure id=\"attachment_62143\" aria-describedby=\"caption-attachment-62143\" style=\"width: 300px\" class=\"wp-caption alignleft\"><a href=\"https:\/\/i0.wp.com\/www.eltrabajo.cl\/portal\/wp-content\/uploads\/2015\/09\/ruben-ojeda.jpg\"><img data-recalc-dims=\"1\" loading=\"lazy\" decoding=\"async\" class=\"wp-image-62143 size-medium\" src=\"https:\/\/i0.wp.com\/www.eltrabajo.cl\/portal\/wp-content\/uploads\/2015\/09\/ruben-ojeda-300x198.jpg?resize=300%2C198\" alt=\"El occiso fue identificado como Rub\u00e9n Ojeda L\u00f3pez (64), quien se quit\u00f3 la vida porque sufr\u00eda aparentemente de un cuadro depresivo producto de sus enfermedades.\" width=\"300\" height=\"198\" srcset=\"https:\/\/i0.wp.com\/eltrabajo.cl\/portal\/wp-content\/uploads\/2015\/09\/ruben-ojeda.jpg?resize=300%2C198&amp;ssl=1 300w, https:\/\/i0.wp.com\/eltrabajo.cl\/portal\/wp-content\/uploads\/2015\/09\/ruben-ojeda.jpg?resize=200%2C132&amp;ssl=1 200w, https:\/\/i0.wp.com\/eltrabajo.cl\/portal\/wp-content\/uploads\/2015\/09\/ruben-ojeda.jpg?resize=227%2C150&amp;ssl=1 227w, https:\/\/i0.wp.com\/eltrabajo.cl\/portal\/wp-content\/uploads\/2015\/09\/ruben-ojeda.jpg?resize=400%2C264&amp;ssl=1 400w, https:\/\/i0.wp.com\/eltrabajo.cl\/portal\/wp-content\/uploads\/2015\/09\/ruben-ojeda.jpg?w=530&amp;ssl=1 530w\" sizes=\"auto, (max-width: 300px) 100vw, 300px\" \/><\/a><figcaption id=\"caption-attachment-62143\" class=\"wp-caption-text\">El occiso fue identificado como Rub\u00e9n Ojeda L\u00f3pez (64), quien se quit\u00f3 la vida porque sufr\u00eda aparentemente de un cuadro depresivo producto de sus enfermedades.<\/figcaption><\/figure>\n<ul>\n<li><strong>La tragedia fue descubierta por su esposa quien encontr\u00f3 el cuerpo de su c\u00f3nyuge muerto con una herida a bala en su cabeza de tipo suicida, provocada por un cuadro depresivo producto de sus enfermedades diagnosticadas.<\/strong><\/li>\n<\/ul>\n<p>Agobiado por un cuadro depresivo por el diagn\u00f3stico m\u00e9dico de c\u00e1ncer pulmonar, un hombre mayor de 64 a\u00f1os de edad identificado como Rub\u00e9n Ojeda L\u00f3pez, acab\u00f3 con su vida disparando una escopeta sobre su cuello, caus\u00e1ndose una herida que le provoc\u00f3 un traumatismo enc\u00e9falo craneano de tipo suicida, cuando se encontraba en su residencia en calle Salvador Gallardo del sector La Troya de San Felipe.<br \/>\nEl tr\u00e1gico hecho ocurri\u00f3 a eso de las 09:00 horas de la ma\u00f1ana del jueves 17 de septiembre, cuando su esposa escuch\u00f3 el disparo y al ir a ver descubri\u00f3 a su esposo herido al interior del ba\u00f1o de la vivienda, debiendo requerir auxilio de Carabineros y personal del Samu, quienes constataron el fallecimiento inmediato del conocido vecino de La Troya.<br \/>\nAnte la gravedad de la situaci\u00f3n, el fiscal de turno orden\u00f3 las diligencias de rigor a la Brigada de Homicidios de la Polic\u00eda de Investigaciones de Los Andes, que tras periciar externamente el cuerpo, en primera instancia descart\u00f3 intervenci\u00f3n de terceras personas.<br \/>\nDe acuerdo a las primeras investigaciones policiales, Rub\u00e9n Ojeda era ox\u00edgeno dependiente y hace unas semanas hab\u00eda sido diagnosticado de c\u00e1ncer pulmonar por lo que estaba al cuidado de su esposa. La situaci\u00f3n lo mantuvo en un estado depresivo y aquella ma\u00f1ana se habr\u00eda levantado de su cama, tomando en sus manos una escopeta calibre 12, la cual dispar\u00f3 sobre su cuello caus\u00e1ndose una grave herida que atraves\u00f3 su cabeza, caus\u00e1ndole la muerte de manera instant\u00e1nea.<br \/>\n\u201cSe constat\u00f3 que esta persona ten\u00eda una herida producida por un arma de fuego en la regi\u00f3n del cuello con salida de proyectil provocando un TEC por un proyectil bal\u00edstico del tipo suicida. Las razones aparentemente ser\u00edan por un cuadro depresivo dado a que era una persona enferma ox\u00edgeno dependiente y hace unas semanas fue diagnosticado de c\u00e1ncer pulmonar con met\u00e1stasis en el cerebro, se descarta la intervenci\u00f3n de terceras personas\u201d, inform\u00f3 a diario El Trabajo, el Subcomisario de Investigaciones, Hern\u00e1n Garc\u00eda.<br \/>\nPosterior a las labores del Laboratorio de Criminal\u00edstica de la PDI, el cuerpo fue derivado hasta el Servicio M\u00e9dico Legal para la correspondiente autopsia de rigor.<br \/>\n<strong>Pablo Salinas Sald\u00edas<\/strong><\/p>\n","protected":false},"excerpt":{"rendered":"<p>La tragedia fue descubierta por su esposa quien encontr\u00f3 el cuerpo de su c\u00f3nyuge muerto con una herida a bala en su cabeza de tipo suicida, provocada por un cuadro depresivo producto&#8230;<\/p>\n","protected":false},"author":482,"featured_media":62143,"comment_status":"open","ping_status":"open","sticky":false,"template":"","format":"standard","meta":{"advanced_seo_description":"","jetpack_seo_html_title":"","jetpack_seo_noindex":false,"_jetpack_memberships_contains_paid_content":false,"footnotes":""},"categories":[21],"tags":[],"class_list":["post-62142","post","type-post","status-publish","format-standard","has-post-thumbnail","hentry","category-policial"],"jetpack_featured_media_url":"https:\/\/i0.wp.com\/eltrabajo.cl\/portal\/wp-content\/uploads\/2015\/09\/ruben-ojeda.jpg?fit=530%2C350&ssl=1","jetpack_sharing_enabled":true,"jetpack_likes_enabled":true,"jetpack-related-posts":[],"_links":{"self":[{"href":"https:\/\/eltrabajo.cl\/portal\/wp-json\/wp\/v2\/posts\/62142","targetHints":{"allow":["GET"]}}],"collection":[{"href":"https:\/\/eltrabajo.cl\/portal\/wp-json\/wp\/v2\/posts"}],"about":[{"href":"https:\/\/eltrabajo.cl\/portal\/wp-json\/wp\/v2\/types\/post"}],"author":[{"embeddable":true,"href":"https:\/\/eltrabajo.cl\/portal\/wp-json\/wp\/v2\/users\/482"}],"replies":[{"embeddable":true,"href":"https:\/\/eltrabajo.cl\/portal\/wp-json\/wp\/v2\/comments?post=62142"}],"version-history":[{"count":0,"href":"https:\/\/eltrabajo.cl\/portal\/wp-json\/wp\/v2\/posts\/62142\/revisions"}],"wp:featuredmedia":[{"embeddable":true,"href":"https:\/\/eltrabajo.cl\/portal\/wp-json\/wp\/v2\/media\/62143"}],"wp:attachment":[{"href":"https:\/\/eltrabajo.cl\/portal\/wp-json\/wp\/v2\/media?parent=62142"}],"wp:term":[{"taxonomy":"category","embeddable":true,"href":"https:\/\/eltrabajo.cl\/portal\/wp-json\/wp\/v2\/categories?post=62142"},{"taxonomy":"post_tag","embeddable":true,"href":"https:\/\/eltrabajo.cl\/portal\/wp-json\/wp\/v2\/tags?post=62142"}],"curies":[{"name":"wp","href":"https:\/\/api.w.org\/{rel}","templated":true}]}}