{"id":62146,"date":"2015-09-21T09:52:10","date_gmt":"2015-09-21T12:52:10","guid":{"rendered":"http:\/\/www.eltrabajo.cl\/portal\/?p=62146"},"modified":"2015-09-21T09:52:10","modified_gmt":"2015-09-21T12:52:10","slug":"violador-de-su-pequena-hija-pasara-doce-anos-en-la-carcel","status":"publish","type":"post","link":"https:\/\/eltrabajo.cl\/portal\/violador-de-su-pequena-hija-pasara-doce-anos-en-la-carcel\/","title":{"rendered":"Violador de su peque\u00f1a hija pasar\u00e1 doce a\u00f1os en la c\u00e1rcel"},"content":{"rendered":"<figure id=\"attachment_62147\" aria-describedby=\"caption-attachment-62147\" style=\"width: 300px\" class=\"wp-caption alignleft\"><a href=\"https:\/\/i0.wp.com\/www.eltrabajo.cl\/portal\/wp-content\/uploads\/2015\/09\/ABEL-RIQUELME-JARA1.jpg\"><img data-recalc-dims=\"1\" loading=\"lazy\" decoding=\"async\" class=\"wp-image-62147 size-medium\" src=\"https:\/\/i0.wp.com\/www.eltrabajo.cl\/portal\/wp-content\/uploads\/2015\/09\/ABEL-RIQUELME-JARA1-300x199.jpg?resize=300%2C199\" alt=\"El condenado deber\u00e1 pagar sus cr\u00edmenes durante 12 a\u00f1os en la c\u00e1rcel tras la sentencia que emiti\u00f3 el Tribunal Oral en Lo Penal de San Felipe que lo consider\u00f3 culpable de abusos sexuales y violaci\u00f3n reiterada a su hija de 12 a\u00f1os.\" width=\"300\" height=\"199\" srcset=\"https:\/\/i0.wp.com\/eltrabajo.cl\/portal\/wp-content\/uploads\/2015\/09\/ABEL-RIQUELME-JARA1.jpg?resize=300%2C199&amp;ssl=1 300w, https:\/\/i0.wp.com\/eltrabajo.cl\/portal\/wp-content\/uploads\/2015\/09\/ABEL-RIQUELME-JARA1.jpg?resize=200%2C133&amp;ssl=1 200w, https:\/\/i0.wp.com\/eltrabajo.cl\/portal\/wp-content\/uploads\/2015\/09\/ABEL-RIQUELME-JARA1.jpg?resize=226%2C150&amp;ssl=1 226w, https:\/\/i0.wp.com\/eltrabajo.cl\/portal\/wp-content\/uploads\/2015\/09\/ABEL-RIQUELME-JARA1.jpg?resize=400%2C265&amp;ssl=1 400w, https:\/\/i0.wp.com\/eltrabajo.cl\/portal\/wp-content\/uploads\/2015\/09\/ABEL-RIQUELME-JARA1.jpg?w=528&amp;ssl=1 528w\" sizes=\"auto, (max-width: 300px) 100vw, 300px\" \/><\/a><figcaption id=\"caption-attachment-62147\" class=\"wp-caption-text\">El condenado deber\u00e1 pagar sus cr\u00edmenes durante 12 a\u00f1os en la c\u00e1rcel tras la sentencia que emiti\u00f3 el Tribunal Oral en Lo Penal de San Felipe que lo consider\u00f3 culpable de abusos sexuales y violaci\u00f3n reiterada a su hija de 12 a\u00f1os.<\/figcaption><\/figure>\n<ul>\n<li><strong>El Tribunal Oral en Lo Penal de San Felipe lo conden\u00f3 a una pena \u00fanica de 12 a\u00f1os de c\u00e1rcel efectiva por sus cr\u00edmenes en la Villa El Salitre de Llay Llay.<\/strong><\/li>\n<\/ul>\n<p>A doce a\u00f1os de c\u00e1rcel fue sentenciado por el Tribunal Oral en Lo Penal de San Felipe, Abel Esteban Riquelme Jara, por los delitos de abuso sexual y violaci\u00f3n reiterada a su peque\u00f1a hija desde que ten\u00eda 6 a\u00f1os de edad, delitos que fueron reconocidos por el imputado durante el juicio oral.<br \/>\nEl Ministerio P\u00fablico de San Felipe acus\u00f3 a Riquelme Jara por los hechos ocurridos el 19 de octubre de 2014, cuando hasta ese entonces resid\u00eda junto a su esposa y dos hijos mellizos de 12 a\u00f1os de edad; siendo su hija v\u00edctima de las atrocidades cometidas por el condenado, sometiendo a la menor a abusos deshonestos y violaciones reiteradas por seis a\u00f1os consecutivos, seg\u00fan se pudo conocer por los escabrosos detalles que revel\u00f3 la ni\u00f1a.<br \/>\nLos cr\u00edmenes cometidos quedaron al descubierto cuando este sujeto se alcoholiz\u00f3 en un restor\u00e1n acompa\u00f1ado por sus dos hijos. Al cabo de unas horas, al retornar a su vivienda, completamente ebrio inici\u00f3 una discusi\u00f3n con su esposa a quien agredi\u00f3 a golpes y amenaz\u00f3 con un cuchillo en el cuello, provocando temor en sus hijos quienes presenciaban el enfrentamiento.<br \/>\nLa madre de los menores, al lograr zafarse de los brazos de su esposo atacante, se dirigi\u00f3 de inmediato hasta la Subcomisar\u00eda de Carabineros para denunciar los hechos, dejando a los ni\u00f1os con su padre, quien aprovechando la ocasi\u00f3n, viol\u00f3 a su hija de 12 a\u00f1os mientras que a su otro hijo le orden\u00f3 previamente salir hasta el antejard\u00edn de la vivienda.<br \/>\nMomentos m\u00e1s tarde concurri\u00f3 personal de Carabineros junto a la madre de los peque\u00f1os, y donde su hija cansada de los abusos deshonestos, revel\u00f3 los actos a los que fue sometida durante a\u00f1os por su padre. La polic\u00eda uniformada procedi\u00f3 a su detenci\u00f3n para ser formalizado por la Fiscal\u00eda quedando por orden del Tribunal de Garant\u00eda en prisi\u00f3n preventiva.<br \/>\nLa Fiscal de Delitos Sexuales, Daniela Quevedo Henr\u00edquez, luego de una rigurosa investigaci\u00f3n y de pericias psicol\u00f3gicas realizadas por organismos competentes, logr\u00f3 demostrar en juicio oral la culpabilidad de este individuo entregando los antecedentes al Tribunal Oral en Lo Penal quien finalmente lo conden\u00f3 por los delitos de abuso sexual, violaci\u00f3n reiterada, lesiones menos graves y amenazas a una pena \u00fanica de 12 a\u00f1os de c\u00e1rcel efectiva por estos aberrantes actos.<br \/>\n<strong>Pablo Salinas Sald\u00edas<\/strong><\/p>\n","protected":false},"excerpt":{"rendered":"<p>El Tribunal Oral en Lo Penal de San Felipe lo conden\u00f3 a una pena \u00fanica de 12 a\u00f1os de c\u00e1rcel efectiva por sus cr\u00edmenes en la Villa El Salitre de Llay Llay&#8230;.<\/p>\n","protected":false},"author":482,"featured_media":62147,"comment_status":"open","ping_status":"open","sticky":false,"template":"","format":"standard","meta":{"advanced_seo_description":"","jetpack_seo_html_title":"","jetpack_seo_noindex":false,"_jetpack_memberships_contains_paid_content":false,"footnotes":""},"categories":[21],"tags":[],"class_list":["post-62146","post","type-post","status-publish","format-standard","has-post-thumbnail","hentry","category-policial"],"jetpack_featured_media_url":"https:\/\/i0.wp.com\/eltrabajo.cl\/portal\/wp-content\/uploads\/2015\/09\/ABEL-RIQUELME-JARA1.jpg?fit=528%2C350&ssl=1","jetpack_sharing_enabled":true,"jetpack_likes_enabled":true,"jetpack-related-posts":[],"_links":{"self":[{"href":"https:\/\/eltrabajo.cl\/portal\/wp-json\/wp\/v2\/posts\/62146","targetHints":{"allow":["GET"]}}],"collection":[{"href":"https:\/\/eltrabajo.cl\/portal\/wp-json\/wp\/v2\/posts"}],"about":[{"href":"https:\/\/eltrabajo.cl\/portal\/wp-json\/wp\/v2\/types\/post"}],"author":[{"embeddable":true,"href":"https:\/\/eltrabajo.cl\/portal\/wp-json\/wp\/v2\/users\/482"}],"replies":[{"embeddable":true,"href":"https:\/\/eltrabajo.cl\/portal\/wp-json\/wp\/v2\/comments?post=62146"}],"version-history":[{"count":0,"href":"https:\/\/eltrabajo.cl\/portal\/wp-json\/wp\/v2\/posts\/62146\/revisions"}],"wp:featuredmedia":[{"embeddable":true,"href":"https:\/\/eltrabajo.cl\/portal\/wp-json\/wp\/v2\/media\/62147"}],"wp:attachment":[{"href":"https:\/\/eltrabajo.cl\/portal\/wp-json\/wp\/v2\/media?parent=62146"}],"wp:term":[{"taxonomy":"category","embeddable":true,"href":"https:\/\/eltrabajo.cl\/portal\/wp-json\/wp\/v2\/categories?post=62146"},{"taxonomy":"post_tag","embeddable":true,"href":"https:\/\/eltrabajo.cl\/portal\/wp-json\/wp\/v2\/tags?post=62146"}],"curies":[{"name":"wp","href":"https:\/\/api.w.org\/{rel}","templated":true}]}}