{"id":62154,"date":"2015-09-22T09:30:40","date_gmt":"2015-09-22T12:30:40","guid":{"rendered":"http:\/\/www.eltrabajo.cl\/portal\/?p=62154"},"modified":"2015-09-22T09:30:40","modified_gmt":"2015-09-22T12:30:40","slug":"estudiantes-reciben-1-000-chaquetas-institucionales","status":"publish","type":"post","link":"https:\/\/eltrabajo.cl\/portal\/estudiantes-reciben-1-000-chaquetas-institucionales\/","title":{"rendered":"Estudiantes reciben 1.000 chaquetas institucionales"},"content":{"rendered":"<figure id=\"attachment_62155\" aria-describedby=\"caption-attachment-62155\" style=\"width: 300px\" class=\"wp-caption alignleft\"><a href=\"https:\/\/i0.wp.com\/www.eltrabajo.cl\/portal\/wp-content\/uploads\/2015\/09\/Chaquetas1.jpg\"><img data-recalc-dims=\"1\" loading=\"lazy\" decoding=\"async\" class=\"wp-image-62155 size-medium\" src=\"https:\/\/i0.wp.com\/www.eltrabajo.cl\/portal\/wp-content\/uploads\/2015\/09\/Chaquetas1-300x198.jpg?resize=300%2C198\" alt=\"CHAQUETAS NUEVAS.- El director del Liceo Dar\u00edo Salas, muestra a Diario El Trabajo parte de las chaquetas recibidas para sus estudiantes.\" width=\"300\" height=\"198\" srcset=\"https:\/\/i0.wp.com\/eltrabajo.cl\/portal\/wp-content\/uploads\/2015\/09\/Chaquetas1.jpg?resize=300%2C198&amp;ssl=1 300w, https:\/\/i0.wp.com\/eltrabajo.cl\/portal\/wp-content\/uploads\/2015\/09\/Chaquetas1.jpg?resize=200%2C132&amp;ssl=1 200w, https:\/\/i0.wp.com\/eltrabajo.cl\/portal\/wp-content\/uploads\/2015\/09\/Chaquetas1.jpg?resize=228%2C150&amp;ssl=1 228w, https:\/\/i0.wp.com\/eltrabajo.cl\/portal\/wp-content\/uploads\/2015\/09\/Chaquetas1.jpg?resize=400%2C263&amp;ssl=1 400w, https:\/\/i0.wp.com\/eltrabajo.cl\/portal\/wp-content\/uploads\/2015\/09\/Chaquetas1.jpg?w=530&amp;ssl=1 530w\" sizes=\"auto, (max-width: 300px) 100vw, 300px\" \/><\/a><figcaption id=\"caption-attachment-62155\" class=\"wp-caption-text\">CHAQUETAS NUEVAS.- El director del Liceo Dar\u00edo Salas, muestra a Diario El Trabajo parte de las chaquetas recibidas para sus estudiantes.<\/figcaption><\/figure>\n<p>Los alumnos de las escuelas municipalizadas de Santa Mar\u00eda y del Liceo Dar\u00edo Salas estaban muy contentos, luego que recibieran el aporte municipal traducido en 1.000 chaquetas institucionales. En esta oportunidad el evento se realiz\u00f3 en las dependencias del Liceo Dar\u00edo Salas, promoviendo la institucionalidad para lograr en los alumnos el sentido de pertenencia con sus instituciones educativas.<br \/>\nEl alcalde Claudio Zurita aprovech\u00f3 la instancia que le permit\u00eda el Proyecto Fagem y Pro-retenci\u00f3n, pues en uno de sus objetivos implement\u00f3 esta estrategia institucional, \u00abesto permitir\u00e1 que los alumnos se identifiquen con sus respectivos establecimientos, adem\u00e1s de entregar mayor uniformidad a los alumnos, es un premio para los padres, ya que ellos ahorran estos dinero pudiendo destinar los mismos a otros objetivos familiares. Esperamos repetir si hay alg\u00fan proyecto, la misma estrategia el a\u00f1o siguiente\u00bb, dijo Zurita.<br \/>\nWalter Arancibia, director del Liceo, indic\u00f3 que la chaqueta es de muy buena calidad en dise\u00f1o y confecci\u00f3n, por lo que hace un llamado al cuidado y buen uso de la misma.<br \/>\n<strong>Roberto Gonz\u00e1lez Short<\/strong><br \/>\n<strong>rgonzalez@eltrabajo.cl<\/strong><\/p>\n","protected":false},"excerpt":{"rendered":"<p>Los alumnos de las escuelas municipalizadas de Santa Mar\u00eda y del Liceo Dar\u00edo Salas estaban muy contentos, luego que recibieran el aporte municipal traducido en 1.000 chaquetas institucionales. En esta oportunidad el&#8230;<\/p>\n","protected":false},"author":482,"featured_media":62155,"comment_status":"open","ping_status":"open","sticky":false,"template":"","format":"standard","meta":{"advanced_seo_description":"","jetpack_seo_html_title":"","jetpack_seo_noindex":false,"_jetpack_memberships_contains_paid_content":false,"footnotes":""},"categories":[15],"tags":[],"class_list":["post-62154","post","type-post","status-publish","format-standard","has-post-thumbnail","hentry","category-comunidad"],"jetpack_featured_media_url":"https:\/\/i0.wp.com\/eltrabajo.cl\/portal\/wp-content\/uploads\/2015\/09\/Chaquetas1.jpg?fit=530%2C349&ssl=1","jetpack_sharing_enabled":true,"jetpack_likes_enabled":true,"jetpack-related-posts":[],"_links":{"self":[{"href":"https:\/\/eltrabajo.cl\/portal\/wp-json\/wp\/v2\/posts\/62154","targetHints":{"allow":["GET"]}}],"collection":[{"href":"https:\/\/eltrabajo.cl\/portal\/wp-json\/wp\/v2\/posts"}],"about":[{"href":"https:\/\/eltrabajo.cl\/portal\/wp-json\/wp\/v2\/types\/post"}],"author":[{"embeddable":true,"href":"https:\/\/eltrabajo.cl\/portal\/wp-json\/wp\/v2\/users\/482"}],"replies":[{"embeddable":true,"href":"https:\/\/eltrabajo.cl\/portal\/wp-json\/wp\/v2\/comments?post=62154"}],"version-history":[{"count":0,"href":"https:\/\/eltrabajo.cl\/portal\/wp-json\/wp\/v2\/posts\/62154\/revisions"}],"wp:featuredmedia":[{"embeddable":true,"href":"https:\/\/eltrabajo.cl\/portal\/wp-json\/wp\/v2\/media\/62155"}],"wp:attachment":[{"href":"https:\/\/eltrabajo.cl\/portal\/wp-json\/wp\/v2\/media?parent=62154"}],"wp:term":[{"taxonomy":"category","embeddable":true,"href":"https:\/\/eltrabajo.cl\/portal\/wp-json\/wp\/v2\/categories?post=62154"},{"taxonomy":"post_tag","embeddable":true,"href":"https:\/\/eltrabajo.cl\/portal\/wp-json\/wp\/v2\/tags?post=62154"}],"curies":[{"name":"wp","href":"https:\/\/api.w.org\/{rel}","templated":true}]}}