{"id":62157,"date":"2015-09-22T09:32:22","date_gmt":"2015-09-22T12:32:22","guid":{"rendered":"http:\/\/www.eltrabajo.cl\/portal\/?p=62157"},"modified":"2015-09-22T09:32:22","modified_gmt":"2015-09-22T12:32:22","slug":"sancionan-con-5-utm-a-carniceria-sanfelipena-por-no-respetar-feriados-irrenunciables","status":"publish","type":"post","link":"https:\/\/eltrabajo.cl\/portal\/sancionan-con-5-utm-a-carniceria-sanfelipena-por-no-respetar-feriados-irrenunciables\/","title":{"rendered":"Sancionan con 5 UTM a carnicer\u00eda sanfelipe\u00f1a por no respetar feriados irrenunciables"},"content":{"rendered":"<figure id=\"attachment_62158\" aria-describedby=\"caption-attachment-62158\" style=\"width: 300px\" class=\"wp-caption alignleft\"><a href=\"https:\/\/i0.wp.com\/www.eltrabajo.cl\/portal\/wp-content\/uploads\/2015\/09\/Carniceria.jpg\"><img data-recalc-dims=\"1\" loading=\"lazy\" decoding=\"async\" class=\"wp-image-62158 size-medium\" src=\"https:\/\/i0.wp.com\/www.eltrabajo.cl\/portal\/wp-content\/uploads\/2015\/09\/Carniceria-300x197.jpg?resize=300%2C197\" alt=\"Solo una carnicer\u00eda sanfelipe\u00f1a fue multada con 5 UTM por mantener con turnos habituales a cinco trabajadores. (Foto referencial)\" width=\"300\" height=\"197\" srcset=\"https:\/\/i0.wp.com\/eltrabajo.cl\/portal\/wp-content\/uploads\/2015\/09\/Carniceria.jpg?resize=300%2C197&amp;ssl=1 300w, https:\/\/i0.wp.com\/eltrabajo.cl\/portal\/wp-content\/uploads\/2015\/09\/Carniceria.jpg?resize=200%2C131&amp;ssl=1 200w, https:\/\/i0.wp.com\/eltrabajo.cl\/portal\/wp-content\/uploads\/2015\/09\/Carniceria.jpg?resize=228%2C150&amp;ssl=1 228w, https:\/\/i0.wp.com\/eltrabajo.cl\/portal\/wp-content\/uploads\/2015\/09\/Carniceria.jpg?resize=400%2C263&amp;ssl=1 400w, https:\/\/i0.wp.com\/eltrabajo.cl\/portal\/wp-content\/uploads\/2015\/09\/Carniceria.jpg?w=530&amp;ssl=1 530w\" sizes=\"auto, (max-width: 300px) 100vw, 300px\" \/><\/a><figcaption id=\"caption-attachment-62158\" class=\"wp-caption-text\">Solo una carnicer\u00eda sanfelipe\u00f1a fue multada con 5 UTM por mantener con turnos habituales a cinco trabajadores. (Foto referencial)<\/figcaption><\/figure>\n<p>Un positivo balance sobre el cumplimiento de los empleadores de la regi\u00f3n efectuaron las autoridades del trabajo este lunes, ya que no se registraron denuncias formales por incumplimiento a esta normativa, durante los d\u00edas 18 y 19 de septiembre; sin embargo, se pudo constatar en terreno que una carnicer\u00eda en San Felipe manten\u00eda con turnos habituales a cinco trabajadores, local que fue sancionado por incumplimiento a la normativa que rige al comercio, y se le curs\u00f3 una multa de 5 UTM.<br \/>\nAs\u00ed lo confirm\u00f3 el Director Regional del Trabajo, Jorge Andreucic, quien confirm\u00f3 que, tras un primer informe emanado por la entidad fiscalizadora, no se registraron denuncias formales por incumplimiento en los derechos de los trabajadores.<br \/>\n\u201cSe cumplieron las normativas respecto a los feriados irrenunciables de los trabajadores, salvo un caso que detectamos en San Felipe, donde en una carnicer\u00eda se encontraron a cinco trabajadores laburando, y se tom\u00f3 inmediatamente la resoluci\u00f3n, se sancion\u00f3 a la carnicer\u00eda, pero en general estuvo tranquilo el panorama, no obstante que dentro de la semana pueden seguir llegando m\u00e1s denuncias por hechos que desconocemos, por lo que estaremos atentos a ello\u201d, se\u00f1al\u00f3.<br \/>\nEn tanto, la Seremi del Trabajo y Previsi\u00f3n Social, Karen Medina, destac\u00f3 que la carencia de denuncias sobre incumplimientos a la ley en materia de feriados irrenunciables hasta la fecha, indican una tendencia positiva de los empleadores a otorgar este derecho de descanso adicional para quienes cumplen labores en el comercio.<br \/>\n\u201cEs una noticia positiva en la regi\u00f3n, porque deja de manifiesto que en materia de cumplimiento a la ley y respeto a los derechos de los trabajadores en materia de feriados irrenunciables, estamos ante una recepci\u00f3n positiva y por cierto, ante buenas pr\u00e1cticas laborales de quienes acogieron el llamado a respetar lo que se indicaba durante estas fiestas patrias\u201d, concluy\u00f3 la autoridad laboral.<\/p>\n","protected":false},"excerpt":{"rendered":"<p>Un positivo balance sobre el cumplimiento de los empleadores de la regi\u00f3n efectuaron las autoridades del trabajo este lunes, ya que no se registraron denuncias formales por incumplimiento a esta normativa, durante&#8230;<\/p>\n","protected":false},"author":482,"featured_media":62158,"comment_status":"open","ping_status":"open","sticky":false,"template":"","format":"standard","meta":{"advanced_seo_description":"","jetpack_seo_html_title":"","jetpack_seo_noindex":false,"_jetpack_memberships_contains_paid_content":false,"footnotes":""},"categories":[15],"tags":[],"class_list":["post-62157","post","type-post","status-publish","format-standard","has-post-thumbnail","hentry","category-comunidad"],"jetpack_featured_media_url":"https:\/\/i0.wp.com\/eltrabajo.cl\/portal\/wp-content\/uploads\/2015\/09\/Carniceria.jpg?fit=530%2C348&ssl=1","jetpack_sharing_enabled":true,"jetpack_likes_enabled":true,"jetpack-related-posts":[],"_links":{"self":[{"href":"https:\/\/eltrabajo.cl\/portal\/wp-json\/wp\/v2\/posts\/62157","targetHints":{"allow":["GET"]}}],"collection":[{"href":"https:\/\/eltrabajo.cl\/portal\/wp-json\/wp\/v2\/posts"}],"about":[{"href":"https:\/\/eltrabajo.cl\/portal\/wp-json\/wp\/v2\/types\/post"}],"author":[{"embeddable":true,"href":"https:\/\/eltrabajo.cl\/portal\/wp-json\/wp\/v2\/users\/482"}],"replies":[{"embeddable":true,"href":"https:\/\/eltrabajo.cl\/portal\/wp-json\/wp\/v2\/comments?post=62157"}],"version-history":[{"count":0,"href":"https:\/\/eltrabajo.cl\/portal\/wp-json\/wp\/v2\/posts\/62157\/revisions"}],"wp:featuredmedia":[{"embeddable":true,"href":"https:\/\/eltrabajo.cl\/portal\/wp-json\/wp\/v2\/media\/62158"}],"wp:attachment":[{"href":"https:\/\/eltrabajo.cl\/portal\/wp-json\/wp\/v2\/media?parent=62157"}],"wp:term":[{"taxonomy":"category","embeddable":true,"href":"https:\/\/eltrabajo.cl\/portal\/wp-json\/wp\/v2\/categories?post=62157"},{"taxonomy":"post_tag","embeddable":true,"href":"https:\/\/eltrabajo.cl\/portal\/wp-json\/wp\/v2\/tags?post=62157"}],"curies":[{"name":"wp","href":"https:\/\/api.w.org\/{rel}","templated":true}]}}